{"id":12465,"date":"2016-07-01T10:32:29","date_gmt":"2016-07-01T14:32:29","guid":{"rendered":"http:\/\/10.100.150.187\/renfa\/?p=12465"},"modified":"2016-07-01T11:04:45","modified_gmt":"2016-07-01T15:04:45","slug":"finalizan-jornadas-de-capacitacion-2014-para-fiscalizadores","status":"publish","type":"post","link":"https:\/\/renfa.sma.gob.cl\/index.php\/2016\/07\/01\/finalizan-jornadas-de-capacitacion-2014-para-fiscalizadores\/","title":{"rendered":"Finalizan jornadas de capacitaci\u00f3n 2014 para fiscalizadores"},"content":{"rendered":"<p style=\"text-align: justify;\"><strong>Los profesionales de la SMA se dieron cita para evaluar el trabajo 2014 y proyectar el del pr\u00f3ximo a\u00f1o. A la vez, contaron con charlas de los organismos miembros de la Red Nacional de Fiscalizaci\u00f3n Ambiental, como SAG, Directemar y Minsal.<\/strong><\/p>\n<p style=\"text-align: justify;\"><!--more--><\/p>\n<p style=\"text-align: justify;\"><strong>Jueves 02 de octubre de 2014.<\/strong> \u201cEste fue un encuentro muy fruct\u00edfero, donde pudimos discutir los principales problemas que hemos tenido este a\u00f1o, los aciertos y los desaf\u00edos que vendr\u00e1n en materia de fiscalizaci\u00f3n para el pr\u00f3ximo a\u00f1o. Todo esto enmarcado en el proceso de Planificaci\u00f3n Estrat\u00e9gica que est\u00e1 liderado el Superintendente Franz\u201d. Con estas palabras, el jefe de la Divisi\u00f3n de Fiscalizaci\u00f3n de la SMA, Rub\u00e9n Verdugo, puso fin al segundo encuentro anual de los profesionales de esa repartici\u00f3n de la Superintendencia.<\/p>\n<p style=\"text-align: justify;\">El evento, que se llev\u00f3 a cabo en tres jornadas, permiti\u00f3 discutir sobre los temas de mayor relevancia para la divisi\u00f3n: la Fiscalizaci\u00f3n Ambiental Estrat\u00e9gica, procedimientos de denuncias, coordinaci\u00f3n con otros servicios del Estado, etc.<\/p>\n<p style=\"text-align: justify;\">Para tener una relaci\u00f3n m\u00e1s fluida y entender los procesos internos de otros organismos, en el evento participaron encargadas del \u00e1rea de fiscalizaci\u00f3n ambiental del Servicio Agr\u00edcola y Ganadero (SAG), de la Direcci\u00f3n General de Territorio Mar\u00edtimo (Directemar) y del Ministerio de Salud (Minsal). Las profesionales expusieron los principales logros obtenidos al alero de la fiscalizaci\u00f3n conjunta con la SMA, como as\u00ed tambi\u00e9n las complejidades del nuevo procedimiento de fiscalizaci\u00f3n y sanci\u00f3n.<\/p>\n<p style=\"text-align: justify;\">\u201cPara nosotros fue crucial contar con su participaci\u00f3n, pues con esto se va fortaleciendo la Red Nacional de Fiscalizaci\u00f3n Ambiental (RENFA), compuesta por 15 organismos p\u00fablicos, y que ayuda a descentralizar las funciones en todas las regiones del pa\u00eds, con un s\u00f3lo objetivo principal: lograr una mejor detecci\u00f3n de los incumplimientos ambientales en Chile\u201d, sentenci\u00f3 Verdugo.<\/p>\n","protected":false},"excerpt":{"rendered":"<p>Los profesionales de la SMA se dieron cita para evaluar el trabajo 2014 y proyectar el del pr\u00f3ximo a\u00f1o. A la vez, contaron con charlas de los organismos miembros de la Red Nacional de Fiscalizaci\u00f3n Ambiental, como SAG, Directemar y Minsal.<\/p>\n","protected":false},"author":1,"featured_media":12479,"comment_status":"open","ping_status":"open","sticky":false,"template":"","format":"standard","meta":{"footnotes":""},"categories":[42],"tags":[],"_links":{"self":[{"href":"https:\/\/renfa.sma.gob.cl\/index.php\/wp-json\/wp\/v2\/posts\/12465"}],"collection":[{"href":"https:\/\/renfa.sma.gob.cl\/index.php\/wp-json\/wp\/v2\/posts"}],"about":[{"href":"https:\/\/renfa.sma.gob.cl\/index.php\/wp-json\/wp\/v2\/types\/post"}],"author":[{"embeddable":true,"href":"https:\/\/renfa.sma.gob.cl\/index.php\/wp-json\/wp\/v2\/users\/1"}],"replies":[{"embeddable":true,"href":"https:\/\/renfa.sma.gob.cl\/index.php\/wp-json\/wp\/v2\/comments?post=12465"}],"version-history":[{"count":2,"href":"https:\/\/renfa.sma.gob.cl\/index.php\/wp-json\/wp\/v2\/posts\/12465\/revisions"}],"predecessor-version":[{"id":12468,"href":"https:\/\/renfa.sma.gob.cl\/index.php\/wp-json\/wp\/v2\/posts\/12465\/revisions\/12468"}],"wp:featuredmedia":[{"embeddable":true,"href":"https:\/\/renfa.sma.gob.cl\/index.php\/wp-json\/wp\/v2\/media\/12479"}],"wp:attachment":[{"href":"https:\/\/renfa.sma.gob.cl\/index.php\/wp-json\/wp\/v2\/media?parent=12465"}],"wp:term":[{"taxonomy":"category","embeddable":true,"href":"https:\/\/renfa.sma.gob.cl\/index.php\/wp-json\/wp\/v2\/categories?post=12465"},{"taxonomy":"post_tag","embeddable":true,"href":"https:\/\/renfa.sma.gob.cl\/index.php\/wp-json\/wp\/v2\/tags?post=12465"}],"curies":[{"name":"wp","href":"https:\/\/api.w.org\/{rel}","templated":true}]}}