{"id":12476,"date":"2016-07-01T10:50:10","date_gmt":"2016-07-01T14:50:10","guid":{"rendered":"http:\/\/10.100.150.187\/renfa\/?p=12476"},"modified":"2016-07-01T11:14:19","modified_gmt":"2016-07-01T15:14:19","slug":"superintendente-se-reune-con-autoridades-de-la-region-de-los-lagos","status":"publish","type":"post","link":"https:\/\/renfa.sma.gob.cl\/index.php\/2016\/07\/01\/superintendente-se-reune-con-autoridades-de-la-region-de-los-lagos\/","title":{"rendered":"Superintendente se re\u00fane con autoridades de la Regi\u00f3n de Los Lagos"},"content":{"rendered":"<p style=\"text-align: justify;\"><strong>La cita de trabajo con el Intendente, Nofal Abud, y SEREMIs de la Regi\u00f3n, trat\u00f3 los principales temas ambientales de la zona.<\/strong><\/p>\n<p style=\"text-align: justify;\"><strong>Puerto Montt, 25 de noviembre de 2014.<\/strong> El Superintendente del Medio Ambiente, Cristi\u00e1n Franz, se reuni\u00f3 con autoridades de la Regi\u00f3n de Los Lagos, en dependencias de la Intendencia Regional, con el fin de analizar y hacer un diagn\u00f3stico de algunas problem\u00e1ticas ambientales patentes hoy en la zona.<\/p>\n<p style=\"text-align: justify;\">En la reuni\u00f3n de trabajo, participaron el intendente, Nofal Abud; la Seremi de Salud, Eugenia Schnake; el Seremi del Medio Ambiente, Jorge Pasminio; y por parte de la SMA, particip\u00f3 el jefe de la Macro Zona Sur, Eduardo Rodr\u00edguez; el jefe de la Divisi\u00f3n de Fiscalizaci\u00f3n, Rub\u00e9n Verdugo; y el jefe de Coordinaci\u00f3n Institucional, Juan Carlos Jorquera. En la cita se abordaron los principales temas ambientales que hoy preocupan a la poblaci\u00f3n de la Regi\u00f3n de Los R\u00edos.<\/p>\n<p style=\"text-align: justify;\">De este modo, discutieron las condiciones en las que se encuentran instalaciones industriales y proyectos acu\u00edcolas que revisten repercusiones ambientales en la regi\u00f3n.<\/p>\n<p style=\"text-align: justify;\">Al respecto, Franz destac\u00f3 la importancia de la coordinaci\u00f3n institucional para resolver estos problemas. <em>\u201cHe estado recorriendo todo el pa\u00eds, reuni\u00e9ndome con distintos jefes de servicios y autoridades regionales para poder aumentar la coordinaci\u00f3n y potenciar la Red Nacional de Fiscalizaci\u00f3n Ambiental, RENFA. En esta regi\u00f3n hemos visto diversos incumplimientos ambientales cuando fiscalizado, por lo cual es fundamental ir avanzando para abordar institucionalmente las tem\u00e1ticas de corto y largo plazo, que afectan la zona\u201d<\/em>, sostuvo.<\/p>\n","protected":false},"excerpt":{"rendered":"<p>La cita de trabajo con el Intendente, Nofal Abud, y SEREMIs de la Regi\u00f3n, trat\u00f3 los principales temas ambientales de la zona. Puerto Montt, 25 de noviembre de 2014. El Superintendente del Medio Ambiente, Cristi\u00e1n Franz, se reuni\u00f3 con autoridades de la Regi\u00f3n de Los Lagos, en dependencias de la Intendencia Regional, con el fin de [&hellip;]<\/p>\n","protected":false},"author":1,"featured_media":12482,"comment_status":"open","ping_status":"open","sticky":false,"template":"","format":"standard","meta":{"footnotes":""},"categories":[42],"tags":[],"_links":{"self":[{"href":"https:\/\/renfa.sma.gob.cl\/index.php\/wp-json\/wp\/v2\/posts\/12476"}],"collection":[{"href":"https:\/\/renfa.sma.gob.cl\/index.php\/wp-json\/wp\/v2\/posts"}],"about":[{"href":"https:\/\/renfa.sma.gob.cl\/index.php\/wp-json\/wp\/v2\/types\/post"}],"author":[{"embeddable":true,"href":"https:\/\/renfa.sma.gob.cl\/index.php\/wp-json\/wp\/v2\/users\/1"}],"replies":[{"embeddable":true,"href":"https:\/\/renfa.sma.gob.cl\/index.php\/wp-json\/wp\/v2\/comments?post=12476"}],"version-history":[{"count":1,"href":"https:\/\/renfa.sma.gob.cl\/index.php\/wp-json\/wp\/v2\/posts\/12476\/revisions"}],"predecessor-version":[{"id":12477,"href":"https:\/\/renfa.sma.gob.cl\/index.php\/wp-json\/wp\/v2\/posts\/12476\/revisions\/12477"}],"wp:featuredmedia":[{"embeddable":true,"href":"https:\/\/renfa.sma.gob.cl\/index.php\/wp-json\/wp\/v2\/media\/12482"}],"wp:attachment":[{"href":"https:\/\/renfa.sma.gob.cl\/index.php\/wp-json\/wp\/v2\/media?parent=12476"}],"wp:term":[{"taxonomy":"category","embeddable":true,"href":"https:\/\/renfa.sma.gob.cl\/index.php\/wp-json\/wp\/v2\/categories?post=12476"},{"taxonomy":"post_tag","embeddable":true,"href":"https:\/\/renfa.sma.gob.cl\/index.php\/wp-json\/wp\/v2\/tags?post=12476"}],"curies":[{"name":"wp","href":"https:\/\/api.w.org\/{rel}","templated":true}]}}