{"id":12483,"date":"2016-07-01T11:18:02","date_gmt":"2016-07-01T15:18:02","guid":{"rendered":"http:\/\/10.100.150.187\/renfa\/?p=12483"},"modified":"2016-07-01T11:18:02","modified_gmt":"2016-07-01T15:18:02","slug":"sma-desarrolla-intensa-mesa-de-trabajo-en-magallanes","status":"publish","type":"post","link":"https:\/\/renfa.sma.gob.cl\/index.php\/2016\/07\/01\/sma-desarrolla-intensa-mesa-de-trabajo-en-magallanes\/","title":{"rendered":"SMA desarrolla intensa mesa de trabajo en Magallanes"},"content":{"rendered":"<p style=\"text-align: justify;\"><strong>Reuniones de trabajo con autoridades y visitas a terreno fueron las principales actividades realizadas por el Superintendente del Medio Ambiente, Cristi\u00e1n Franz.<\/strong><\/p>\n<p style=\"text-align: justify;\"><strong>Punta Arenas, 28 de noviembre de 2014.<\/strong> El Superintendente del Medio Ambiente, Cristi\u00e1n Franz, junto a un equipo de profesionales de la SMA, realizaron una visita a terreno en la Regi\u00f3n de Magallanes durante la \u00faltima semana de noviembre. Entre sus actividades, figuraron reuniones con autoridades de la zona, y tambi\u00e9n visitas a diversos proyectos con Resoluciones de Calificaci\u00f3n Ambiental (RCA).<\/p>\n<p style=\"text-align: justify;\">El mi\u00e9rcoles 27 de noviembre, durante su primer d\u00eda en la zona, Franz se reuni\u00f3 con el Intendente de la Regi\u00f3n de Magallanes, Jorge Flies y el Seremi de Medio Ambiente, Claudio Casiccia, para conocer los principales temas ambientales de la regi\u00f3n.<\/p>\n<p style=\"text-align: justify;\">El segundo d\u00eda de visita, el titular de la SMA, junto el jefe de la Divisi\u00f3n de Fiscalizaci\u00f3n, Rub\u00e9n Verdugo; el jefe del Departamento de Coordinaci\u00f3n Institucional, Juan Carlos Jorquera; el jefe de la Macro Zona Sur, Eduardo Rodr\u00edguez; y el fiscalizador regional; Andy Morrison; recorrieron Porvenir para visitar diversos proyectos evaluados ambientalmente y que requieren fiscalizaci\u00f3n de la SMA.<\/p>\n<p style=\"text-align: justify;\">Posteriormente, particip\u00f3 en una reuni\u00f3n con los servicios p\u00fablicos que forman parte de la Red Nacional de Fiscalizaci\u00f3n Ambiental (RENFA), actividad que se est\u00e1 llevando a cabo en todo el pa\u00eds para fortalecer las coordinaciones con la SMA. En la instancia se cont\u00f3 con la participaci\u00f3n del Seremi de Medio Ambiente, Claudio Casiccia; Seremi de Salud Magallanes, Oscar Vargas Zec; Directora Regional del SEA, Karina Bastidas; Director Regional de SERNAGEOMIN, Rodrigo Santana y Directora Regional DGA, Tania Gonz\u00e1lez; adem\u00e1s de distintos profesionales del SAG, Sernapesca, Conaf y Directemar.<\/p>\n<p style=\"text-align: justify;\"><em>\u201cPoder reunirse en las regiones con los jefes de servicios y fiscalizadores de los distintos organismos es crucial para definir el trabajo que debemos hacer, destinando los recursos de la mejor forma posible. Esta visita nos ayuda a entender en terreno las prioridades de la regi\u00f3n de Magallanes\u201d<\/em>, dijo el Superintendente, Cristi\u00e1n Franz. Adem\u00e1s, aprovech\u00f3 la oportunidad de dar a conocer la formulaci\u00f3n de cargos a la empresa Aquaprotein y a la Salmonera Nova Austral.<\/p>\n","protected":false},"excerpt":{"rendered":"<p>Reuniones de trabajo con autoridades y visitas a terreno fueron las principales actividades realizadas por el Superintendente del Medio Ambiente, Cristi\u00e1n Franz. Punta Arenas, 28 de noviembre de 2014. El Superintendente del Medio Ambiente, Cristi\u00e1n Franz, junto a un equipo de profesionales de la SMA, realizaron una visita a terreno en la Regi\u00f3n de Magallanes durante [&hellip;]<\/p>\n","protected":false},"author":1,"featured_media":12484,"comment_status":"open","ping_status":"open","sticky":false,"template":"","format":"standard","meta":{"footnotes":""},"categories":[42],"tags":[],"_links":{"self":[{"href":"https:\/\/renfa.sma.gob.cl\/index.php\/wp-json\/wp\/v2\/posts\/12483"}],"collection":[{"href":"https:\/\/renfa.sma.gob.cl\/index.php\/wp-json\/wp\/v2\/posts"}],"about":[{"href":"https:\/\/renfa.sma.gob.cl\/index.php\/wp-json\/wp\/v2\/types\/post"}],"author":[{"embeddable":true,"href":"https:\/\/renfa.sma.gob.cl\/index.php\/wp-json\/wp\/v2\/users\/1"}],"replies":[{"embeddable":true,"href":"https:\/\/renfa.sma.gob.cl\/index.php\/wp-json\/wp\/v2\/comments?post=12483"}],"version-history":[{"count":1,"href":"https:\/\/renfa.sma.gob.cl\/index.php\/wp-json\/wp\/v2\/posts\/12483\/revisions"}],"predecessor-version":[{"id":12485,"href":"https:\/\/renfa.sma.gob.cl\/index.php\/wp-json\/wp\/v2\/posts\/12483\/revisions\/12485"}],"wp:featuredmedia":[{"embeddable":true,"href":"https:\/\/renfa.sma.gob.cl\/index.php\/wp-json\/wp\/v2\/media\/12484"}],"wp:attachment":[{"href":"https:\/\/renfa.sma.gob.cl\/index.php\/wp-json\/wp\/v2\/media?parent=12483"}],"wp:term":[{"taxonomy":"category","embeddable":true,"href":"https:\/\/renfa.sma.gob.cl\/index.php\/wp-json\/wp\/v2\/categories?post=12483"},{"taxonomy":"post_tag","embeddable":true,"href":"https:\/\/renfa.sma.gob.cl\/index.php\/wp-json\/wp\/v2\/tags?post=12483"}],"curies":[{"name":"wp","href":"https:\/\/api.w.org\/{rel}","templated":true}]}}