{"id":12492,"date":"2016-07-01T11:27:28","date_gmt":"2016-07-01T15:27:28","guid":{"rendered":"http:\/\/10.100.150.187\/renfa\/?p=12492"},"modified":"2016-07-01T11:27:28","modified_gmt":"2016-07-01T15:27:28","slug":"se-realiza-el-primer-taller-de-fiscalizacion-del-ano-en-el-marco-del-plan-de-trabajo-de-la-renfa","status":"publish","type":"post","link":"https:\/\/renfa.sma.gob.cl\/index.php\/2016\/07\/01\/se-realiza-el-primer-taller-de-fiscalizacion-del-ano-en-el-marco-del-plan-de-trabajo-de-la-renfa\/","title":{"rendered":"Se realiza el primer taller de fiscalizaci\u00f3n del a\u00f1o en el marco del Plan de trabajo de la RENFA"},"content":{"rendered":"<p style=\"text-align: justify;\"><strong>La Red Nacional de Fiscalizaci\u00f3n Ambiental (RENFA), coordina a 16 servicios p\u00fablicos con competencia ambiental. En el primer taller participaron 28 profesionales.<\/strong><\/p>\n<p style=\"text-align: justify;\"><strong>Santiago, 7 de mayo de 2015.<\/strong> Un total de 28 profesionales de la Superintendencia del Medio Ambiente (SMA), del Servicio Agr\u00edcola y Ganadero (SAG) y la Corporaci\u00f3n Nacional Forestal (CONAF), participaron en la primera jornada de capacitaci\u00f3n del a\u00f1o 2015 sobre fiscalizaci\u00f3n ambiental en el marco del plan de trabajo de la Red Nacional de Fiscalizaci\u00f3n Ambiental (RENFA).<\/p>\n<p style=\"text-align: justify;\"><em>\u201cCon estas jornadas de trabajo buscamos hacer el trabajo de forma coordinada. Tenemos que dar un paso esencial e integrador para la fiscalizaci\u00f3n ambiental en Chile. La ciudadan\u00eda est\u00e1 cada vez m\u00e1s empoderada, por lo que se nos exige cada vez mayor celeridad y rigurosidad en nuestros procesos\u201d<\/em>, dijo el jefe de la Divisi\u00f3n de Fiscalizaci\u00f3n de la SMA, Rub\u00e9n Verdugo, al inicio de la reuni\u00f3n.<\/p>\n<p style=\"text-align: justify;\">El taller realizado tiene por objeto profundizar en los procedimientos de fiscalizaci\u00f3n ambiental en conjunto con los funcionarios de los Organismos Sectoriales, con la finalidad de relevar el rol de los Organismos Sectoriales en el procedimiento de fiscalizaci\u00f3n de Resoluciones de Calificaci\u00f3n Ambiental y reconocer oportunidades de mejora en dichos aspectos.<\/p>\n<p style=\"text-align: justify;\">Adicionalmente, por medio de la actividad, se desarrollar\u00e1 una integraci\u00f3n de los funcionarios de SAG y CONAF que desarrollan actividades de fiscalizaci\u00f3n ambiental, en el uso de los Sistemas Inform\u00e1ticos desarrollados por la Superintendencia del Medio Ambiente, para facilitar y gestionar dichas actividades.<\/p>\n<p style=\"text-align: justify;\">Este taller es la primera actividad que la Superintendencia del Medio Ambiente desarrollar\u00e1 durante el a\u00f1o en materia del fortalecimiento de los procesos de fiscalizaci\u00f3n ambiental, ya que se han programado actividades en todas las regiones del pa\u00eds.<\/p>\n","protected":false},"excerpt":{"rendered":"<p>La Red Nacional de Fiscalizaci\u00f3n Ambiental (RENFA), coordina a 16 servicios p\u00fablicos con competencia ambiental. En el primer taller participaron 28 profesionales. Santiago, 7 de mayo de 2015. Un total de 28 profesionales de la Superintendencia del Medio Ambiente (SMA), del Servicio Agr\u00edcola y Ganadero (SAG) y la Corporaci\u00f3n Nacional Forestal (CONAF), participaron en la primera [&hellip;]<\/p>\n","protected":false},"author":1,"featured_media":12493,"comment_status":"open","ping_status":"open","sticky":false,"template":"","format":"standard","meta":{"footnotes":""},"categories":[42],"tags":[],"_links":{"self":[{"href":"https:\/\/renfa.sma.gob.cl\/index.php\/wp-json\/wp\/v2\/posts\/12492"}],"collection":[{"href":"https:\/\/renfa.sma.gob.cl\/index.php\/wp-json\/wp\/v2\/posts"}],"about":[{"href":"https:\/\/renfa.sma.gob.cl\/index.php\/wp-json\/wp\/v2\/types\/post"}],"author":[{"embeddable":true,"href":"https:\/\/renfa.sma.gob.cl\/index.php\/wp-json\/wp\/v2\/users\/1"}],"replies":[{"embeddable":true,"href":"https:\/\/renfa.sma.gob.cl\/index.php\/wp-json\/wp\/v2\/comments?post=12492"}],"version-history":[{"count":1,"href":"https:\/\/renfa.sma.gob.cl\/index.php\/wp-json\/wp\/v2\/posts\/12492\/revisions"}],"predecessor-version":[{"id":12494,"href":"https:\/\/renfa.sma.gob.cl\/index.php\/wp-json\/wp\/v2\/posts\/12492\/revisions\/12494"}],"wp:featuredmedia":[{"embeddable":true,"href":"https:\/\/renfa.sma.gob.cl\/index.php\/wp-json\/wp\/v2\/media\/12493"}],"wp:attachment":[{"href":"https:\/\/renfa.sma.gob.cl\/index.php\/wp-json\/wp\/v2\/media?parent=12492"}],"wp:term":[{"taxonomy":"category","embeddable":true,"href":"https:\/\/renfa.sma.gob.cl\/index.php\/wp-json\/wp\/v2\/categories?post=12492"},{"taxonomy":"post_tag","embeddable":true,"href":"https:\/\/renfa.sma.gob.cl\/index.php\/wp-json\/wp\/v2\/tags?post=12492"}],"curies":[{"name":"wp","href":"https:\/\/api.w.org\/{rel}","templated":true}]}}