{"id":12495,"date":"2016-07-01T11:29:44","date_gmt":"2016-07-01T15:29:44","guid":{"rendered":"http:\/\/10.100.150.187\/renfa\/?p=12495"},"modified":"2018-04-06T12:23:17","modified_gmt":"2018-04-06T15:23:17","slug":"sma-inicia-mesas-tecnicas-de-trabajo-para-establecer-alcances-de-autorizar-a-terceros-como-ejecutores-de-fiscalizacion-ambiental","status":"publish","type":"post","link":"https:\/\/renfa.sma.gob.cl\/index.php\/2016\/07\/01\/sma-inicia-mesas-tecnicas-de-trabajo-para-establecer-alcances-de-autorizar-a-terceros-como-ejecutores-de-fiscalizacion-ambiental\/","title":{"rendered":"SMA inicia mesas t\u00e9cnicas de trabajo para establecer alcances de autorizar a terceros como ejecutores de fiscalizaci\u00f3n ambiental"},"content":{"rendered":"<p style=\"text-align: justify;\"><strong>En el marco del levantamiento de requisitos t\u00e9cnicos espec\u00edficos para los alcances de autorizaci\u00f3n de las Entidades T\u00e9cnicas de Certificaci\u00f3n Ambiental (ETCA) y Evaluadores de Conformidad Ambiental (ECA), la Superintendencia del Medio Ambiente inici\u00f3 formalmente las mesas t\u00e9cnicas de trabajo con los Servicios P\u00fablicos competentes.<\/strong><\/p>\n<p style=\"text-align: justify;\"><!--more--><\/p>\n<p style=\"text-align: justify;\"><strong>Santiago, 13 de mayo de 2015.<\/strong> La SMA realiz\u00f3 la primera mesa t\u00e9cnica de trabajo en el marco de la autorizaci\u00f3n a ETCAs y ECAs para desempe\u00f1ar actividades de fiscalizaci\u00f3n ambiental, a la que fueron invitados el Ministerio del Medio Ambiente, el Ministerio de Salud, el Servicio de Evaluaci\u00f3n Ambiental y el Servicio Agr\u00edcola y Ganadero, adem\u00e1s del Instituto Nacional de Normalizaci\u00f3n como entidad asociada a la SMA como participante del proceso de autorizaci\u00f3n de terceros, en el marco de la definici\u00f3n de los requisitos y perfiles para el alcance de Calidad del Aire y Emisiones Atmosf\u00e9ricas. Esta reuni\u00f3n cont\u00f3 con la presencia del representante del Ministerio del Medio Ambiente, del Servicio Agr\u00edcola y Ganadero y del Instituto Nacional de Normalizaci\u00f3n.<\/p>\n<p style=\"text-align: justify;\">El Departamento de Normalizaci\u00f3n y Acreditaci\u00f3n, durante el segundo y tercer trimestre de 2015, tiene programadas m\u00e1s reuniones con los servicios p\u00fablicos competentes, de manera de establecer los requisitos t\u00e9cnicos (para las ETCA) y perfiles profesionales (para los ECA), referidos a los alcances de Calidad del Agua\/ Emisiones de RILes, y Residuos S\u00f3lidos.<\/p>\n","protected":false},"excerpt":{"rendered":"<p>En el marco del levantamiento de requisitos t\u00e9cnicos espec\u00edficos para los alcances de autorizaci\u00f3n de las Entidades T\u00e9cnicas de Certificaci\u00f3n Ambiental (ETCA) y Evaluadores de Conformidad Ambiental (ECA), la Superintendencia del Medio Ambiente inici\u00f3 formalmente las mesas t\u00e9cnicas de trabajo con los Servicios P\u00fablicos competentes.<\/p>\n","protected":false},"author":1,"featured_media":12496,"comment_status":"open","ping_status":"open","sticky":false,"template":"","format":"standard","meta":{"footnotes":""},"categories":[42],"tags":[],"_links":{"self":[{"href":"https:\/\/renfa.sma.gob.cl\/index.php\/wp-json\/wp\/v2\/posts\/12495"}],"collection":[{"href":"https:\/\/renfa.sma.gob.cl\/index.php\/wp-json\/wp\/v2\/posts"}],"about":[{"href":"https:\/\/renfa.sma.gob.cl\/index.php\/wp-json\/wp\/v2\/types\/post"}],"author":[{"embeddable":true,"href":"https:\/\/renfa.sma.gob.cl\/index.php\/wp-json\/wp\/v2\/users\/1"}],"replies":[{"embeddable":true,"href":"https:\/\/renfa.sma.gob.cl\/index.php\/wp-json\/wp\/v2\/comments?post=12495"}],"version-history":[{"count":1,"href":"https:\/\/renfa.sma.gob.cl\/index.php\/wp-json\/wp\/v2\/posts\/12495\/revisions"}],"predecessor-version":[{"id":12497,"href":"https:\/\/renfa.sma.gob.cl\/index.php\/wp-json\/wp\/v2\/posts\/12495\/revisions\/12497"}],"wp:featuredmedia":[{"embeddable":true,"href":"https:\/\/renfa.sma.gob.cl\/index.php\/wp-json\/wp\/v2\/media\/12496"}],"wp:attachment":[{"href":"https:\/\/renfa.sma.gob.cl\/index.php\/wp-json\/wp\/v2\/media?parent=12495"}],"wp:term":[{"taxonomy":"category","embeddable":true,"href":"https:\/\/renfa.sma.gob.cl\/index.php\/wp-json\/wp\/v2\/categories?post=12495"},{"taxonomy":"post_tag","embeddable":true,"href":"https:\/\/renfa.sma.gob.cl\/index.php\/wp-json\/wp\/v2\/tags?post=12495"}],"curies":[{"name":"wp","href":"https:\/\/api.w.org\/{rel}","templated":true}]}}