{"id":12501,"date":"2016-07-01T11:38:38","date_gmt":"2016-07-01T15:38:38","guid":{"rendered":"http:\/\/10.100.150.187\/renfa\/?p=12501"},"modified":"2016-07-01T11:38:38","modified_gmt":"2016-07-01T15:38:38","slug":"se-realiza-primera-reunion-de-2015-del-comite-consultivo-de-renfa","status":"publish","type":"post","link":"https:\/\/renfa.sma.gob.cl\/index.php\/2016\/07\/01\/se-realiza-primera-reunion-de-2015-del-comite-consultivo-de-renfa\/","title":{"rendered":"Se realiza primera reuni\u00f3n de 2015 del Comit\u00e9 Consultivo de RENFA"},"content":{"rendered":"<p style=\"text-align: justify;\"><strong>La instancia que re\u00fane a 16 servicios p\u00fablicos con competencia ambiental, coordinada por la SMA, revis\u00f3 las fiscalizaciones realizadas en 2014 y analiz\u00f3 los desaf\u00edos operacionales para este a\u00f1o.<\/strong><\/p>\n<p style=\"text-align: justify;\"><strong>Santiago, 28 de mayo de 2015.<\/strong> Esta ma\u00f1ana, con la presencia de representantes de 16 organismos p\u00fablicos, se realiz\u00f3 la primera reuni\u00f3n del a\u00f1o 2015 del Comit\u00e9 Consultivo de la Red Nacional de Fiscalizaci\u00f3n Ambiental (RENFA).<\/p>\n<p style=\"text-align: justify;\">La Superintendencia del Medio Ambiente (SMA) es la encargada de coordinar el plan de trabajo de la RENFA, plataforma que genera sinergias en el trabajo de 16 servicios que tienen competencias en el \u00e1mbito de fiscalizaci\u00f3n ambiental, buscando un trabajo coordinado y con mayores eficiencias en el uso de los recursos del Estado. Esta RENFA fue creada en agosto de 2014.<\/p>\n<p style=\"text-align: justify;\">El Superintendente del Medio Ambiente, Cristi\u00e1n Franz, al dar inicio a la reuni\u00f3n, recalc\u00f3 la importancia del trabajo en redes, indicando que <em>\u201cnuestra Ley nos da la instrucci\u00f3n de coordinar el actuar de todos los servicios del Estado que tienen competencias en la fiscalizaci\u00f3n ambiental. Hoy vemos que la gente est\u00e1 esperando respuestas en materia de cumplimiento ambiental\u201d.<\/em><\/p>\n<p style=\"text-align: justify;\">En la oportunidad, el jefe de la Divisi\u00f3n de Fiscalizaci\u00f3n, Rub\u00e9n Verdugo, hizo un balance de la gesti\u00f3n del a\u00f1o 2014, explicando los resultados de las actividades de fiscalizaci\u00f3n que se realizaron durante el a\u00f1o anterior.<\/p>\n<p style=\"text-align: justify;\">A la par, present\u00f3 el plan de trabajo del a\u00f1o 2015, dando \u00e9nfasis en que durante este periodo la SMA realizar\u00e1 15 talleres de capacitaci\u00f3n en cada una de las regiones del pa\u00eds, la cual permite transferir conocimientos y conocer experiencias regionales. Adem\u00e1s, se coordinar\u00e1n 2 talleres donde especialistas de la Environmental Protection Agency de Estados Unidos (US- EPA) dictar\u00e1 charlas especializadas relativas a temas de fiscalizaci\u00f3n.<\/p>\n<p style=\"text-align: justify;\">Finalmente, en la reuni\u00f3n se present\u00f3 la nueva p\u00e1gina web <a href=\"http:\/\/renfa.sma.gob.cl\" target=\"_blank\">renfa.sma.gob.cl<\/a>, la cual corresponde a una plataforma que busca entregar informaci\u00f3n especializada a todos los funcionarios de los organismos sectoriales que participan de la ejecuci\u00f3n de los programas y subprogramas de fiscalizaci\u00f3n ambiental.<\/p>\n","protected":false},"excerpt":{"rendered":"<p>La instancia que re\u00fane a 16 servicios p\u00fablicos con competencia ambiental, coordinada por la SMA, revis\u00f3 las fiscalizaciones realizadas en 2014 y analiz\u00f3 los desaf\u00edos operacionales para este a\u00f1o. Santiago, 28 de mayo de 2015. Esta ma\u00f1ana, con la presencia de representantes de 16 organismos p\u00fablicos, se realiz\u00f3 la primera reuni\u00f3n del a\u00f1o 2015 del Comit\u00e9 [&hellip;]<\/p>\n","protected":false},"author":1,"featured_media":12502,"comment_status":"open","ping_status":"open","sticky":false,"template":"","format":"standard","meta":{"footnotes":""},"categories":[42],"tags":[],"_links":{"self":[{"href":"https:\/\/renfa.sma.gob.cl\/index.php\/wp-json\/wp\/v2\/posts\/12501"}],"collection":[{"href":"https:\/\/renfa.sma.gob.cl\/index.php\/wp-json\/wp\/v2\/posts"}],"about":[{"href":"https:\/\/renfa.sma.gob.cl\/index.php\/wp-json\/wp\/v2\/types\/post"}],"author":[{"embeddable":true,"href":"https:\/\/renfa.sma.gob.cl\/index.php\/wp-json\/wp\/v2\/users\/1"}],"replies":[{"embeddable":true,"href":"https:\/\/renfa.sma.gob.cl\/index.php\/wp-json\/wp\/v2\/comments?post=12501"}],"version-history":[{"count":1,"href":"https:\/\/renfa.sma.gob.cl\/index.php\/wp-json\/wp\/v2\/posts\/12501\/revisions"}],"predecessor-version":[{"id":12503,"href":"https:\/\/renfa.sma.gob.cl\/index.php\/wp-json\/wp\/v2\/posts\/12501\/revisions\/12503"}],"wp:featuredmedia":[{"embeddable":true,"href":"https:\/\/renfa.sma.gob.cl\/index.php\/wp-json\/wp\/v2\/media\/12502"}],"wp:attachment":[{"href":"https:\/\/renfa.sma.gob.cl\/index.php\/wp-json\/wp\/v2\/media?parent=12501"}],"wp:term":[{"taxonomy":"category","embeddable":true,"href":"https:\/\/renfa.sma.gob.cl\/index.php\/wp-json\/wp\/v2\/categories?post=12501"},{"taxonomy":"post_tag","embeddable":true,"href":"https:\/\/renfa.sma.gob.cl\/index.php\/wp-json\/wp\/v2\/tags?post=12501"}],"curies":[{"name":"wp","href":"https:\/\/api.w.org\/{rel}","templated":true}]}}