{"id":12513,"date":"2016-07-01T11:52:04","date_gmt":"2016-07-01T15:52:04","guid":{"rendered":"http:\/\/10.100.150.187\/renfa\/?p=12513"},"modified":"2016-07-01T11:52:04","modified_gmt":"2016-07-01T15:52:04","slug":"sma-participa-en-taller-macrozonal-sernapesca-seia","status":"publish","type":"post","link":"https:\/\/renfa.sma.gob.cl\/index.php\/2016\/07\/01\/sma-participa-en-taller-macrozonal-sernapesca-seia\/","title":{"rendered":"SMA participa en Taller Macrozonal SERNAPESCA-SEIA"},"content":{"rendered":"<p style=\"text-align: justify;\"><strong>La Superintendencia del Medio Ambiente (SMA) explic\u00f3 los procesos de investigaci\u00f3n, trabajo de campo, manejo de denuncias y procesos sancionatorios que lleva a cabo la instituci\u00f3n.<\/strong><\/p>\n<p style=\"text-align: justify;\"><strong>Concepci\u00f3n, 03 de julio de 2015.<\/strong> La Superintendencia del Medio Ambiente (SMA) fue invitada a exponer sus procesos en el marco del Taller Macrozonal del SERNAPESCA, organizado por Direcci\u00f3n Regional Biob\u00edo del SERNAPESCA, en la ciudad de Concepci\u00f3n.<\/p>\n<p style=\"text-align: justify;\">En su exposici\u00f3n, Juan Pablo Granzow, de la Divisi\u00f3n de Fiscalizaci\u00f3n de la SMA, explic\u00f3 los procesos de investigaci\u00f3n de la SMA, los criterios de fiscalizaci\u00f3n estrat\u00e9gica, levantamiento de medios de prueba y an\u00e1lisis de riesgo ambiental; el enfoque dado a los hechos infraccionales en el marco de los procesos sancionatorios de la SMA, el manejo de denuncias que realiza la SMA, y a la vez, explic\u00f3 los avances en los procesos sancionatorios que ha iniciado la SMA vinculados al trabajo que realiza Sernapesca, en el marco de la Red Nacional de Fiscalizaci\u00f3n Ambiental (RENFA).<\/p>\n<p style=\"text-align: justify;\">Al taller organizado por Sernapesca asistieron funcionarios de sus Direcciones Regionales localizadas entre las regiones del Biob\u00edo y Magallanes, como tambi\u00e9n representantes de su Direcci\u00f3n Nacional y de la Subsecretar\u00eda de Pesca. Tambi\u00e9n expuso la Encargada de Evaluaci\u00f3n Ambiental del SEA Biob\u00edo, Marcela Nu\u00f1ez, explicando los criterios que se utilizan para evaluar los proyectos que tienen relaci\u00f3n con el sector pesquero y acu\u00edcola, en el marco del nuevo Reglamento del Sistema de Evaluaci\u00f3n de Impacto Ambiental.<\/p>\n","protected":false},"excerpt":{"rendered":"<p>La Superintendencia del Medio Ambiente (SMA) explic\u00f3 los procesos de investigaci\u00f3n, trabajo de campo, manejo de denuncias y procesos sancionatorios que lleva a cabo la instituci\u00f3n. Concepci\u00f3n, 03 de julio de 2015. La Superintendencia del Medio Ambiente (SMA) fue invitada a exponer sus procesos en el marco del Taller Macrozonal del SERNAPESCA, organizado por Direcci\u00f3n Regional [&hellip;]<\/p>\n","protected":false},"author":1,"featured_media":12514,"comment_status":"open","ping_status":"open","sticky":false,"template":"","format":"standard","meta":{"footnotes":""},"categories":[42],"tags":[],"_links":{"self":[{"href":"https:\/\/renfa.sma.gob.cl\/index.php\/wp-json\/wp\/v2\/posts\/12513"}],"collection":[{"href":"https:\/\/renfa.sma.gob.cl\/index.php\/wp-json\/wp\/v2\/posts"}],"about":[{"href":"https:\/\/renfa.sma.gob.cl\/index.php\/wp-json\/wp\/v2\/types\/post"}],"author":[{"embeddable":true,"href":"https:\/\/renfa.sma.gob.cl\/index.php\/wp-json\/wp\/v2\/users\/1"}],"replies":[{"embeddable":true,"href":"https:\/\/renfa.sma.gob.cl\/index.php\/wp-json\/wp\/v2\/comments?post=12513"}],"version-history":[{"count":1,"href":"https:\/\/renfa.sma.gob.cl\/index.php\/wp-json\/wp\/v2\/posts\/12513\/revisions"}],"predecessor-version":[{"id":12515,"href":"https:\/\/renfa.sma.gob.cl\/index.php\/wp-json\/wp\/v2\/posts\/12513\/revisions\/12515"}],"wp:featuredmedia":[{"embeddable":true,"href":"https:\/\/renfa.sma.gob.cl\/index.php\/wp-json\/wp\/v2\/media\/12514"}],"wp:attachment":[{"href":"https:\/\/renfa.sma.gob.cl\/index.php\/wp-json\/wp\/v2\/media?parent=12513"}],"wp:term":[{"taxonomy":"category","embeddable":true,"href":"https:\/\/renfa.sma.gob.cl\/index.php\/wp-json\/wp\/v2\/categories?post=12513"},{"taxonomy":"post_tag","embeddable":true,"href":"https:\/\/renfa.sma.gob.cl\/index.php\/wp-json\/wp\/v2\/tags?post=12513"}],"curies":[{"name":"wp","href":"https:\/\/api.w.org\/{rel}","templated":true}]}}