{"id":12516,"date":"2016-07-01T11:56:05","date_gmt":"2016-07-01T15:56:05","guid":{"rendered":"http:\/\/10.100.150.187\/renfa\/?p=12516"},"modified":"2016-07-01T11:56:05","modified_gmt":"2016-07-01T15:56:05","slug":"sma-reitera-solicitud-a-organismos-sectoriales-para-que-indiquen-prioridades-de-fiscalizacion-ambiental-2016","status":"publish","type":"post","link":"https:\/\/renfa.sma.gob.cl\/index.php\/2016\/07\/01\/sma-reitera-solicitud-a-organismos-sectoriales-para-que-indiquen-prioridades-de-fiscalizacion-ambiental-2016\/","title":{"rendered":"SMA reitera solicitud a Organismos Sectoriales para que indiquen prioridades de fiscalizaci\u00f3n ambiental 2016"},"content":{"rendered":"<p style=\"text-align: justify;\"><strong>Se reitera la solicitud a los distintos Organismos Sectoriales para que indiquen la propuesta de actividades de fiscalizaci\u00f3n ambiental que realizar\u00e1n en el a\u00f1o 2016, as\u00ed como los presupuestos asociados, indicadores y equipos de trabajo, en un plazo no superior a 10 d\u00edas h\u00e1biles, contados desde la fecha de recepci\u00f3n del \u00faltimo oficio enviado por el Superintendente el d\u00eda 08 de Julio de 2015.<\/strong><\/p>\n<p style=\"text-align: justify;\"><strong>Santiago, 9 de julio de 2015.<\/strong> Mediante los oficios ordinarios remitidos el d\u00eda Jueves 11 de Junio de 2015 a los jefes de los distintos organismos sectoriales que desempe\u00f1an actividades de fiscalizaci\u00f3n ambiental, la SMA dio inicio al proceso de formulaci\u00f3n de los programas y subprogramas de fiscalizaci\u00f3n ambiental para el a\u00f1o 2016, solicitando que \u00e9stos se pronuncien sobre sus prioridades de fiscalizaci\u00f3n ambiental (Ver noticia asociada aqu\u00ed). En el marco del ciclo de programaci\u00f3n de actividades de fiscalizaci\u00f3n, la SMA ha reiterado esta solicitud a los Organismos Sectoriales que a\u00fan no han definido estas prioridades, a los que se les han remitido oficios con las especificaciones correspondientes.<\/p>\n<p style=\"text-align: justify;\">Para el desarrollo de lo anterior, la SMA cuenta con la plataforma inform\u00e1tica de trabajo <a href=\"http:\/\/snifa.sma.gob.cl\/ReportesOrganismosSectoriales\" target=\"_blank\">\u201cSistema de Coordinaci\u00f3n OS-SMA\u201d<\/a>, la que permite acceder a las bases de datos de la SMA y remitir los antecedentes expuestos anteriormente en un formato \u00fanico y de f\u00e1cil acceso, mediante la cuenta y clave de usuario que ya han sido proporcionadas a las contrapartes de los Servicios.<\/p>\n<p style=\"text-align: justify;\">Las consultas respecto a los antecedentes requeridos, as\u00ed como a las cuentas y claves de acceso al sistema deben ser dirigidas a don Iv\u00e1n Honorato <a href=\"maito:ivan.honorato@sma.gob.cl\">(ivan.honorato@sma.gob.cl)<\/a> con copia a Mar\u00eda In\u00e9s Mu\u00f1oz <a href=\"maito:maria.munoz@sma.gob.cl\">(maria.munoz@sma.gob.cl)<\/a>.<\/p>\n","protected":false},"excerpt":{"rendered":"<p>Se reitera la solicitud a los distintos Organismos Sectoriales para que indiquen la propuesta de actividades de fiscalizaci\u00f3n ambiental que realizar\u00e1n en el a\u00f1o 2016, as\u00ed como los presupuestos asociados, indicadores y equipos de trabajo, en un plazo no superior a 10 d\u00edas h\u00e1biles, contados desde la fecha de recepci\u00f3n del \u00faltimo oficio enviado por el [&hellip;]<\/p>\n","protected":false},"author":1,"featured_media":12502,"comment_status":"open","ping_status":"open","sticky":false,"template":"","format":"standard","meta":{"footnotes":""},"categories":[42],"tags":[],"_links":{"self":[{"href":"https:\/\/renfa.sma.gob.cl\/index.php\/wp-json\/wp\/v2\/posts\/12516"}],"collection":[{"href":"https:\/\/renfa.sma.gob.cl\/index.php\/wp-json\/wp\/v2\/posts"}],"about":[{"href":"https:\/\/renfa.sma.gob.cl\/index.php\/wp-json\/wp\/v2\/types\/post"}],"author":[{"embeddable":true,"href":"https:\/\/renfa.sma.gob.cl\/index.php\/wp-json\/wp\/v2\/users\/1"}],"replies":[{"embeddable":true,"href":"https:\/\/renfa.sma.gob.cl\/index.php\/wp-json\/wp\/v2\/comments?post=12516"}],"version-history":[{"count":1,"href":"https:\/\/renfa.sma.gob.cl\/index.php\/wp-json\/wp\/v2\/posts\/12516\/revisions"}],"predecessor-version":[{"id":12517,"href":"https:\/\/renfa.sma.gob.cl\/index.php\/wp-json\/wp\/v2\/posts\/12516\/revisions\/12517"}],"wp:featuredmedia":[{"embeddable":true,"href":"https:\/\/renfa.sma.gob.cl\/index.php\/wp-json\/wp\/v2\/media\/12502"}],"wp:attachment":[{"href":"https:\/\/renfa.sma.gob.cl\/index.php\/wp-json\/wp\/v2\/media?parent=12516"}],"wp:term":[{"taxonomy":"category","embeddable":true,"href":"https:\/\/renfa.sma.gob.cl\/index.php\/wp-json\/wp\/v2\/categories?post=12516"},{"taxonomy":"post_tag","embeddable":true,"href":"https:\/\/renfa.sma.gob.cl\/index.php\/wp-json\/wp\/v2\/tags?post=12516"}],"curies":[{"name":"wp","href":"https:\/\/api.w.org\/{rel}","templated":true}]}}