{"id":12518,"date":"2016-07-01T12:00:52","date_gmt":"2016-07-01T16:00:52","guid":{"rendered":"http:\/\/10.100.150.187\/renfa\/?p=12518"},"modified":"2016-07-01T12:00:52","modified_gmt":"2016-07-01T16:00:52","slug":"sma-invita-a-organismos-sectoriales-a-taller-internacional-de-fiscalizacion-ambiental-estrategica","status":"publish","type":"post","link":"https:\/\/renfa.sma.gob.cl\/index.php\/2016\/07\/01\/sma-invita-a-organismos-sectoriales-a-taller-internacional-de-fiscalizacion-ambiental-estrategica\/","title":{"rendered":"SMA invita a Organismos Sectoriales a taller internacional de &#8220;Fiscalizaci\u00f3n Ambiental Estrat\u00e9gica&#8221;"},"content":{"rendered":"<p style=\"text-align: justify;\"><strong>La actividad est\u00e1 siendo organizada en conjunto con la Agencia de Protecci\u00f3n Ambiental de los Estados Unidos (US EPA), y se enmarca en el trabajo que est\u00e1 desarrollando la Superintendencia del Medio Ambiente (SMA) asociado a la Red Nacional de Fiscalizaci\u00f3n Ambiental (RENFA).<\/strong><\/p>\n<p style=\"text-align: justify;\"><strong>Santiago, 10 de julio de 2015.<\/strong> La SMA informa que est\u00e1 organizando en conjunto con la Agencia de Protecci\u00f3n Ambiental de los Estados Unidos (US EPA), dos talleres de &#8220;Fiscalizaci\u00f3n Ambiental Estrat\u00e9gica\u201d, dirigido a profesionales de la SMA y funcionarios de organismos p\u00fablicos que desempe\u00f1an actividades de fiscalizaci\u00f3n ambiental en el marco de la Red Nacional de Fiscalizaci\u00f3n Ambiental <a href=\"http:\/\/renfa.sma.gob.cl\/index.php\/renfa\" target=\"_blank\">(RENFA)<\/a> . Los talleres se desarrollaran durante el mes de agosto, en la zona norte y sur del pa\u00eds.<\/p>\n<p style=\"text-align: justify;\">Los talleres tienen por objetivo fortalecer las capacidades de los profesionales dedicados a las materias de fiscalizaci\u00f3n, a trav\u00e9s de la entrega de herramientas metodol\u00f3gicas para el desarrollo de las labores de fiscalizaci\u00f3n ambiental.<\/p>\n<p style=\"text-align: justify;\">Para formalizar la designaci\u00f3n de los representantes que participaran de la iniciativa, as\u00ed como en caso de dudas o consultas, por favor comunicarse directamente con los representantes de su respectivo <a href=\"http:\/\/renfa.sma.gob.cl\/index.php\/quienes-somos\" target=\"_blank\">Organismo Sectorial<\/a>, ya que las inscripciones se canalizar\u00e1n mediante los niveles centrales.<\/p>\n","protected":false},"excerpt":{"rendered":"<p>La actividad est\u00e1 siendo organizada en conjunto con la Agencia de Protecci\u00f3n Ambiental de los Estados Unidos (US EPA), y se enmarca en el trabajo que est\u00e1 desarrollando la Superintendencia del Medio Ambiente (SMA) asociado a la Red Nacional de Fiscalizaci\u00f3n Ambiental (RENFA). Santiago, 10 de julio de 2015. La SMA informa que est\u00e1 organizando en [&hellip;]<\/p>\n","protected":false},"author":1,"featured_media":12519,"comment_status":"open","ping_status":"open","sticky":false,"template":"","format":"standard","meta":{"footnotes":""},"categories":[42],"tags":[],"_links":{"self":[{"href":"https:\/\/renfa.sma.gob.cl\/index.php\/wp-json\/wp\/v2\/posts\/12518"}],"collection":[{"href":"https:\/\/renfa.sma.gob.cl\/index.php\/wp-json\/wp\/v2\/posts"}],"about":[{"href":"https:\/\/renfa.sma.gob.cl\/index.php\/wp-json\/wp\/v2\/types\/post"}],"author":[{"embeddable":true,"href":"https:\/\/renfa.sma.gob.cl\/index.php\/wp-json\/wp\/v2\/users\/1"}],"replies":[{"embeddable":true,"href":"https:\/\/renfa.sma.gob.cl\/index.php\/wp-json\/wp\/v2\/comments?post=12518"}],"version-history":[{"count":1,"href":"https:\/\/renfa.sma.gob.cl\/index.php\/wp-json\/wp\/v2\/posts\/12518\/revisions"}],"predecessor-version":[{"id":12520,"href":"https:\/\/renfa.sma.gob.cl\/index.php\/wp-json\/wp\/v2\/posts\/12518\/revisions\/12520"}],"wp:featuredmedia":[{"embeddable":true,"href":"https:\/\/renfa.sma.gob.cl\/index.php\/wp-json\/wp\/v2\/media\/12519"}],"wp:attachment":[{"href":"https:\/\/renfa.sma.gob.cl\/index.php\/wp-json\/wp\/v2\/media?parent=12518"}],"wp:term":[{"taxonomy":"category","embeddable":true,"href":"https:\/\/renfa.sma.gob.cl\/index.php\/wp-json\/wp\/v2\/categories?post=12518"},{"taxonomy":"post_tag","embeddable":true,"href":"https:\/\/renfa.sma.gob.cl\/index.php\/wp-json\/wp\/v2\/tags?post=12518"}],"curies":[{"name":"wp","href":"https:\/\/api.w.org\/{rel}","templated":true}]}}