{"id":12533,"date":"2016-07-01T16:09:16","date_gmt":"2016-07-01T20:09:16","guid":{"rendered":"http:\/\/10.100.150.187\/renfa\/?p=12533"},"modified":"2016-07-01T16:09:16","modified_gmt":"2016-07-01T20:09:16","slug":"superintendencia-del-medio-ambiente-y-corporacion-nacional-forestal-desarrollan-jornada-de-trabajo-en-coyhaique","status":"publish","type":"post","link":"https:\/\/renfa.sma.gob.cl\/index.php\/2016\/07\/01\/superintendencia-del-medio-ambiente-y-corporacion-nacional-forestal-desarrollan-jornada-de-trabajo-en-coyhaique\/","title":{"rendered":"Superintendencia del Medio Ambiente y Corporaci\u00f3n Nacional Forestal desarrollan jornada de trabajo en Coyhaique"},"content":{"rendered":"<p style=\"text-align: justify;\"><strong>El objetivo de la actividad fue la capacitaci\u00f3n en materia de inspecci\u00f3n ambiental.<\/strong><\/p>\n<p style=\"text-align: justify;\">Martes 24 de Agosto de 2015. La Superintendencia del Medio Ambiente y la Corporaci\u00f3n Nacional Forestal, desarrollaron una exitosa jornada de trabajo con la finalidad de fortalecer los procedimientos de fiscalizaci\u00f3n ambiental en el marco del programa piloto que est\u00e1 desarrollando la Superintendencia del Medio Ambiente <a href=\"http:\/\/renfa.sma.gob.cl\/index.php\/fiscalizacion\/62-proyectos-en-conjunto\" target=\"_blank\">(ver Hiperv\u00ednculo)<\/a><\/p>\n<p style=\"text-align: justify;\">La actividad tuvo por objeto, profundizar aspectos relacionados con la planificaci\u00f3n y ejecuci\u00f3n de las Inspecciones Ambientales, as\u00ed como del An\u00e1lisis y Procesamiento de la informaci\u00f3n levantada y la elaboraci\u00f3n de reporte t\u00e9cnico. Este trabajo busca fortalecer el rol de los Organismos Sectoriales en los procedimientos de fiscalizaci\u00f3n ambiental, dando un mayor \u00e9nfasis a sus competencias t\u00e9cnicas.<\/p>\n<p style=\"text-align: justify;\">Eduardo Rodriguez, Jefe de la Macrozona Sur destac\u00f3 que <em>\u201cla fortaleza del modelo de fiscalizaci\u00f3n de la SMA est\u00e1 en la capacidad fiscalizadora que podemos lograr sumando todas las competencias y experiencia de los organismos que hist\u00f3ricamente han ejercido competencias en este \u00e1mbito\u201d<\/em>. Este taller es un ejemplo claro de la excelente coordinaci\u00f3n que podemos alcanzar entre organismos.<\/p>\n","protected":false},"excerpt":{"rendered":"<p>El objetivo de la actividad fue la capacitaci\u00f3n en materia de inspecci\u00f3n ambiental. Martes 24 de Agosto de 2015. La Superintendencia del Medio Ambiente y la Corporaci\u00f3n Nacional Forestal, desarrollaron una exitosa jornada de trabajo con la finalidad de fortalecer los procedimientos de fiscalizaci\u00f3n ambiental en el marco del programa piloto que est\u00e1 desarrollando la Superintendencia [&hellip;]<\/p>\n","protected":false},"author":1,"featured_media":12534,"comment_status":"open","ping_status":"open","sticky":false,"template":"","format":"standard","meta":{"footnotes":""},"categories":[42],"tags":[],"_links":{"self":[{"href":"https:\/\/renfa.sma.gob.cl\/index.php\/wp-json\/wp\/v2\/posts\/12533"}],"collection":[{"href":"https:\/\/renfa.sma.gob.cl\/index.php\/wp-json\/wp\/v2\/posts"}],"about":[{"href":"https:\/\/renfa.sma.gob.cl\/index.php\/wp-json\/wp\/v2\/types\/post"}],"author":[{"embeddable":true,"href":"https:\/\/renfa.sma.gob.cl\/index.php\/wp-json\/wp\/v2\/users\/1"}],"replies":[{"embeddable":true,"href":"https:\/\/renfa.sma.gob.cl\/index.php\/wp-json\/wp\/v2\/comments?post=12533"}],"version-history":[{"count":1,"href":"https:\/\/renfa.sma.gob.cl\/index.php\/wp-json\/wp\/v2\/posts\/12533\/revisions"}],"predecessor-version":[{"id":12535,"href":"https:\/\/renfa.sma.gob.cl\/index.php\/wp-json\/wp\/v2\/posts\/12533\/revisions\/12535"}],"wp:featuredmedia":[{"embeddable":true,"href":"https:\/\/renfa.sma.gob.cl\/index.php\/wp-json\/wp\/v2\/media\/12534"}],"wp:attachment":[{"href":"https:\/\/renfa.sma.gob.cl\/index.php\/wp-json\/wp\/v2\/media?parent=12533"}],"wp:term":[{"taxonomy":"category","embeddable":true,"href":"https:\/\/renfa.sma.gob.cl\/index.php\/wp-json\/wp\/v2\/categories?post=12533"},{"taxonomy":"post_tag","embeddable":true,"href":"https:\/\/renfa.sma.gob.cl\/index.php\/wp-json\/wp\/v2\/tags?post=12533"}],"curies":[{"name":"wp","href":"https:\/\/api.w.org\/{rel}","templated":true}]}}