{"id":12536,"date":"2016-07-01T16:14:04","date_gmt":"2016-07-01T20:14:04","guid":{"rendered":"http:\/\/10.100.150.187\/renfa\/?p=12536"},"modified":"2018-04-06T12:23:16","modified_gmt":"2018-04-06T15:23:16","slug":"sma-inaugura-oficina-regional-de-atacama","status":"publish","type":"post","link":"https:\/\/renfa.sma.gob.cl\/index.php\/2016\/07\/01\/sma-inaugura-oficina-regional-de-atacama\/","title":{"rendered":"SMA inaugura Oficina Regional de Atacama"},"content":{"rendered":"<p style=\"text-align: justify;\"><strong>El Superintendente del Medio Ambiente, Cristi\u00e1n Franz, cort\u00f3 la cinta de las nuevas instalaciones ubicadas en Copiap\u00f3. La ceremonia cont\u00f3 con la presencia del Ministro de Medio Ambiente, Pablo Badenier y del Intendente Miguel Vargas.<\/strong><\/p>\n<p style=\"text-align: justify;\"><strong>Copiap\u00f3, 27 de agosto de 2015.<\/strong> <em>\u201cHoy estamos cumpliendo un compromiso con esta regi\u00f3n. Cuando asumimos hace un a\u00f1o y medio dijimos que este a\u00f1o 2015 abrir\u00edamos tres oficinas de la SMA en regiones, y que la primera de ellas se instalar\u00eda aqu\u00ed en Atacama. Hoy inauguramos esta magn\u00edfica oficina que marca un hito para esta regi\u00f3n pues -a partir de hoy- la presencia de la SMA desplegada en este territorio nos permitir\u00e1 llegar con una acci\u00f3n m\u00e1s oportuna y m\u00e1s eficaz en cumplimiento de nuestras obligaciones legales\u201d.<\/em> Con estas palabras, el Superintendente Cristi\u00e1n Franz, encabez\u00f3 la ceremonia de inauguraci\u00f3n de la nueva oficina regional de Atacama.<\/p>\n<p style=\"text-align: justify;\">La nueva sede, ubicada en Copiap\u00f3, fue inaugurada esta tarde junto al Ministro del Medio Ambiente, Pablo Badenier, quien expres\u00f3 que <em>\u201cla presencia de la SMA en la regi\u00f3n viene a entregar mayores niveles de certeza jur\u00eddica para la poblaci\u00f3n respecto a la fiscalizaci\u00f3n a los permisos ambientales que entrega el Sistema de Evaluaci\u00f3n de Impacto Ambiental\u201d<\/em><\/p>\n<p style=\"text-align: justify;\"><em>\u201cLa desigualdad tambi\u00e9n tiene un rostro ambiental y se expresa en la existencia en nuestro pa\u00eds de territorios y comunidades que est\u00e1n expuestas a situaciones de precariedad ambiental, en algunos casos, durante d\u00e9cadas. La superaci\u00f3n de esta condici\u00f3n constituye un imperativo no s\u00f3lo pol\u00edtico, sino en primer lugar de car\u00e1cter \u00e9tico. Estas situaciones representan una deuda del Estado de Chile con esas comunidades, deuda que debemos comenzar a saldar. Avanzar en equidad tambi\u00e9n se expresa en el cuidado por el medio ambiente y en convertir en realidad la garant\u00eda constitucional que tiene todo chileno y chilena de vivir en un medio ambiente libre de contaminaci\u00f3n\u201d<\/em>, afirm\u00f3 el Superintendente en su discurso.<\/p>\n<p style=\"text-align: justify;\">La oficina regional de la SMA estar\u00e1 encabezada por Felipe S\u00e1nchez, ingeniero forestal y mag\u00edster en Gesti\u00f3n Ambiental Metropolitana de la Universidad de Buenos Aires. Anteriormente se desempe\u00f1\u00f3 en el programa Servicio Pa\u00eds en Chilo\u00e9 y posteriormente, se desempe\u00f1\u00f3 9 a\u00f1os como director de Medio Ambiente de la Municipalidad de Castro. <em>\u201cEsto es un desaf\u00edo muy importante para m\u00ed y mi equipo, porque seremos el cable a tierra de la SMA a nivel regional, donde tenemos importantes demandas ciudadanas que buscan que las actividades productivas de la regi\u00f3n convivan con el medio ambiente y la salud de las personas\u201d.<\/em><\/p>\n<p style=\"text-align: justify;\">Con esta nueva sede la SMA completa la instalaci\u00f3n de 4 oficinas, junto a las ya existentes en Antofagasta, Santiago y Valdivia. Durante los pr\u00f3ximos meses se realizar\u00e1n las aperturas de las oficinas de Concepci\u00f3n y Valpara\u00edso.<\/p>\n","protected":false},"excerpt":{"rendered":"<p>El Superintendente del Medio Ambiente, Cristi\u00e1n Franz, cort\u00f3 la cinta de las nuevas instalaciones ubicadas en Copiap\u00f3. La ceremonia cont\u00f3 con la presencia del Ministro de Medio Ambiente, Pablo Badenier y del Intendente Miguel Vargas. Copiap\u00f3, 27 de agosto de 2015. \u201cHoy estamos cumpliendo un compromiso con esta regi\u00f3n. Cuando asumimos hace un a\u00f1o y medio [&hellip;]<\/p>\n","protected":false},"author":1,"featured_media":12537,"comment_status":"open","ping_status":"open","sticky":false,"template":"","format":"standard","meta":{"footnotes":""},"categories":[42],"tags":[],"_links":{"self":[{"href":"https:\/\/renfa.sma.gob.cl\/index.php\/wp-json\/wp\/v2\/posts\/12536"}],"collection":[{"href":"https:\/\/renfa.sma.gob.cl\/index.php\/wp-json\/wp\/v2\/posts"}],"about":[{"href":"https:\/\/renfa.sma.gob.cl\/index.php\/wp-json\/wp\/v2\/types\/post"}],"author":[{"embeddable":true,"href":"https:\/\/renfa.sma.gob.cl\/index.php\/wp-json\/wp\/v2\/users\/1"}],"replies":[{"embeddable":true,"href":"https:\/\/renfa.sma.gob.cl\/index.php\/wp-json\/wp\/v2\/comments?post=12536"}],"version-history":[{"count":1,"href":"https:\/\/renfa.sma.gob.cl\/index.php\/wp-json\/wp\/v2\/posts\/12536\/revisions"}],"predecessor-version":[{"id":12538,"href":"https:\/\/renfa.sma.gob.cl\/index.php\/wp-json\/wp\/v2\/posts\/12536\/revisions\/12538"}],"wp:featuredmedia":[{"embeddable":true,"href":"https:\/\/renfa.sma.gob.cl\/index.php\/wp-json\/wp\/v2\/media\/12537"}],"wp:attachment":[{"href":"https:\/\/renfa.sma.gob.cl\/index.php\/wp-json\/wp\/v2\/media?parent=12536"}],"wp:term":[{"taxonomy":"category","embeddable":true,"href":"https:\/\/renfa.sma.gob.cl\/index.php\/wp-json\/wp\/v2\/categories?post=12536"},{"taxonomy":"post_tag","embeddable":true,"href":"https:\/\/renfa.sma.gob.cl\/index.php\/wp-json\/wp\/v2\/tags?post=12536"}],"curies":[{"name":"wp","href":"https:\/\/api.w.org\/{rel}","templated":true}]}}