{"id":12545,"date":"2016-07-01T16:27:10","date_gmt":"2016-07-01T20:27:10","guid":{"rendered":"http:\/\/10.100.150.187\/renfa\/?p=12545"},"modified":"2016-07-01T16:31:28","modified_gmt":"2016-07-01T20:31:28","slug":"sma-actualiza-formatos-para-reportar-mediciones-de-ruido","status":"publish","type":"post","link":"https:\/\/renfa.sma.gob.cl\/index.php\/2016\/07\/01\/sma-actualiza-formatos-para-reportar-mediciones-de-ruido\/","title":{"rendered":"SMA actualiza formatos para reportar mediciones de ruido"},"content":{"rendered":"<p style=\"text-align: justify;\">Con esto se busca mejorar el est\u00e1ndar de la fiscalizaci\u00f3n asociada a la norma de emisi\u00f3n de ruidos, incluyendo antecedentes que permitan describir de mejor manera las Unidades Fiscalizables que constituyan fuentes de ruido y receptores.<\/p>\n<p style=\"text-align: justify;\">Santiago, 2 de septiembre de 2015. El pasado 21 de agosto de 2015, la Superintendencia del Medio Ambiente (SMA) aprob\u00f3 el contenido y formato de las nuevas fichas para el Informe T\u00e9cnico que se debe generar para reportar las mediciones de ruido, de acuerdo con lo indicado en la Norma de Emisi\u00f3n de Ruidos Generados por Fuentes que Indica, D.S. N\u00b0 38 del 2011 del MMA.<\/p>\n<p style=\"text-align: justify;\">El formato, aprobado mediante la Resoluci\u00f3n Exenta SMA N\u00b0 693 del 2015, introduce cambios relevantes respecto de la descripci\u00f3n de las fuentes de ruido fiscalizadas y de los receptores desde los cuales se obtienen las mediciones que permiten evaluar el cumplimiento de los niveles m\u00e1ximos permisibles de presi\u00f3n sonora corregidos.<\/p>\n<p style=\"text-align: justify;\">Otros cambios destacables corresponden a la posibilidad de ingresar en la misma ficha la informaci\u00f3n georreferencial, muy \u00fatil para ubicar en el espacio a fuentes y receptores evaluados, como tambi\u00e9n para la evaluaci\u00f3n de superaci\u00f3n de los l\u00edmites normativos. Con esta modificaci\u00f3n se contar\u00e1 con un documento que sustente toda la actividad de medici\u00f3n.<\/p>\n<p style=\"text-align: justify;\">Estos documentos quedar\u00e1n a disposici\u00f3n de autoridades, consultores y la comunidad en general, en el sitio web de la Superintendencia en diversos formatos digitales para que puedan ser utilizados en las mediciones de ruido que se realicen en el marco de fiscalizaciones, presentaci\u00f3n de proyectos al Sistema de Evaluaci\u00f3n de Impacto Ambiental y denuncias.<\/p>\n<p style=\"text-align: justify;\">Mas informaci\u00f3n en el siguiente hiperv\u00ednculo<\/p>\n<p style=\"text-align: justify;\">\n","protected":false},"excerpt":{"rendered":"<p>Con esto se busca mejorar el est\u00e1ndar de la fiscalizaci\u00f3n asociada a la norma de emisi\u00f3n de ruidos, incluyendo antecedentes que permitan describir de mejor manera las Unidades Fiscalizables que constituyan fuentes de ruido y receptores. Santiago, 2 de septiembre de 2015. El pasado 21 de agosto de 2015, la Superintendencia del Medio Ambiente (SMA) aprob\u00f3 [&hellip;]<\/p>\n","protected":false},"author":1,"featured_media":12546,"comment_status":"open","ping_status":"open","sticky":false,"template":"","format":"standard","meta":{"footnotes":""},"categories":[42],"tags":[],"_links":{"self":[{"href":"https:\/\/renfa.sma.gob.cl\/index.php\/wp-json\/wp\/v2\/posts\/12545"}],"collection":[{"href":"https:\/\/renfa.sma.gob.cl\/index.php\/wp-json\/wp\/v2\/posts"}],"about":[{"href":"https:\/\/renfa.sma.gob.cl\/index.php\/wp-json\/wp\/v2\/types\/post"}],"author":[{"embeddable":true,"href":"https:\/\/renfa.sma.gob.cl\/index.php\/wp-json\/wp\/v2\/users\/1"}],"replies":[{"embeddable":true,"href":"https:\/\/renfa.sma.gob.cl\/index.php\/wp-json\/wp\/v2\/comments?post=12545"}],"version-history":[{"count":3,"href":"https:\/\/renfa.sma.gob.cl\/index.php\/wp-json\/wp\/v2\/posts\/12545\/revisions"}],"predecessor-version":[{"id":12549,"href":"https:\/\/renfa.sma.gob.cl\/index.php\/wp-json\/wp\/v2\/posts\/12545\/revisions\/12549"}],"wp:featuredmedia":[{"embeddable":true,"href":"https:\/\/renfa.sma.gob.cl\/index.php\/wp-json\/wp\/v2\/media\/12546"}],"wp:attachment":[{"href":"https:\/\/renfa.sma.gob.cl\/index.php\/wp-json\/wp\/v2\/media?parent=12545"}],"wp:term":[{"taxonomy":"category","embeddable":true,"href":"https:\/\/renfa.sma.gob.cl\/index.php\/wp-json\/wp\/v2\/categories?post=12545"},{"taxonomy":"post_tag","embeddable":true,"href":"https:\/\/renfa.sma.gob.cl\/index.php\/wp-json\/wp\/v2\/tags?post=12545"}],"curies":[{"name":"wp","href":"https:\/\/api.w.org\/{rel}","templated":true}]}}