{"id":12553,"date":"2016-07-01T16:36:57","date_gmt":"2016-07-01T20:36:57","guid":{"rendered":"http:\/\/10.100.150.187\/renfa\/?p=12553"},"modified":"2018-04-06T12:23:16","modified_gmt":"2018-04-06T15:23:16","slug":"sma-participa-de-workshop-en-centro-nacional-de-metrologia-en-mexico","status":"publish","type":"post","link":"https:\/\/renfa.sma.gob.cl\/index.php\/2016\/07\/01\/sma-participa-de-workshop-en-centro-nacional-de-metrologia-en-mexico\/","title":{"rendered":"SMA participa de workshop en &#8220;Centro Nacional de Metrolog\u00eda&#8221; en M\u00e9xico"},"content":{"rendered":"<p style=\"text-align: justify;\"><strong>La Superintendencia del Medio Ambiente particip\u00f3, junto al Instituto Nacional de Normalizaci\u00f3n (INN), en el taller denominado: \u201cTraining Workshop on Measurement of Gas Concentrations for Monitoring Air Quality and Climate Change\u201d, realizado en el Centro Nacional de Metrolog\u00eda (CENAM) en la ciudad de Santiago de Quer\u00e9taro, M\u00e9xico.<\/strong><\/p>\n<p style=\"text-align: justify;\"><strong>Santiago de Quer\u00e9taro, M\u00e9xico, 10 de Septiembre.<\/strong> La SMA, a trav\u00e9s de la &#8220;Secci\u00f3n de Autorizaci\u00f3n y Seguimiento a Terceros&#8221; de la Divisi\u00f3n de Fiscalizaci\u00f3n, particip\u00f3 junto a otros pa\u00edses (Argentina, Barbados, Colombia, Costa Rica, Guatemala, Jamaica, Panam\u00e1, Per\u00fa y Trinidad y Tobago) en taller organizado por el Departamento de Desarrollo Sostenible de la Organizaci\u00f3n de los Estados Americanos (OEA), en cooperaci\u00f3n con el Centro Nacional de Metrolog\u00eda de M\u00e9xico (CENAM), y el Instituto Nacional de Est\u00e1ndares y Tecnolog\u00eda de los Estados Unidos (NIST). La actividad se enmarca en el proyecto \u201cEnerg\u00edas Renovables y Ciencias del Clima: Metrolog\u00eda y Retos Tecnol\u00f3gicos en las Am\u00e9ricas\u201d.<\/p>\n<p style=\"text-align: justify;\">El taller estuvo orientado a proporcionar formaci\u00f3n t\u00e9cnica sobre diferentes programas de emisiones m\u00f3viles, desarrollo de est\u00e1ndares de medici\u00f3n, preparaci\u00f3n y certificaci\u00f3n de mezclas de gases, calidad del aire y mediciones de Gases de Efecto Invernadero (GEI), a funcionarios p\u00fablicos de los Centros Nacionales de Metrolog\u00eda de la regi\u00f3n. La asistencia de la Divisi\u00f3n de Fiscalizaci\u00f3n de la SMA permite fortalecer sus capacidades t\u00e9cnicas al respecto.<\/p>\n<p style=\"text-align: justify;\">Adem\u00e1s de los aspectos t\u00e9cnicos presentados, se discuti\u00f3 sobre la necesidad de integrar la metrolog\u00eda a las mediciones ambientales, de manera de aumentar la confianza en las mediciones asociadas al seguimiento de las normas ambientales (as\u00ed como tambi\u00e9n a las asociadas al levantamiento de las l\u00edneas de base para los Estudios de Impacto Ambiental), y de asegurar la generaci\u00f3n de datos de calidad para el apoyo a la toma de decisiones y la facilitaci\u00f3n de la comparaci\u00f3n en caso de controversias.<\/p>\n<p style=\"text-align: justify;\">Cabe destacar que uno de los \u00e1mbitos en los que Chile ha integrado aspectos metrol\u00f3gicos a las mediciones ambientales, se relaciona a la implementaci\u00f3n del Protocolo de Validaci\u00f3n de <a href=\"http:\/\/www.sma.gob.cl\/index.php\/noticias\/comunicados\/209-sma-publica-protocolo-de-sistemas-de-monitoreo-para-termoelectricas\" target=\"_blank\">Sistemas de Monitoreo Continuo de Mediciones (CEMS) para Centrales Termoel\u00e9ctricas<\/a>, basado en directrices t\u00e9cnicas de la Agencia de Protecci\u00f3n Ambiental (EPA), as\u00ed como tambi\u00e9n la acreditaci\u00f3n de 4 estaciones de monitoreo de calidad del aire de la Red MACAM bajo la norma ISO\/CEI 17025:2005.<\/p>\n<p style=\"text-align: justify;\">Para seguir avanzando en ese sentido, la SMA firm\u00f3 un Convenio de Colaboraci\u00f3n con el INN de manera de aumentar los est\u00e1ndares para las mediciones ambientales a trav\u00e9s de la acreditaci\u00f3n de los postulantes a Entidades T\u00e9cnicas de Fiscalizaci\u00f3n Ambiental bajo las normas NCh-ISO17025.Of.2005 y\/o NCh-ISO17020-2012 seg\u00fan corresponda, lo que implica el establecimiento de requisitos t\u00e9cnicos y metrol\u00f3gicos a dichos organismos, entre otras exigencias, lo que es un aporte a los lineamientos estrat\u00e9gicos para la regulaci\u00f3n de las Entidades T\u00e9cnicas de Fiscalizaci\u00f3n Ambiental.<\/p>\n","protected":false},"excerpt":{"rendered":"<p>La Superintendencia del Medio Ambiente particip\u00f3, junto al Instituto Nacional de Normalizaci\u00f3n (INN), en el taller denominado: \u201cTraining Workshop on Measurement of Gas Concentrations for Monitoring Air Quality and Climate Change\u201d, realizado en el Centro Nacional de Metrolog\u00eda (CENAM) en la ciudad de Santiago de Quer\u00e9taro, M\u00e9xico. Santiago de Quer\u00e9taro, M\u00e9xico, 10 de Septiembre. La SMA, [&hellip;]<\/p>\n","protected":false},"author":1,"featured_media":12554,"comment_status":"open","ping_status":"open","sticky":false,"template":"","format":"standard","meta":{"footnotes":""},"categories":[42],"tags":[],"_links":{"self":[{"href":"https:\/\/renfa.sma.gob.cl\/index.php\/wp-json\/wp\/v2\/posts\/12553"}],"collection":[{"href":"https:\/\/renfa.sma.gob.cl\/index.php\/wp-json\/wp\/v2\/posts"}],"about":[{"href":"https:\/\/renfa.sma.gob.cl\/index.php\/wp-json\/wp\/v2\/types\/post"}],"author":[{"embeddable":true,"href":"https:\/\/renfa.sma.gob.cl\/index.php\/wp-json\/wp\/v2\/users\/1"}],"replies":[{"embeddable":true,"href":"https:\/\/renfa.sma.gob.cl\/index.php\/wp-json\/wp\/v2\/comments?post=12553"}],"version-history":[{"count":1,"href":"https:\/\/renfa.sma.gob.cl\/index.php\/wp-json\/wp\/v2\/posts\/12553\/revisions"}],"predecessor-version":[{"id":12555,"href":"https:\/\/renfa.sma.gob.cl\/index.php\/wp-json\/wp\/v2\/posts\/12553\/revisions\/12555"}],"wp:featuredmedia":[{"embeddable":true,"href":"https:\/\/renfa.sma.gob.cl\/index.php\/wp-json\/wp\/v2\/media\/12554"}],"wp:attachment":[{"href":"https:\/\/renfa.sma.gob.cl\/index.php\/wp-json\/wp\/v2\/media?parent=12553"}],"wp:term":[{"taxonomy":"category","embeddable":true,"href":"https:\/\/renfa.sma.gob.cl\/index.php\/wp-json\/wp\/v2\/categories?post=12553"},{"taxonomy":"post_tag","embeddable":true,"href":"https:\/\/renfa.sma.gob.cl\/index.php\/wp-json\/wp\/v2\/tags?post=12553"}],"curies":[{"name":"wp","href":"https:\/\/api.w.org\/{rel}","templated":true}]}}