{"id":12562,"date":"2016-07-01T16:46:49","date_gmt":"2016-07-01T20:46:49","guid":{"rendered":"http:\/\/10.100.150.187\/renfa\/?p=12562"},"modified":"2018-04-06T12:23:16","modified_gmt":"2018-04-06T15:23:16","slug":"sma-realizara-reuniones-regionales-con-organismos-sectoriales-en-el-marco-del-plan-de-trabajo-de-la-renfa","status":"publish","type":"post","link":"https:\/\/renfa.sma.gob.cl\/index.php\/2016\/07\/01\/sma-realizara-reuniones-regionales-con-organismos-sectoriales-en-el-marco-del-plan-de-trabajo-de-la-renfa\/","title":{"rendered":"SMA realizar\u00e1 reuniones regionales con Organismos Sectoriales en el marco del plan de trabajo de la RENFA"},"content":{"rendered":"<p style=\"text-align: justify;\"><strong>Las actividades regionales buscan reforzar las capacidades de los funcionarios que desempe\u00f1an actividades de fiscalizaci\u00f3n, adem\u00e1s de reconocer las prioridades regionales de fiscalizaci\u00f3n de cada Servicio para el a\u00f1o 2016.<\/strong><\/p>\n<p style=\"text-align: justify;\">Santiago, 20 de octubre de 2015. En el marco del Plan de trabajo establecido por la Superintendencia del Medio Ambiente (SMA) para el a\u00f1o 2015, para la Red Nacional de Fiscalizaci\u00f3n Ambiental (RENFA), se ha definido desarrollar actividades destinadas a los funcionarios de los Organismos Sectoriales que desarrollan actividades de fiscalizaci\u00f3n ambiental. En dicho contexto, durante los meses de octubre y noviembre se contemplan desarrollar jornadas de trabajo a nivel regional, con la finalidad de:<\/p>\n<p style=\"text-align: justify;\">Presentar los alcances del instructivo de seguimiento ambiental (Resoluci\u00f3n N\u00b0 223\/2015 de la SMA).<br \/>\nPresentar aspectos de herramienta inform\u00e1tica para la gesti\u00f3n de informes de seguimiento ambiental.<br \/>\nPresentar proyecto de catastro de funcionarios que desempe\u00f1an actividades de fiscalizaci\u00f3n ambiental.<br \/>\nReforzar aspectos asociados a la planificaci\u00f3n de la inspecci\u00f3n ambiental y el llenado del acta respectiva.<br \/>\nRevisar propuestas de programas de fiscalizaci\u00f3n de Resoluciones de Calificaci\u00f3n Ambiental para el a\u00f1o 2016.<\/p>\n<p style=\"text-align: justify;\">Una vez finalizadas las consultas regionales se realizaran reuniones con los Niveles Centrales de los Organismos Sectoriales, para ajustar y validar la programaci\u00f3n, as\u00ed como presentar los resultados de las reuniones de consulta regional.<\/p>\n<p style=\"text-align: justify;\">En el mes de octubre se realizar\u00e1n las siguientes reuniones:<\/p>\n<p>21-oct (mi\u00e9rcoles): Regi\u00f3n de Ays\u00e9n.<br \/>\n23-oct (viernes): Regi\u00f3n de O\u2019Higgins.<br \/>\n27-oct (martes): Regi\u00f3n Metropolitana y Regi\u00f3n de los R\u00edos.<br \/>\n28-oct (mi\u00e9rcoles): Regi\u00f3n del Maule.<br \/>\n29-oct (jueves): Regi\u00f3n de Antofagasta.<br \/>\n30-oct (viernes): Regi\u00f3n de la Araucan\u00eda.<\/p>\n<p style=\"text-align: justify;\">En noviembre corresponde la realizaci\u00f3n de las siguientes reuniones:<\/p>\n<p style=\"text-align: justify;\">3-nov (martes): Regi\u00f3n de Arica y Parinacota, y Regi\u00f3n de los Lagos.<br \/>\n4-nov (mi\u00e9rcoles): Regi\u00f3n de Atacama y Regi\u00f3n de Coquimbo.<br \/>\n5-nov (jueves): Regi\u00f3n de Tarapac\u00e1 y Regi\u00f3n del Biob\u00edo.<br \/>\n6-nov (viernes): Regi\u00f3n de Valpara\u00edso y Regi\u00f3n de Magallanes.<\/p>\n","protected":false},"excerpt":{"rendered":"<p>Las actividades regionales buscan reforzar las capacidades de los funcionarios que desempe\u00f1an actividades de fiscalizaci\u00f3n, adem\u00e1s de reconocer las prioridades regionales de fiscalizaci\u00f3n de cada Servicio para el a\u00f1o 2016. Santiago, 20 de octubre de 2015. En el marco del Plan de trabajo establecido por la Superintendencia del Medio Ambiente (SMA) para el a\u00f1o 2015, para [&hellip;]<\/p>\n","protected":false},"author":1,"featured_media":12563,"comment_status":"open","ping_status":"open","sticky":false,"template":"","format":"standard","meta":{"footnotes":""},"categories":[42],"tags":[],"_links":{"self":[{"href":"https:\/\/renfa.sma.gob.cl\/index.php\/wp-json\/wp\/v2\/posts\/12562"}],"collection":[{"href":"https:\/\/renfa.sma.gob.cl\/index.php\/wp-json\/wp\/v2\/posts"}],"about":[{"href":"https:\/\/renfa.sma.gob.cl\/index.php\/wp-json\/wp\/v2\/types\/post"}],"author":[{"embeddable":true,"href":"https:\/\/renfa.sma.gob.cl\/index.php\/wp-json\/wp\/v2\/users\/1"}],"replies":[{"embeddable":true,"href":"https:\/\/renfa.sma.gob.cl\/index.php\/wp-json\/wp\/v2\/comments?post=12562"}],"version-history":[{"count":10,"href":"https:\/\/renfa.sma.gob.cl\/index.php\/wp-json\/wp\/v2\/posts\/12562\/revisions"}],"predecessor-version":[{"id":12573,"href":"https:\/\/renfa.sma.gob.cl\/index.php\/wp-json\/wp\/v2\/posts\/12562\/revisions\/12573"}],"wp:featuredmedia":[{"embeddable":true,"href":"https:\/\/renfa.sma.gob.cl\/index.php\/wp-json\/wp\/v2\/media\/12563"}],"wp:attachment":[{"href":"https:\/\/renfa.sma.gob.cl\/index.php\/wp-json\/wp\/v2\/media?parent=12562"}],"wp:term":[{"taxonomy":"category","embeddable":true,"href":"https:\/\/renfa.sma.gob.cl\/index.php\/wp-json\/wp\/v2\/categories?post=12562"},{"taxonomy":"post_tag","embeddable":true,"href":"https:\/\/renfa.sma.gob.cl\/index.php\/wp-json\/wp\/v2\/tags?post=12562"}],"curies":[{"name":"wp","href":"https:\/\/api.w.org\/{rel}","templated":true}]}}