{"id":12578,"date":"2016-07-01T17:01:43","date_gmt":"2016-07-01T21:01:43","guid":{"rendered":"http:\/\/10.100.150.187\/renfa\/?p=12578"},"modified":"2016-07-01T17:01:43","modified_gmt":"2016-07-01T21:01:43","slug":"sma-participa-en-el-tercer-encuentro-de-la-red-sudamericana-de-fiscalizacion-y-cumplimiento-ambiental","status":"publish","type":"post","link":"https:\/\/renfa.sma.gob.cl\/index.php\/2016\/07\/01\/sma-participa-en-el-tercer-encuentro-de-la-red-sudamericana-de-fiscalizacion-y-cumplimiento-ambiental\/","title":{"rendered":"SMA participa en el Tercer Encuentro de la Red Sudamericana de Fiscalizaci\u00f3n y Cumplimiento Ambiental"},"content":{"rendered":"<p style=\"text-align: justify;\"><strong>Entre el 09 y el 10 de noviembre se desarroll\u00f3 en Lima el encuentro que design\u00f3 al Ministerio de Medio Ambiente de Ecuador como presidente de la Red para el per\u00edodo noviembre de 2015 a noviembre de 2016.<\/strong><\/p>\n<p style=\"text-align: justify;\"><strong>Santiago, 11 de noviembre de 2015.<\/strong> En el marco del plan de trabajo internacional que ha desarrollado la Superintendencia del Medio Ambiente (SMA) para fortalecer los procedimientos de fiscalizaci\u00f3n y sanci\u00f3n a nivel nacional, el Superintendente Cristi\u00e1n Franz, particip\u00f3 del Tercer encuentro de la Red Sudamericana de Fiscalizaci\u00f3n y Cumplimiento Ambiental, presentando el balance de la fiscalizaci\u00f3n ambiental y de los procesos sancionatorios llevados a cabo en Chile durante el \u00faltimo a\u00f1o.<\/p>\n<p style=\"text-align: justify;\"><a href=\"http:\/\/www.redsufica.org\/\" target=\"_blank\">La Red Sudamericana de Fiscalizaci\u00f3n y Cumplimiento Ambiental<\/a> es una organizaci\u00f3n integrada por instituciones p\u00fablicas que ejercen funciones de fiscalizaci\u00f3n ambiental en Brasil, Chile, Colombia, Ecuador, Paraguay y Per\u00fa<\/p>\n<p style=\"text-align: justify;\">La Red surge con el objetivo de mejorar la fiscalizaci\u00f3n y el cumplimiento ambiental de toda la regi\u00f3n de Sudam\u00e9rica, ratificando el compromiso de avanzar en la labor de protecci\u00f3n del ambiente en este continente, y fortaleciendo el rol de los organismos involucrados en la fiscalizaci\u00f3n y cumplimiento ambiental.<\/p>\n<p style=\"text-align: justify;\">En ese sentido, las entidades que conforman la Red buscan solucionar los problemas y efectos ambientales transfronterizos, desarrollar los indicadores asociados a la fiscalizaci\u00f3n y cumplimiento ambiental a nivel regional, fortalecer la capacidad de los profesionales a trav\u00e9s de capacitaciones, as\u00ed como compartir las pr\u00e1cticas internacionales, informaci\u00f3n y enfoques sobre problemas ambientales en los distintos pa\u00edses.<\/p>\n<p style=\"text-align: justify;\">Durante esta tercera reuni\u00f3n de trabajo, se presentaron los balances en materia de fiscalizaci\u00f3n de Per\u00fa, Brasil, Ecuador, Paraguay y Chile, compartiendo a la vez experiencias de buenas pr\u00e1cticas en materia de fiscalizaci\u00f3n y de promoci\u00f3n de cumplimiento a nivel regional. Adicionalmente, durante el evento, el Ministerio del Medio Ambiente de Ecuador fue designado para presidir la presidencia pro tempore de la red, por el periodo noviembre 2015 y noviembre 2016.<\/p>\n<p style=\"text-align: justify;\">Al finalizar la actividad, el Superintendente Cristi\u00e1n Franz, plante\u00f3 la importancia de reforzar el trabajo de la Red a nivel latinoamericano, a\u00f1adiendo que esta plataforma de trabajo puede mejorar la gesti\u00f3n de la SMA a trav\u00e9s del conocimiento de las mejores pr\u00e1cticas en materia de fiscalizaci\u00f3n, promoci\u00f3n del cumplimiento y aplicaci\u00f3n de procesos sancionatorio, que se aplican en otros pa\u00edses de la regi\u00f3n ante problemas ambientales similares.<\/p>\n","protected":false},"excerpt":{"rendered":"<p>Entre el 09 y el 10 de noviembre se desarroll\u00f3 en Lima el encuentro que design\u00f3 al Ministerio de Medio Ambiente de Ecuador como presidente de la Red para el per\u00edodo noviembre de 2015 a noviembre de 2016. Santiago, 11 de noviembre de 2015. En el marco del plan de trabajo internacional que ha desarrollado la [&hellip;]<\/p>\n","protected":false},"author":1,"featured_media":12579,"comment_status":"open","ping_status":"open","sticky":false,"template":"","format":"standard","meta":{"footnotes":""},"categories":[42],"tags":[],"_links":{"self":[{"href":"https:\/\/renfa.sma.gob.cl\/index.php\/wp-json\/wp\/v2\/posts\/12578"}],"collection":[{"href":"https:\/\/renfa.sma.gob.cl\/index.php\/wp-json\/wp\/v2\/posts"}],"about":[{"href":"https:\/\/renfa.sma.gob.cl\/index.php\/wp-json\/wp\/v2\/types\/post"}],"author":[{"embeddable":true,"href":"https:\/\/renfa.sma.gob.cl\/index.php\/wp-json\/wp\/v2\/users\/1"}],"replies":[{"embeddable":true,"href":"https:\/\/renfa.sma.gob.cl\/index.php\/wp-json\/wp\/v2\/comments?post=12578"}],"version-history":[{"count":1,"href":"https:\/\/renfa.sma.gob.cl\/index.php\/wp-json\/wp\/v2\/posts\/12578\/revisions"}],"predecessor-version":[{"id":12580,"href":"https:\/\/renfa.sma.gob.cl\/index.php\/wp-json\/wp\/v2\/posts\/12578\/revisions\/12580"}],"wp:featuredmedia":[{"embeddable":true,"href":"https:\/\/renfa.sma.gob.cl\/index.php\/wp-json\/wp\/v2\/media\/12579"}],"wp:attachment":[{"href":"https:\/\/renfa.sma.gob.cl\/index.php\/wp-json\/wp\/v2\/media?parent=12578"}],"wp:term":[{"taxonomy":"category","embeddable":true,"href":"https:\/\/renfa.sma.gob.cl\/index.php\/wp-json\/wp\/v2\/categories?post=12578"},{"taxonomy":"post_tag","embeddable":true,"href":"https:\/\/renfa.sma.gob.cl\/index.php\/wp-json\/wp\/v2\/tags?post=12578"}],"curies":[{"name":"wp","href":"https:\/\/api.w.org\/{rel}","templated":true}]}}