{"id":12596,"date":"2016-07-04T10:55:33","date_gmt":"2016-07-04T14:55:33","guid":{"rendered":"http:\/\/10.100.150.187\/renfa\/?p=12596"},"modified":"2018-04-06T12:23:15","modified_gmt":"2018-04-06T15:23:15","slug":"sma-realiza-evaluacion-del-trabajo-realizado-por-la-red-nacional-de-fiscalizacion-en-2015","status":"publish","type":"post","link":"https:\/\/renfa.sma.gob.cl\/index.php\/2016\/07\/04\/sma-realiza-evaluacion-del-trabajo-realizado-por-la-red-nacional-de-fiscalizacion-en-2015\/","title":{"rendered":"SMA realiza evaluaci\u00f3n del trabajo realizado por la Red Nacional de Fiscalizaci\u00f3n en 2015"},"content":{"rendered":"<p style=\"text-align: justify;\"><strong>En la cita que congreg\u00f3 a representantes de 14 servicios p\u00fablicos, adem\u00e1s se establecieron prioridades para los desaf\u00edos del trabajo de fiscalizaci\u00f3n ambiental en 2016.<\/strong><\/p>\n<p style=\"text-align: justify;\"><strong>Santiago, 10 de diciembre de 2015.<\/strong> Esta ma\u00f1ana se realiz\u00f3 en dependencias de la Superintendencia del Medio Ambiente (SMA) la segunda reuni\u00f3n anual del consejo consultivo de la Red Nacional de Fiscalizaci\u00f3n Ambiental (RENFA).<\/p>\n<p style=\"text-align: justify;\">La cita, encabezada por el Superintendente del Medio Ambiente, Cristi\u00e1n Franz, busc\u00f3 realizar un an\u00e1lisis respecto de los resultados de las actividades de fiscalizaci\u00f3n 2015. <em>\u201cNuestro trabajo como Red, ha sido tan importante en estos \u00faltimos a\u00f1os, que ya se comienza a materializar los primeros logros. Por ejemplo, en materia de fiscalizaci\u00f3n ambiental de RCA, durante estos \u00faltimos tres a\u00f1os hemos fiscalizado en conjunto m\u00e1s de 1.200 Unidades Fiscalizables a nivel pa\u00eds, con cerca de 2.700 RCAs fiscalizadas, esto es un gran avance en materia de verificaci\u00f3n de nuestros permisos ambientales, ya que nos ha permitido reconocer las fortalezas y debilidades de estos\u201d.<\/em><\/p>\n<p style=\"text-align: justify;\">Adicionalmente, el Superintendente indic\u00f3 que se est\u00e1 trabajando en la estandarizaci\u00f3n de procedimientos, conceptos, informaci\u00f3n y formas de trabajar. En ese sentido, explic\u00f3 que se busca uniformar la fiscalizaci\u00f3n de hallazgos de relevancia ambiental, lo que permita levantar pruebas de alto valor a la hora de encontrar desviaciones que requieran un posterior procedimiento sancionatorio. <em>\u201cUstedes saben que el est\u00e1ndar de las multas cambi\u00f3, es mucho m\u00e1s alto. Pero las multas en s\u00ed mismas no son un fin, sino un medio para lograr disuadir a los infractores y lograr un mayor cumplimiento ambiental en Chile\u201d,<\/em> asegur\u00f3.<\/p>\n<p style=\"text-align: justify;\">Entre los puntos a destacar, el Superintendente indic\u00f3 que este a\u00f1o en el marco de la RENFA se han realizado actividades de capacitaci\u00f3n, las que han incluido talleres dictados por la <a href=\"http:\/\/renfa.sma.gob.cl\/index.php\/biblioteca\/capacitacion\/detail\" target=\"_blank\">Environmental Protection Agency de Estados Unidos (US-EPA)<\/a>, los que han involucrado a 200 profesionales de los 16 servicios participantes de la RENFA. Adicionalmente, se est\u00e1 trabajando en la conformaci\u00f3n de un <a href=\"http:\/\/renfa.sma.gob.cl\/index.php\/17-proyectos\/101-catastro\" target=\"_blank\">&#8220;Catastro nacional de funcionarios que desarrollan actividades de fiscalizaci\u00f3n ambiental&#8221;<\/a>, lo cual permitir\u00e1 saber con exactitud las necesidades de formaci\u00f3n de los profesionales que conforman RENFA y las competencias acad\u00e9micas y profesionales de estos.<\/p>\n<p style=\"text-align: justify;\">Respecto de los desaf\u00edos 2016, se explic\u00f3 que se buscar\u00e1 aumentar la coordinaci\u00f3n de la Red, especialmente en las regiones, a trav\u00e9s de redes regionales de fiscalizaci\u00f3n ambiental. Esto ya se ha reforzado en las zonas donde se han instalado oficinas de la SMA, como Antofagasta, Atacama, Valpara\u00edso, Santiago, Biob\u00edo y Los R\u00edos. Se buscar\u00e1 replicar el trabajo en las regiones donde el pr\u00f3ximo a\u00f1o la SMA instalar\u00e1 nuevas dependencias, como Tarapac\u00e1, O\u2019Higgins y Los Lagos.<\/p>\n<p style=\"text-align: justify;\">Cabe recordar que RENFA se conform\u00f3 en agosto de 2014 y es una plataforma que genera sinergias, integraci\u00f3n y trabajo colaborativo entre 16 servicios p\u00fablicos que integran la Red, encabezada por la SMA. La red permite un trabajo de fiscalizaci\u00f3n y cumplimiento coordinado y con mayores eficiencias en el uso de los recursos del Estado.<\/p>\n<p style=\"text-align: justify;\">La presentaci\u00f3n expuesta en la ocasi\u00f3n puede ser descargada desde el siguiente <a href=\"http:\/\/renfa.sma.gob.cl\/index.php\/biblioteca\/6-presentaciones-renfa\/2015-12-10-presentacion-de-validacion-del-programa-y-subprogramas-2016\/2015-12-10-ppt-renfa\/detail\" target=\"_blank\">hiperv\u00ednculo.<\/a><\/p>\n","protected":false},"excerpt":{"rendered":"<p>En la cita que congreg\u00f3 a representantes de 14 servicios p\u00fablicos, adem\u00e1s se establecieron prioridades para los desaf\u00edos del trabajo de fiscalizaci\u00f3n ambiental en 2016. Santiago, 10 de diciembre de 2015. Esta ma\u00f1ana se realiz\u00f3 en dependencias de la Superintendencia del Medio Ambiente (SMA) la segunda reuni\u00f3n anual del consejo consultivo de la Red Nacional de [&hellip;]<\/p>\n","protected":false},"author":1,"featured_media":12599,"comment_status":"open","ping_status":"open","sticky":false,"template":"","format":"standard","meta":{"footnotes":""},"categories":[42],"tags":[],"_links":{"self":[{"href":"https:\/\/renfa.sma.gob.cl\/index.php\/wp-json\/wp\/v2\/posts\/12596"}],"collection":[{"href":"https:\/\/renfa.sma.gob.cl\/index.php\/wp-json\/wp\/v2\/posts"}],"about":[{"href":"https:\/\/renfa.sma.gob.cl\/index.php\/wp-json\/wp\/v2\/types\/post"}],"author":[{"embeddable":true,"href":"https:\/\/renfa.sma.gob.cl\/index.php\/wp-json\/wp\/v2\/users\/1"}],"replies":[{"embeddable":true,"href":"https:\/\/renfa.sma.gob.cl\/index.php\/wp-json\/wp\/v2\/comments?post=12596"}],"version-history":[{"count":1,"href":"https:\/\/renfa.sma.gob.cl\/index.php\/wp-json\/wp\/v2\/posts\/12596\/revisions"}],"predecessor-version":[{"id":12598,"href":"https:\/\/renfa.sma.gob.cl\/index.php\/wp-json\/wp\/v2\/posts\/12596\/revisions\/12598"}],"wp:featuredmedia":[{"embeddable":true,"href":"https:\/\/renfa.sma.gob.cl\/index.php\/wp-json\/wp\/v2\/media\/12599"}],"wp:attachment":[{"href":"https:\/\/renfa.sma.gob.cl\/index.php\/wp-json\/wp\/v2\/media?parent=12596"}],"wp:term":[{"taxonomy":"category","embeddable":true,"href":"https:\/\/renfa.sma.gob.cl\/index.php\/wp-json\/wp\/v2\/categories?post=12596"},{"taxonomy":"post_tag","embeddable":true,"href":"https:\/\/renfa.sma.gob.cl\/index.php\/wp-json\/wp\/v2\/tags?post=12596"}],"curies":[{"name":"wp","href":"https:\/\/api.w.org\/{rel}","templated":true}]}}