{"id":12647,"date":"2016-07-04T12:25:57","date_gmt":"2016-07-04T16:25:57","guid":{"rendered":"http:\/\/10.100.150.187\/renfa\/?p=12647"},"modified":"2016-07-04T12:28:56","modified_gmt":"2016-07-04T16:28:56","slug":"sma-inicia-ciclo-de-programacion-2017","status":"publish","type":"post","link":"https:\/\/renfa.sma.gob.cl\/index.php\/2016\/07\/04\/sma-inicia-ciclo-de-programacion-2017\/","title":{"rendered":"SMA inicia Ciclo de Programaci\u00f3n 2017"},"content":{"rendered":"<p style=\"text-align: justify;\"><strong>SMA da inicio al Ciclo de Programaci\u00f3n para el a\u00f1o 2017<\/strong><\/p>\n<p style=\"text-align: justify;\">Por medio de la Resoluci\u00f3n Exenta N\u00b0 149 del 18 de febrero de 2016, se dio inicio al <a href=\"http:\/\/renfa.sma.gob.cl\/index.php\/biblioteca\/instructivos-fiscalizacion\/instructivo-2015-res-ex-1171-cdp\/detail\" target=\"_blank\">Ciclo de Programaci\u00f3n para el a\u00f1o 2017,<\/a> el que busca generar los programas y subprogramas de fiscalizaci\u00f3n ambiental para el a\u00f1o 2017.<\/p>\n<p style=\"text-align: justify;\">En conformidad a lo estipulado en el Art\u00edculo 17 de la Ley org\u00e1nica de la Superintendencia del Medio Ambiente (LO-SMA), el Ciclo de Programaci\u00f3n contempla distintas etapas que involucran a los organismos sectoriales que conforman la RENFA, entre las cual se cuentan:<\/p>\n<p style=\"text-align: justify;\">\u00b7 Reuniones con contrapartes t\u00e9cnicas de los organismos sectoriales.<\/p>\n<p style=\"text-align: justify;\">\u00b7 Solicitud de prioridades de fiscalizaci\u00f3n ambiental, presupuestos e indicadores a los organismos sectoriales<\/p>\n<p style=\"text-align: justify;\">\u00b7 Consultas regionales a los organismos sectoriales.<\/p>\n<p style=\"text-align: justify;\">\u00b7 Validaciones a nivel central con los organismos sectoriales.<\/p>\n<p style=\"text-align: justify;\">Las fechas de las distintas etapas ser\u00e1n actualizadas en la secci\u00f3n \u201cCalendario\u201d.<\/p>\n","protected":false},"excerpt":{"rendered":"<p>SMA da inicio al Ciclo de Programaci\u00f3n para el a\u00f1o 2017 Por medio de la Resoluci\u00f3n Exenta N\u00b0 149 del 18 de febrero de 2016, se dio inicio al Ciclo de Programaci\u00f3n para el a\u00f1o 2017, el que busca generar los programas y subprogramas de fiscalizaci\u00f3n ambiental para el a\u00f1o 2017. En conformidad a lo estipulado [&hellip;]<\/p>\n","protected":false},"author":1,"featured_media":12601,"comment_status":"open","ping_status":"open","sticky":false,"template":"","format":"standard","meta":{"footnotes":""},"categories":[42],"tags":[],"_links":{"self":[{"href":"https:\/\/renfa.sma.gob.cl\/index.php\/wp-json\/wp\/v2\/posts\/12647"}],"collection":[{"href":"https:\/\/renfa.sma.gob.cl\/index.php\/wp-json\/wp\/v2\/posts"}],"about":[{"href":"https:\/\/renfa.sma.gob.cl\/index.php\/wp-json\/wp\/v2\/types\/post"}],"author":[{"embeddable":true,"href":"https:\/\/renfa.sma.gob.cl\/index.php\/wp-json\/wp\/v2\/users\/1"}],"replies":[{"embeddable":true,"href":"https:\/\/renfa.sma.gob.cl\/index.php\/wp-json\/wp\/v2\/comments?post=12647"}],"version-history":[{"count":2,"href":"https:\/\/renfa.sma.gob.cl\/index.php\/wp-json\/wp\/v2\/posts\/12647\/revisions"}],"predecessor-version":[{"id":12649,"href":"https:\/\/renfa.sma.gob.cl\/index.php\/wp-json\/wp\/v2\/posts\/12647\/revisions\/12649"}],"wp:featuredmedia":[{"embeddable":true,"href":"https:\/\/renfa.sma.gob.cl\/index.php\/wp-json\/wp\/v2\/media\/12601"}],"wp:attachment":[{"href":"https:\/\/renfa.sma.gob.cl\/index.php\/wp-json\/wp\/v2\/media?parent=12647"}],"wp:term":[{"taxonomy":"category","embeddable":true,"href":"https:\/\/renfa.sma.gob.cl\/index.php\/wp-json\/wp\/v2\/categories?post=12647"},{"taxonomy":"post_tag","embeddable":true,"href":"https:\/\/renfa.sma.gob.cl\/index.php\/wp-json\/wp\/v2\/tags?post=12647"}],"curies":[{"name":"wp","href":"https:\/\/api.w.org\/{rel}","templated":true}]}}