{"id":12653,"date":"2016-07-04T12:37:36","date_gmt":"2016-07-04T16:37:36","guid":{"rendered":"http:\/\/10.100.150.187\/renfa\/?p=12653"},"modified":"2016-07-28T12:15:56","modified_gmt":"2016-07-28T16:15:56","slug":"taller-de-fiscalizacion-ambiental-conadi","status":"publish","type":"post","link":"https:\/\/renfa.sma.gob.cl\/index.php\/2016\/07\/04\/taller-de-fiscalizacion-ambiental-conadi\/","title":{"rendered":"Taller de Fiscalizaci\u00f3n Ambiental CONADI"},"content":{"rendered":"<p style=\"text-align: justify;\"><strong>SMA dicta taller de Fiscalizaci\u00f3n Ambiental a funcionarios de CONADI.<\/strong><\/p>\n<p style=\"text-align: justify;\">Con un taller sobre el Procedimiento de Fiscalizaci\u00f3n Ambiental seg\u00fan la Res. Ex. 1.184\/2015, dirigido a Organismos Sectoriales que realizan acciones de fiscalizaci\u00f3n ambiental en el marco de la Red Nacional de Fiscalizaci\u00f3n Ambiental (RENFA), la Superintendencia dio inicio a su <a href=\"http:\/\/renfa.sma.gob.cl\/index.php\/117-plan-anual-de-encuentros-renfa-2016\" target=\"_blank\">Plan anual de Encuentros RENFA.<\/a><\/p>\n<p style=\"text-align: justify;\">El taller estuvo dirigido a los profesionales de la Unidad de Medio Ambiente (UMA) de la Corporaci\u00f3n Nacional de Desarrollo Ind\u00edgena (CONADI), instituci\u00f3n especializada en la componente ambiental Grupos Humanos, m\u00e1s espec\u00edficamente Grupos Humanos Ind\u00edgenas. La realizaci\u00f3n de este taller se fundament\u00f3 en que a partir del a\u00f1o 2016, este organismo desarrollar\u00e1 su primer Subprograma de Fiscalizaci\u00f3n Ambiental.<\/p>\n<p style=\"text-align: justify;\">El taller, ejecutado el d\u00eda jueves 10 de marzo, fue moderado por profesionales de la Divisi\u00f3n de Fiscalizaci\u00f3n y en \u00e9l participaron profesionales de la UMA de Arica a Magallanes, quienes adem\u00e1s de valorar la realizaci\u00f3n de la actividad, participaron activamente de esta instancia, entregando su experiencia y conocimiento, los que ser\u00e1n incorporados a los procedimientos de fiscalizaci\u00f3n ambiental a desarrollar por la Superintendencia.<\/p>\n<p style=\"text-align: justify;\"><div class='w3eden'>\n    <div class=''>\n        \n        <div id=\"content_c62dfb41c92d990ebccebfa5fba1073f\">\n                                    <div class='row'><div class='col-lg-12 col-md-6 col-12'><!-- WPDM Link Template: Call to Action 3 -->\n\n<div class=\"well c2a3\">\n    <div class=\"media\">\n        <div class=\"mr-3\" align=\"left\">\n            <img class=\"wpdm_icon\" alt=\"Icon\" src=\"https:\/\/renfa.sma.gob.cl\/wp-content\/plugins\/download-manager\/assets\/file-type-icons\/zip.svg\" onError='this.src=\"https:\/\/renfa.sma.gob.cl\/wp-content\/plugins\/download-manager\/assets\/file-type-icons\/unknown.svg\";' \/>\n        <\/div>\n        <div class=\"media-body\">\n            <h3 class=\"media-heading\" style=\"padding-top: 0px;border:0px;margin: 0 0 5px 0;font-size:12pt;\">\n                <a style=\"font-weight: 700\" href=\"https:\/\/renfa.sma.gob.cl\/index.php\/download\/taller-conadi_marzo-2016\/\">Taller CONADI_marzo 2016<\/a>\n                <span style=\"font-size:8pt;font-weight:300\" class=\"text-muted ml-4\">\n                    <i class=\"fa fa-hdd mr-1\"><\/i> 36.36 MB\n                    <i class=\"ml-3 fa fa-arrow-alt-circle-down mr-1\"><\/i> 17 downloads\n                <\/span>\n            <\/h3>\n            ...\n        <\/div>\n        <div class=\"ml-3\" align=\"right\">\n            <a class='wpdm-download-link download-on-click btn btn-primary ' rel='nofollow' href='#' data-downloadurl=\"https:\/\/renfa.sma.gob.cl\/index.php\/download\/taller-conadi_marzo-2016\/?wpdmdl=14501&refresh=69edd789b3f9e1777194889\">Download<\/a>\n        <\/div>\n    <\/div>\n\n<\/div>\n<style>\n    .well.c2a3 .btn {\n        padding: 11px 30px;\n        font-size: 11pt;\n    }\n\n    .well.c2a3 .media-body {\n        font-size: 11pt;\n    }\n\n    .well.c2a3 .wpdm_icon {\n        height: 42px;\n        width: auto;\n    }<\/style><\/div><div class='col-lg-12 col-md-6 col-12'><!-- WPDM Link Template: Call to Action 3 -->\n\n<div class=\"well c2a3\">\n    <div class=\"media\">\n        <div class=\"mr-3\" align=\"left\">\n            <img class=\"wpdm_icon\" alt=\"Icon\" src=\"https:\/\/renfa.sma.gob.cl\/wp-content\/plugins\/download-manager\/assets\/file-type-icons\/zip.svg\" onError='this.src=\"https:\/\/renfa.sma.gob.cl\/wp-content\/plugins\/download-manager\/assets\/file-type-icons\/unknown.svg\";' \/>\n        <\/div>\n        <div class=\"media-body\">\n            <h3 class=\"media-heading\" style=\"padding-top: 0px;border:0px;margin: 0 0 5px 0;font-size:12pt;\">\n                <a style=\"font-weight: 700\" href=\"https:\/\/renfa.sma.gob.cl\/index.php\/download\/introduccion\/\">Presentaci\u00f3n Completa<\/a>\n                <span style=\"font-size:8pt;font-weight:300\" class=\"text-muted ml-4\">\n                    <i class=\"fa fa-hdd mr-1\"><\/i> 11.59 MB\n                    <i class=\"ml-3 fa fa-arrow-alt-circle-down mr-1\"><\/i> 69 downloads\n                <\/span>\n            <\/h3>\n            ...\n        <\/div>\n        <div class=\"ml-3\" align=\"right\">\n            <a class='wpdm-download-link download-on-click btn btn-primary ' rel='nofollow' href='#' data-downloadurl=\"https:\/\/renfa.sma.gob.cl\/index.php\/download\/introduccion\/?wpdmdl=13095&refresh=69edd789b622b1777194889\">Descargar<\/a>\n        <\/div>\n    <\/div>\n\n<\/div>\n<style>\n    .well.c2a3 .btn {\n        padding: 11px 30px;\n        font-size: 11pt;\n    }\n\n    .well.c2a3 .media-body {\n        font-size: 11pt;\n    }\n\n    .well.c2a3 .wpdm_icon {\n        height: 42px;\n        width: auto;\n    }<\/style><\/div><\/div>            <div style='clear:both'><\/div><div class='text-center'><ul class='pagination wpdm-pagination pagination-centered text-center'><\/ul><\/div><div style='clear:both'><\/div>        <\/div>\n\n        <div style='clear:both'><\/div>\n    <\/div>\n<\/div>\n<\/p>\n","protected":false},"excerpt":{"rendered":"<p>SMA dicta taller de Fiscalizaci\u00f3n Ambiental a funcionarios de CONADI. Con un taller sobre el Procedimiento de Fiscalizaci\u00f3n Ambiental seg\u00fan la Res. Ex. 1.184\/2015, dirigido a Organismos Sectoriales que realizan acciones de fiscalizaci\u00f3n ambiental en el marco de la Red Nacional de Fiscalizaci\u00f3n Ambiental (RENFA), la Superintendencia dio inicio a su Plan anual de Encuentros RENFA. [&hellip;]<\/p>\n","protected":false},"author":1,"featured_media":12654,"comment_status":"open","ping_status":"open","sticky":false,"template":"","format":"standard","meta":{"footnotes":""},"categories":[44,42],"tags":[],"_links":{"self":[{"href":"https:\/\/renfa.sma.gob.cl\/index.php\/wp-json\/wp\/v2\/posts\/12653"}],"collection":[{"href":"https:\/\/renfa.sma.gob.cl\/index.php\/wp-json\/wp\/v2\/posts"}],"about":[{"href":"https:\/\/renfa.sma.gob.cl\/index.php\/wp-json\/wp\/v2\/types\/post"}],"author":[{"embeddable":true,"href":"https:\/\/renfa.sma.gob.cl\/index.php\/wp-json\/wp\/v2\/users\/1"}],"replies":[{"embeddable":true,"href":"https:\/\/renfa.sma.gob.cl\/index.php\/wp-json\/wp\/v2\/comments?post=12653"}],"version-history":[{"count":2,"href":"https:\/\/renfa.sma.gob.cl\/index.php\/wp-json\/wp\/v2\/posts\/12653\/revisions"}],"predecessor-version":[{"id":13294,"href":"https:\/\/renfa.sma.gob.cl\/index.php\/wp-json\/wp\/v2\/posts\/12653\/revisions\/13294"}],"wp:featuredmedia":[{"embeddable":true,"href":"https:\/\/renfa.sma.gob.cl\/index.php\/wp-json\/wp\/v2\/media\/12654"}],"wp:attachment":[{"href":"https:\/\/renfa.sma.gob.cl\/index.php\/wp-json\/wp\/v2\/media?parent=12653"}],"wp:term":[{"taxonomy":"category","embeddable":true,"href":"https:\/\/renfa.sma.gob.cl\/index.php\/wp-json\/wp\/v2\/categories?post=12653"},{"taxonomy":"post_tag","embeddable":true,"href":"https:\/\/renfa.sma.gob.cl\/index.php\/wp-json\/wp\/v2\/tags?post=12653"}],"curies":[{"name":"wp","href":"https:\/\/api.w.org\/{rel}","templated":true}]}}