{"id":12669,"date":"2016-07-04T13:04:14","date_gmt":"2016-07-04T17:04:14","guid":{"rendered":"http:\/\/10.100.150.187\/renfa\/?p=12669"},"modified":"2018-04-06T12:23:15","modified_gmt":"2018-04-06T15:23:15","slug":"reunion-de-comunicadores-de-la-renfa","status":"publish","type":"post","link":"https:\/\/renfa.sma.gob.cl\/index.php\/2016\/07\/04\/reunion-de-comunicadores-de-la-renfa\/","title":{"rendered":"Reuni\u00f3n de Comunicadores de la RENFA"},"content":{"rendered":"<p style=\"text-align: justify;\"><strong>Periodistas y comunicadores se dieron cita por primera vez en el marco de la RENFA.<\/strong><\/p>\n<p style=\"text-align: justify;\">El d\u00eda jueves 12 de mayo en la ciudad de Santiago, se dieron cita por primera vez los encargados de comunicaciones de los servicios que componen la Red Nacional de Fiscalizaci\u00f3n Ambiental, con el objetivo de dise\u00f1ar la pol\u00edtica comunicacional para la Red.<\/p>\n<p style=\"text-align: justify;\">En encuentro, permiti\u00f3 crear una red de contactos entre los profesionales y comunicadores de cada servicio asistente, y establecer acuerdos que permitir\u00e1n relevar el actuar de las RENFA y sus integrantes sus en distintos medios de prensa, as\u00ed como coordinar las acciones comunicacionales propias de la Red.<\/p>\n<p style=\"text-align: justify;\">La instancia cont\u00f3 con la participaci\u00f3n de 14 profesionales de las comunicaciones de CCHE, SISS, DGA, Direcci\u00f3n de Vialidad, DOH, MINSAL, CMN, SAG, Subsecretar\u00eda de Pesca, CONAF, DIRECTEMAR y SECOM.<\/p>\n","protected":false},"excerpt":{"rendered":"<p>Periodistas y comunicadores se dieron cita por primera vez en el marco de la RENFA. El d\u00eda jueves 12 de mayo en la ciudad de Santiago, se dieron cita por primera vez los encargados de comunicaciones de los servicios que componen la Red Nacional de Fiscalizaci\u00f3n Ambiental, con el objetivo de dise\u00f1ar la pol\u00edtica comunicacional para [&hellip;]<\/p>\n","protected":false},"author":1,"featured_media":12670,"comment_status":"open","ping_status":"open","sticky":false,"template":"","format":"standard","meta":{"footnotes":""},"categories":[42],"tags":[],"_links":{"self":[{"href":"https:\/\/renfa.sma.gob.cl\/index.php\/wp-json\/wp\/v2\/posts\/12669"}],"collection":[{"href":"https:\/\/renfa.sma.gob.cl\/index.php\/wp-json\/wp\/v2\/posts"}],"about":[{"href":"https:\/\/renfa.sma.gob.cl\/index.php\/wp-json\/wp\/v2\/types\/post"}],"author":[{"embeddable":true,"href":"https:\/\/renfa.sma.gob.cl\/index.php\/wp-json\/wp\/v2\/users\/1"}],"replies":[{"embeddable":true,"href":"https:\/\/renfa.sma.gob.cl\/index.php\/wp-json\/wp\/v2\/comments?post=12669"}],"version-history":[{"count":1,"href":"https:\/\/renfa.sma.gob.cl\/index.php\/wp-json\/wp\/v2\/posts\/12669\/revisions"}],"predecessor-version":[{"id":12671,"href":"https:\/\/renfa.sma.gob.cl\/index.php\/wp-json\/wp\/v2\/posts\/12669\/revisions\/12671"}],"wp:featuredmedia":[{"embeddable":true,"href":"https:\/\/renfa.sma.gob.cl\/index.php\/wp-json\/wp\/v2\/media\/12670"}],"wp:attachment":[{"href":"https:\/\/renfa.sma.gob.cl\/index.php\/wp-json\/wp\/v2\/media?parent=12669"}],"wp:term":[{"taxonomy":"category","embeddable":true,"href":"https:\/\/renfa.sma.gob.cl\/index.php\/wp-json\/wp\/v2\/categories?post=12669"},{"taxonomy":"post_tag","embeddable":true,"href":"https:\/\/renfa.sma.gob.cl\/index.php\/wp-json\/wp\/v2\/tags?post=12669"}],"curies":[{"name":"wp","href":"https:\/\/api.w.org\/{rel}","templated":true}]}}