{"id":12675,"date":"2016-07-04T13:19:05","date_gmt":"2016-07-04T17:19:05","guid":{"rendered":"http:\/\/10.100.150.187\/renfa\/?p=12675"},"modified":"2016-07-04T13:19:05","modified_gmt":"2016-07-04T17:19:05","slug":"jornada-de-capacitacion-en-el-marco-de-programa-piloto-sma-sag-conaf","status":"publish","type":"post","link":"https:\/\/renfa.sma.gob.cl\/index.php\/2016\/07\/04\/jornada-de-capacitacion-en-el-marco-de-programa-piloto-sma-sag-conaf\/","title":{"rendered":"Jornada de capacitaci\u00f3n en el marco de Programa Piloto SMA-SAG-CONAF"},"content":{"rendered":"<p style=\"text-align: justify;\"><strong>Con jornada de capacitaci\u00f3n a CONAF se dio inicio al segundo a\u00f1o del Programa Piloto de Fiscalizaci\u00f3n Ambiental.<\/strong><\/p>\n<p style=\"text-align: justify;\">El d\u00eda viernes 20 de mayo, en dependencias de la Superintendencia del Medio Ambiente, se dio inicio a las jornadas de capacitaci\u00f3n en el marco del segundo a\u00f1o de implementaci\u00f3n del <a href=\"http:\/\/renfa.sma.gob.cl\/index.php\/16-submenu-fiscalizacion\/105-programa-piloto-sma-sag-conaf\" target=\"_blank\">programa Piloto de Fiscalizaci\u00f3n Ambiental SMA-SAG-CONAF.<\/a><\/p>\n<p style=\"text-align: justify;\">El programa Piloto, es un proyecto conjunto iniciado en 2015, con el objeto de fortalecer los resultados de las fiscalizaciones, mediante el aumento de la participaci\u00f3n y autonom\u00eda de los organismos sectoriales con competencias ambiental en las etapas de planificaci\u00f3n y ejecuci\u00f3n de las fiscalizaciones ambiental, as\u00ed como tambi\u00e9n a trav\u00e9s de la incorporando de la elaboraci\u00f3n de un Reporte T\u00e9cnico que permita a los Servicios analizar en forma m\u00e1s exhaustiva los hechos constatados en terreno.<\/p>\n<p style=\"text-align: justify;\">La jornada de capacitaci\u00f3n cont\u00f3 con la participaci\u00f3n de 10 fiscalizadores de CONAF de las regiones de Tarapac\u00e1, Antofagasta, Atacama, Valpara\u00edso, y Metropolitana.<\/p>\n","protected":false},"excerpt":{"rendered":"<p>Con jornada de capacitaci\u00f3n a CONAF se dio inicio al segundo a\u00f1o del Programa Piloto de Fiscalizaci\u00f3n Ambiental. El d\u00eda viernes 20 de mayo, en dependencias de la Superintendencia del Medio Ambiente, se dio inicio a las jornadas de capacitaci\u00f3n en el marco del segundo a\u00f1o de implementaci\u00f3n del programa Piloto de Fiscalizaci\u00f3n Ambiental SMA-SAG-CONAF. El [&hellip;]<\/p>\n","protected":false},"author":1,"featured_media":12676,"comment_status":"open","ping_status":"open","sticky":false,"template":"","format":"standard","meta":{"footnotes":""},"categories":[42],"tags":[],"_links":{"self":[{"href":"https:\/\/renfa.sma.gob.cl\/index.php\/wp-json\/wp\/v2\/posts\/12675"}],"collection":[{"href":"https:\/\/renfa.sma.gob.cl\/index.php\/wp-json\/wp\/v2\/posts"}],"about":[{"href":"https:\/\/renfa.sma.gob.cl\/index.php\/wp-json\/wp\/v2\/types\/post"}],"author":[{"embeddable":true,"href":"https:\/\/renfa.sma.gob.cl\/index.php\/wp-json\/wp\/v2\/users\/1"}],"replies":[{"embeddable":true,"href":"https:\/\/renfa.sma.gob.cl\/index.php\/wp-json\/wp\/v2\/comments?post=12675"}],"version-history":[{"count":1,"href":"https:\/\/renfa.sma.gob.cl\/index.php\/wp-json\/wp\/v2\/posts\/12675\/revisions"}],"predecessor-version":[{"id":12677,"href":"https:\/\/renfa.sma.gob.cl\/index.php\/wp-json\/wp\/v2\/posts\/12675\/revisions\/12677"}],"wp:featuredmedia":[{"embeddable":true,"href":"https:\/\/renfa.sma.gob.cl\/index.php\/wp-json\/wp\/v2\/media\/12676"}],"wp:attachment":[{"href":"https:\/\/renfa.sma.gob.cl\/index.php\/wp-json\/wp\/v2\/media?parent=12675"}],"wp:term":[{"taxonomy":"category","embeddable":true,"href":"https:\/\/renfa.sma.gob.cl\/index.php\/wp-json\/wp\/v2\/categories?post=12675"},{"taxonomy":"post_tag","embeddable":true,"href":"https:\/\/renfa.sma.gob.cl\/index.php\/wp-json\/wp\/v2\/tags?post=12675"}],"curies":[{"name":"wp","href":"https:\/\/api.w.org\/{rel}","templated":true}]}}