{"id":12678,"date":"2016-07-04T14:30:28","date_gmt":"2016-07-04T18:30:28","guid":{"rendered":"http:\/\/10.100.150.187\/renfa\/?p=12678"},"modified":"2018-04-06T12:23:15","modified_gmt":"2018-04-06T15:23:15","slug":"ciclo-de-programacionsma-inicia-etapa-de-consulta-a-os","status":"publish","type":"post","link":"https:\/\/renfa.sma.gob.cl\/index.php\/2016\/07\/04\/ciclo-de-programacionsma-inicia-etapa-de-consulta-a-os\/","title":{"rendered":"Ciclo de Programaci\u00f3n: SMA inicia etapa de consulta a OS"},"content":{"rendered":"<p style=\"text-align: justify;\"><strong>Superintendencia del Medio Ambiente da inicio el proceso de consulta a los Organismo Sectoriales del Ciclo de Programaci\u00f3n 2017.<\/strong><\/p>\n<p style=\"text-align: justify;\">De acuerdo a lo establecido en el art\u00edculo 17 de la LO-SMA y al procedimiento de Ciclo de Programaci\u00f3n <a href=\"http:\/\/renfa.sma.gob.cl\/index.php\/biblioteca\/instructivos-fiscalizacion\/instructivo-2015-res-ex-1171-cdp\/detail\" target=\"_blank\">(Res. Ex. SMA N\u00b0 1171\/2015)<\/a>, el d\u00eda jueves 16 de junio de 2016 fueron remitidos los oficios ordinarios a los jefes de los distintos organismos sectoriales que desempe\u00f1an actividades de fiscalizaci\u00f3n ambiental, solicitando sus prioridades de fiscalizaci\u00f3n para la elaboraci\u00f3n de los programas y subprogramas del a\u00f1o 2017.<\/p>\n<p style=\"text-align: justify;\">La solicitud efectuada por la SMA, requiere a los Organismos Sectoriales que conforman la RENFA, que se\u00f1alen sus prioridades respecto a las unidades fiscalizables, as\u00ed como el n\u00famero de actividades de fiscalizaci\u00f3n asociados a los distintos instrumentos de gesti\u00f3n ambiental: Resoluciones de Calificaci\u00f3n Ambiental (RCA), Normas de Emisi\u00f3n (NE) y Planes de Prevenci\u00f3n y\/o Descontaminaci\u00f3n Ambiental (PPDA), entre otros. Adicionalmente, se les solicita estimar los presupuestos sectoriales asociados para abordar dichas actividades, as\u00ed como definir las metas establecidas para los indicadores de desempe\u00f1o.<\/p>\n<p style=\"text-align: justify;\">La consulta a los organismos sectoriales se efectuar\u00e1 entre el 20 de junio y el 12 de julio del presente a\u00f1o.<\/p>\n<p style=\"text-align: justify;\">Para el desarrollo de lo anterior, la SMA cuenta con la plataforma inform\u00e1tica de trabajo colaborativo, la cual este a\u00f1o estar\u00e1 integrada en el <a href=\"http:\/\/snifa.sma.gob.cl\/ReportesOrganismosSectoriales\" target=\"_blank\">\u201cSistema OS-SMA\u201d<\/a>, permitiendo a cada servicio acceder a las bases de datos de la SMA y remitir los antecedentes expuestos anteriormente en un formato \u00fanico y de f\u00e1cil acceso, mediante la cuenta y clave de usuario que ser\u00e1 proporcionada a las contrapartes de los Servicios.<\/p>\n<p style=\"text-align: justify;\">Mayor informaci\u00f3n respecto el uso de esta plataforma electr\u00f3nica se encuentra contenida en los manuales de usuarios disponibles en el <a href=\"http:\/\/renfa.sma.gob.cl\/index.php\/documentos\/\" target=\"_blank\">repositorio documental.<\/a><\/p>\n","protected":false},"excerpt":{"rendered":"<p>Superintendencia del Medio Ambiente da inicio el proceso de consulta a los Organismo Sectoriales del Ciclo de Programaci\u00f3n 2017. De acuerdo a lo establecido en el art\u00edculo 17 de la LO-SMA y al procedimiento de Ciclo de Programaci\u00f3n (Res. Ex. SMA N\u00b0 1171\/2015), el d\u00eda jueves 16 de junio de 2016 fueron remitidos los oficios ordinarios [&hellip;]<\/p>\n","protected":false},"author":1,"featured_media":12601,"comment_status":"open","ping_status":"open","sticky":false,"template":"","format":"standard","meta":{"footnotes":""},"categories":[42],"tags":[],"_links":{"self":[{"href":"https:\/\/renfa.sma.gob.cl\/index.php\/wp-json\/wp\/v2\/posts\/12678"}],"collection":[{"href":"https:\/\/renfa.sma.gob.cl\/index.php\/wp-json\/wp\/v2\/posts"}],"about":[{"href":"https:\/\/renfa.sma.gob.cl\/index.php\/wp-json\/wp\/v2\/types\/post"}],"author":[{"embeddable":true,"href":"https:\/\/renfa.sma.gob.cl\/index.php\/wp-json\/wp\/v2\/users\/1"}],"replies":[{"embeddable":true,"href":"https:\/\/renfa.sma.gob.cl\/index.php\/wp-json\/wp\/v2\/comments?post=12678"}],"version-history":[{"count":3,"href":"https:\/\/renfa.sma.gob.cl\/index.php\/wp-json\/wp\/v2\/posts\/12678\/revisions"}],"predecessor-version":[{"id":13330,"href":"https:\/\/renfa.sma.gob.cl\/index.php\/wp-json\/wp\/v2\/posts\/12678\/revisions\/13330"}],"wp:featuredmedia":[{"embeddable":true,"href":"https:\/\/renfa.sma.gob.cl\/index.php\/wp-json\/wp\/v2\/media\/12601"}],"wp:attachment":[{"href":"https:\/\/renfa.sma.gob.cl\/index.php\/wp-json\/wp\/v2\/media?parent=12678"}],"wp:term":[{"taxonomy":"category","embeddable":true,"href":"https:\/\/renfa.sma.gob.cl\/index.php\/wp-json\/wp\/v2\/categories?post=12678"},{"taxonomy":"post_tag","embeddable":true,"href":"https:\/\/renfa.sma.gob.cl\/index.php\/wp-json\/wp\/v2\/tags?post=12678"}],"curies":[{"name":"wp","href":"https:\/\/api.w.org\/{rel}","templated":true}]}}