{"id":12681,"date":"2016-07-04T14:40:00","date_gmt":"2016-07-04T18:40:00","guid":{"rendered":"http:\/\/10.100.150.187\/renfa\/?p=12681"},"modified":"2016-07-04T14:40:00","modified_gmt":"2016-07-04T18:40:00","slug":"cooperacion-interinstitucional-3","status":"publish","type":"post","link":"https:\/\/renfa.sma.gob.cl\/index.php\/2016\/07\/04\/cooperacion-interinstitucional-3\/","title":{"rendered":"Cooperaci\u00f3n interinstitucional"},"content":{"rendered":"<p style=\"text-align: justify;\">La Superintendencia del Medio Ambiente fue invitada por la Direcci\u00f3n de Intereses Mar\u00edtimos y Medio Ambiente (DIRINMAR) a participar en una jornada de capacitaci\u00f3n junto a los encargados regionales de medio ambiente de dicha instituci\u00f3n.<\/p>\n<p style=\"text-align: justify;\">La jornada se llev\u00f3 a cabo el d\u00eda viernes 17 de junio en la ciudad de Valpara\u00edso, en la cual la SMA participo con un m\u00f3dulo sobre el Procedimiento de Fiscalizaci\u00f3n Ambiental y el nuevo Sistema SMA-OS, plataforma inform\u00e1tica para la gesti\u00f3n de actividades de fiscalizaci\u00f3n ambiental, que este a\u00f1o ser\u00e1 estrenada para las actividades de examen de informaci\u00f3n.<\/p>\n<p style=\"text-align: justify;\">La participaci\u00f3n de la SMA en este tipo de instancias se enmarca dentro de las actividades de cooperaci\u00f3n interinstitucional que busca fomentar la RENFA, y que son complementarias al Plan Anual de Encuentros RENFA definidos para el a\u00f1o 2016.<\/p>\n","protected":false},"excerpt":{"rendered":"<p>La Superintendencia del Medio Ambiente fue invitada por la Direcci\u00f3n de Intereses Mar\u00edtimos y Medio Ambiente (DIRINMAR) a participar en una jornada de capacitaci\u00f3n junto a los encargados regionales de medio ambiente de dicha instituci\u00f3n. La jornada se llev\u00f3 a cabo el d\u00eda viernes 17 de junio en la ciudad de Valpara\u00edso, en la cual la [&hellip;]<\/p>\n","protected":false},"author":1,"featured_media":12682,"comment_status":"open","ping_status":"open","sticky":false,"template":"","format":"standard","meta":{"footnotes":""},"categories":[42],"tags":[],"_links":{"self":[{"href":"https:\/\/renfa.sma.gob.cl\/index.php\/wp-json\/wp\/v2\/posts\/12681"}],"collection":[{"href":"https:\/\/renfa.sma.gob.cl\/index.php\/wp-json\/wp\/v2\/posts"}],"about":[{"href":"https:\/\/renfa.sma.gob.cl\/index.php\/wp-json\/wp\/v2\/types\/post"}],"author":[{"embeddable":true,"href":"https:\/\/renfa.sma.gob.cl\/index.php\/wp-json\/wp\/v2\/users\/1"}],"replies":[{"embeddable":true,"href":"https:\/\/renfa.sma.gob.cl\/index.php\/wp-json\/wp\/v2\/comments?post=12681"}],"version-history":[{"count":1,"href":"https:\/\/renfa.sma.gob.cl\/index.php\/wp-json\/wp\/v2\/posts\/12681\/revisions"}],"predecessor-version":[{"id":12683,"href":"https:\/\/renfa.sma.gob.cl\/index.php\/wp-json\/wp\/v2\/posts\/12681\/revisions\/12683"}],"wp:featuredmedia":[{"embeddable":true,"href":"https:\/\/renfa.sma.gob.cl\/index.php\/wp-json\/wp\/v2\/media\/12682"}],"wp:attachment":[{"href":"https:\/\/renfa.sma.gob.cl\/index.php\/wp-json\/wp\/v2\/media?parent=12681"}],"wp:term":[{"taxonomy":"category","embeddable":true,"href":"https:\/\/renfa.sma.gob.cl\/index.php\/wp-json\/wp\/v2\/categories?post=12681"},{"taxonomy":"post_tag","embeddable":true,"href":"https:\/\/renfa.sma.gob.cl\/index.php\/wp-json\/wp\/v2\/tags?post=12681"}],"curies":[{"name":"wp","href":"https:\/\/api.w.org\/{rel}","templated":true}]}}