{"id":13128,"date":"2016-07-14T15:15:10","date_gmt":"2016-07-14T19:15:10","guid":{"rendered":"http:\/\/10.100.150.187\/renfa\/?p=13128"},"modified":"2018-04-06T12:23:14","modified_gmt":"2018-04-06T15:23:14","slug":"seminario-internacional-nuevos-enfoques-de-la-fiscalizacion-ambiental","status":"publish","type":"post","link":"https:\/\/renfa.sma.gob.cl\/index.php\/2016\/07\/14\/seminario-internacional-nuevos-enfoques-de-la-fiscalizacion-ambiental\/","title":{"rendered":"Seminario Internacional: Nuevos Enfoques de la Fiscalizaci\u00f3n Ambiental"},"content":{"rendered":"<div class=\"fusion-fullwidth fullwidth-box hundred-percent-fullwidth non-hundred-percent-height-scrolling\"  style='background-color: #ffffff;background-position: center center;background-repeat: no-repeat;padding-top:0px;padding-right:0px;padding-bottom:0px;padding-left:0px;'><div class=\"fusion-builder-row fusion-row \"><div  class=\"fusion-layout-column fusion_builder_column fusion_builder_column_1_1 fusion-builder-column-1 fusion-one-full fusion-column-first fusion-column-last fusion-column-no-min-height 1_1\"  style='margin-top:0px;margin-bottom:0px;'>\n\t\t\t\t\t<div class=\"fusion-column-wrapper\" style=\"background-position:left top;background-repeat:no-repeat;-webkit-background-size:cover;-moz-background-size:cover;-o-background-size:cover;background-size:cover;\"   data-bg-url=\"\">\n\t\t\t\t\t\t<div class=\"fusion-text\"><p style=\"text-align: justify;\">Encuentro de trabajo entre funcionarios de los organismos que componen la RENFA, funcionarios de organismos de la REDSUFICA y otras entidades internacionales, para compartir experiencias, desarrollos tecnol\u00f3gicos, metodolog\u00edas y resultados enmarcados en el levantamiento de evidencia para el fortalecimiento de los procesos de fiscalizaci\u00f3n ambiental.<\/p>\n<p style=\"text-align: justify;\">El Seminario &#8220;Nuevos Enfoques de la Fiscalizaci\u00f3n Ambiental&#8221; se efectu\u00f3 los d\u00edas 9 y 10 de agosto en la ciudad de Santiago de Chile, y cont\u00f3 con la presencia de cerca de 120 profesionales de diversos organismos que conforman RENFA, as\u00ed como representantes\u00a0de Per\u00fa (OEFA), Colombia (ANLA) , Panam\u00e1 (Ministerio de Ambienta) y Estados Unidos (US-EPA y Embajada de EEUU).<\/p>\n<\/div><div class=\"fusion-clearfix\"><\/div>\n\n\t\t\t\t\t<\/div>\n\t\t\t\t<\/div><div  class=\"fusion-layout-column fusion_builder_column fusion_builder_column_1_1 fusion-builder-column-2 fusion-one-full fusion-column-first fusion-column-last fusion-column-no-min-height 1_1\"  style='margin-top:0px;margin-bottom:0px;'>\n\t\t\t\t\t<div class=\"fusion-column-wrapper\" style=\"background-position:left top;background-repeat:no-repeat;-webkit-background-size:cover;-moz-background-size:cover;-o-background-size:cover;background-size:cover;\"   data-bg-url=\"\">\n\t\t\t\t\t\t<style type=\"text\/css\" scoped=\"scoped\">.fusion-accordian  #accordion-13128-1 .panel-title a .fa-fusion-box{ color: #ffffff;}.fusion-accordian  #accordion-13128-1 .panel-title a .fa-fusion-box:before{ font-size: 13px; width: 13px;}.fusion-accordian  #accordion-13128-1 .panel-title a{font-size:14px;}.fusion-accordian  #accordion-13128-1 .fa-fusion-box { background-color: #333333;border-color: #333333;}.fusion-accordian  #accordion-13128-1 .panel-title a:hover, #accordion-13128-1 .fusion-toggle-boxed-mode:hover .panel-title a { color: #9eba25;}.fusion-accordian  #accordion-13128-1 .panel-title .active .fa-fusion-box,.fusion-accordian  #accordion-13128-1 .panel-title a:hover .fa-fusion-box { background-color: #9eba25!important;border-color: #9eba25!important;}<\/style><div class=\"accordian fusion-accordian\"><div class=\"panel-group\" id=\"accordion-13128-1\"><div class=\"fusion-panel panel-default\"><div class=\"panel-heading\"><h4 class=\"panel-title toggle\"><a data-toggle=\"collapse\" data-parent=\"#accordion-13128-1\" data-target=\"#ea668d9dafbb7dc09\" href=\"#ea668d9dafbb7dc09\"><div class=\"fusion-toggle-icon-wrapper\"><i class=\"fa-fusion-box\"><\/i><\/div><div class=\"fusion-toggle-heading\">M\u00f3dulo 1: Nuevos enfoques para la fiscalizaci\u00f3n ambiental: Desaf\u00edos y Oportunidades.<\/div><\/a><\/h4><\/div><div id=\"ea668d9dafbb7dc09\" class=\"panel-collapse collapse \"><div class=\"panel-body toggle-content fusion-clearfix\"><div class='w3eden'>\n    <div class=''>\n        \n        <div id=\"content_5ba3897f60201db647cd7999ff658f55\">\n                                    <div class='row'><div class='col-lg-12 col-md-6 col-12'><!-- WPDM Link Template: Call to Action 3 -->\n\n<div class=\"well c2a3\">\n    <div class=\"media\">\n        <div class=\"mr-3\" align=\"left\">\n            <img class=\"wpdm_icon\" alt=\"Icon\" src=\"https:\/\/renfa.sma.gob.cl\/wp-content\/plugins\/download-manager\/assets\/file-type-icons\/pdf.svg\" onError='this.src=\"https:\/\/renfa.sma.gob.cl\/wp-content\/plugins\/download-manager\/assets\/file-type-icons\/unknown.svg\";' \/>\n        <\/div>\n        <div class=\"media-body\">\n            <h3 class=\"media-heading\" style=\"padding-top: 0px;border:0px;margin: 0 0 5px 0;font-size:12pt;\">\n                <a style=\"font-weight: 700\" href=\"https:\/\/renfa.sma.gob.cl\/index.php\/download\/introduccion-modulos\/\">Introducci\u00f3n M\u00f3dulos<\/a>\n                <span style=\"font-size:8pt;font-weight:300\" class=\"text-muted ml-4\">\n                    <i class=\"fa fa-hdd mr-1\"><\/i> 2.22 MB\n                    <i class=\"ml-3 fa fa-arrow-alt-circle-down mr-1\"><\/i> 238 downloads\n                <\/span>\n            <\/h3>\n            ...\n        <\/div>\n        <div class=\"ml-3\" align=\"right\">\n            <a class='wpdm-download-link download-on-click btn btn-primary ' rel='nofollow' href='#' data-downloadurl=\"https:\/\/renfa.sma.gob.cl\/index.php\/download\/introduccion-modulos\/?wpdmdl=13469&refresh=69edfe1c1dc9d1777204764\">Descargar<\/a>\n        <\/div>\n    <\/div>\n\n<\/div>\n<style>\n    .well.c2a3 .btn {\n        padding: 11px 30px;\n        font-size: 11pt;\n    }\n\n    .well.c2a3 .media-body {\n        font-size: 11pt;\n    }\n\n    .well.c2a3 .wpdm_icon {\n        height: 42px;\n        width: auto;\n    }<\/style><\/div><div class='col-lg-12 col-md-6 col-12'><!-- WPDM Link Template: Call to Action 3 -->\n\n<div class=\"well c2a3\">\n    <div class=\"media\">\n        <div class=\"mr-3\" align=\"left\">\n            <img class=\"wpdm_icon\" alt=\"Icon\" src=\"https:\/\/renfa.sma.gob.cl\/wp-content\/plugins\/download-manager\/assets\/file-type-icons\/pdf.svg\" onError='this.src=\"https:\/\/renfa.sma.gob.cl\/wp-content\/plugins\/download-manager\/assets\/file-type-icons\/unknown.svg\";' \/>\n        <\/div>\n        <div class=\"media-body\">\n            <h3 class=\"media-heading\" style=\"padding-top: 0px;border:0px;margin: 0 0 5px 0;font-size:12pt;\">\n                <a style=\"font-weight: 700\" href=\"https:\/\/renfa.sma.gob.cl\/index.php\/download\/bienvenida-seminario-internacional\/\">Bienvenida Seminario Internacional<\/a>\n                <span style=\"font-size:8pt;font-weight:300\" class=\"text-muted ml-4\">\n                    <i class=\"fa fa-hdd mr-1\"><\/i> 861.42 KB\n                    <i class=\"ml-3 fa fa-arrow-alt-circle-down mr-1\"><\/i> 250 downloads\n                <\/span>\n            <\/h3>\n            ...\n        <\/div>\n        <div class=\"ml-3\" align=\"right\">\n            <a class='wpdm-download-link download-on-click btn btn-primary ' rel='nofollow' href='#' data-downloadurl=\"https:\/\/renfa.sma.gob.cl\/index.php\/download\/bienvenida-seminario-internacional\/?wpdmdl=13467&refresh=69edfe1c322d31777204764\">Descargar<\/a>\n        <\/div>\n    <\/div>\n\n<\/div>\n<style>\n    .well.c2a3 .btn {\n        padding: 11px 30px;\n        font-size: 11pt;\n    }\n\n    .well.c2a3 .media-body {\n        font-size: 11pt;\n    }\n\n    .well.c2a3 .wpdm_icon {\n        height: 42px;\n        width: auto;\n    }<\/style><\/div><div class='col-lg-12 col-md-6 col-12'><!-- WPDM Link Template: Call to Action 3 -->\n\n<div class=\"well c2a3\">\n    <div class=\"media\">\n        <div class=\"mr-3\" align=\"left\">\n            <img class=\"wpdm_icon\" alt=\"Icon\" src=\"https:\/\/renfa.sma.gob.cl\/wp-content\/plugins\/download-manager\/assets\/file-type-icons\/pdf.svg\" onError='this.src=\"https:\/\/renfa.sma.gob.cl\/wp-content\/plugins\/download-manager\/assets\/file-type-icons\/unknown.svg\";' \/>\n        <\/div>\n        <div class=\"media-body\">\n            <h3 class=\"media-heading\" style=\"padding-top: 0px;border:0px;margin: 0 0 5px 0;font-size:12pt;\">\n                <a style=\"font-weight: 700\" href=\"https:\/\/renfa.sma.gob.cl\/index.php\/download\/programa-seminario-internacional\/\">Programa Seminario Internacional<\/a>\n                <span style=\"font-size:8pt;font-weight:300\" class=\"text-muted ml-4\">\n                    <i class=\"fa fa-hdd mr-1\"><\/i> 1.40 MB\n                    <i class=\"ml-3 fa fa-arrow-alt-circle-down mr-1\"><\/i> 262 downloads\n                <\/span>\n            <\/h3>\n            ...\n        <\/div>\n        <div class=\"ml-3\" align=\"right\">\n            <a class='wpdm-download-link download-on-click btn btn-primary ' rel='nofollow' href='#' data-downloadurl=\"https:\/\/renfa.sma.gob.cl\/index.php\/download\/programa-seminario-internacional\/?wpdmdl=13465&refresh=69edfe1c331661777204764\">Descargar<\/a>\n        <\/div>\n    <\/div>\n\n<\/div>\n<style>\n    .well.c2a3 .btn {\n        padding: 11px 30px;\n        font-size: 11pt;\n    }\n\n    .well.c2a3 .media-body {\n        font-size: 11pt;\n    }\n\n    .well.c2a3 .wpdm_icon {\n        height: 42px;\n        width: auto;\n    }<\/style><\/div><div class='col-lg-12 col-md-6 col-12'><!-- WPDM Link Template: Call to Action 3 -->\n\n<div class=\"well c2a3\">\n    <div class=\"media\">\n        <div class=\"mr-3\" align=\"left\">\n            <img class=\"wpdm_icon\" alt=\"Icon\" src=\"https:\/\/renfa.sma.gob.cl\/wp-content\/plugins\/download-manager\/assets\/file-type-icons\/pdf.svg\" onError='this.src=\"https:\/\/renfa.sma.gob.cl\/wp-content\/plugins\/download-manager\/assets\/file-type-icons\/unknown.svg\";' \/>\n        <\/div>\n        <div class=\"media-body\">\n            <h3 class=\"media-heading\" style=\"padding-top: 0px;border:0px;margin: 0 0 5px 0;font-size:12pt;\">\n                <a style=\"font-weight: 700\" href=\"https:\/\/renfa.sma.gob.cl\/index.php\/download\/programa-seminario-internacional-2016\/\">Nueva Generaci\u00f3n (Next gen)- Davis Jones (EEUU)<\/a>\n                <span style=\"font-size:8pt;font-weight:300\" class=\"text-muted ml-4\">\n                    <i class=\"fa fa-hdd mr-1\"><\/i> 896.66 KB\n                    <i class=\"ml-3 fa fa-arrow-alt-circle-down mr-1\"><\/i> 350 downloads\n                <\/span>\n            <\/h3>\n            ...\n        <\/div>\n        <div class=\"ml-3\" align=\"right\">\n            <a class='wpdm-download-link download-on-click btn btn-primary ' rel='nofollow' href='#' data-downloadurl=\"https:\/\/renfa.sma.gob.cl\/index.php\/download\/programa-seminario-internacional-2016\/?wpdmdl=13462&refresh=69edfe1c346db1777204764\">Descargar<\/a>\n        <\/div>\n    <\/div>\n\n<\/div>\n<style>\n    .well.c2a3 .btn {\n        padding: 11px 30px;\n        font-size: 11pt;\n    }\n\n    .well.c2a3 .media-body {\n        font-size: 11pt;\n    }\n\n    .well.c2a3 .wpdm_icon {\n        height: 42px;\n        width: auto;\n    }<\/style><\/div><\/div>            <div style='clear:both'><\/div><div class='text-center'><ul class='pagination wpdm-pagination pagination-centered text-center'><\/ul><\/div><div style='clear:both'><\/div>        <\/div>\n\n        <div style='clear:both'><\/div>\n    <\/div>\n<\/div>\n<\/div><\/div><\/div><div class=\"fusion-panel panel-default\"><div class=\"panel-heading\"><h4 class=\"panel-title toggle\"><a data-toggle=\"collapse\" data-parent=\"#accordion-13128-1\" data-target=\"#17c9b2bf15a042b51\" href=\"#17c9b2bf15a042b51\"><div class=\"fusion-toggle-icon-wrapper\"><i class=\"fa-fusion-box\"><\/i><\/div><div class=\"fusion-toggle-heading\">M\u00f3dulo 2: Desarollo de herramientas para la fiscalizaci\u00f3n ambiental<\/div><\/a><\/h4><\/div><div id=\"17c9b2bf15a042b51\" class=\"panel-collapse collapse \"><div class=\"panel-body toggle-content fusion-clearfix\"><div class='w3eden'>\n    <div class=''>\n        \n        <div id=\"content_fa844f2059db3d9b21f631cd6f4a9ab8\">\n                                    <div class='row'><div class='col-lg-12 col-md-6 col-12'><!-- WPDM Link Template: Call to Action 3 -->\n\n<div class=\"well c2a3\">\n    <div class=\"media\">\n        <div class=\"mr-3\" align=\"left\">\n            <img class=\"wpdm_icon\" alt=\"Icon\" src=\"https:\/\/renfa.sma.gob.cl\/wp-content\/plugins\/download-manager\/assets\/file-type-icons\/pdf.svg\" onError='this.src=\"https:\/\/renfa.sma.gob.cl\/wp-content\/plugins\/download-manager\/assets\/file-type-icons\/unknown.svg\";' \/>\n        <\/div>\n        <div class=\"media-body\">\n            <h3 class=\"media-heading\" style=\"padding-top: 0px;border:0px;margin: 0 0 5px 0;font-size:12pt;\">\n                <a style=\"font-weight: 700\" href=\"https:\/\/renfa.sma.gob.cl\/index.php\/download\/filmaciones-submarinas-nelson-pino-sernapesca-chile\/\">6. Filmaciones Submarinas- Nelson Pino (SERNAPESCA-Chile)<\/a>\n                <span style=\"font-size:8pt;font-weight:300\" class=\"text-muted ml-4\">\n                    <i class=\"fa fa-hdd mr-1\"><\/i> 3.59 MB\n                    <i class=\"ml-3 fa fa-arrow-alt-circle-down mr-1\"><\/i> 402 downloads\n                <\/span>\n            <\/h3>\n            ...\n        <\/div>\n        <div class=\"ml-3\" align=\"right\">\n            <a class='wpdm-download-link download-on-click btn btn-primary ' rel='nofollow' href='#' data-downloadurl=\"https:\/\/renfa.sma.gob.cl\/index.php\/download\/filmaciones-submarinas-nelson-pino-sernapesca-chile\/?wpdmdl=13481&refresh=69edfe1c3784c1777204764\">Descargar<\/a>\n        <\/div>\n    <\/div>\n\n<\/div>\n<style>\n    .well.c2a3 .btn {\n        padding: 11px 30px;\n        font-size: 11pt;\n    }\n\n    .well.c2a3 .media-body {\n        font-size: 11pt;\n    }\n\n    .well.c2a3 .wpdm_icon {\n        height: 42px;\n        width: auto;\n    }<\/style><\/div><div class='col-lg-12 col-md-6 col-12'><!-- WPDM Link Template: Call to Action 3 -->\n\n<div class=\"well c2a3\">\n    <div class=\"media\">\n        <div class=\"mr-3\" align=\"left\">\n            <img class=\"wpdm_icon\" alt=\"Icon\" src=\"https:\/\/renfa.sma.gob.cl\/wp-content\/plugins\/download-manager\/assets\/file-type-icons\/pdf.svg\" onError='this.src=\"https:\/\/renfa.sma.gob.cl\/wp-content\/plugins\/download-manager\/assets\/file-type-icons\/unknown.svg\";' \/>\n        <\/div>\n        <div class=\"media-body\">\n            <h3 class=\"media-heading\" style=\"padding-top: 0px;border:0px;margin: 0 0 5px 0;font-size:12pt;\">\n                <a style=\"font-weight: 700\" href=\"https:\/\/renfa.sma.gob.cl\/index.php\/download\/uso-de-drones-gonzalo-tapia-conaf-chile\/\">5. Uso de Drones- Gonzalo Tapia (CONAF-Chile)<\/a>\n                <span style=\"font-size:8pt;font-weight:300\" class=\"text-muted ml-4\">\n                    <i class=\"fa fa-hdd mr-1\"><\/i> 2.61 MB\n                    <i class=\"ml-3 fa fa-arrow-alt-circle-down mr-1\"><\/i> 105 downloads\n                <\/span>\n            <\/h3>\n            ...\n        <\/div>\n        <div class=\"ml-3\" align=\"right\">\n            <a class='wpdm-download-link download-on-click btn btn-primary ' rel='nofollow' href='#' data-downloadurl=\"https:\/\/renfa.sma.gob.cl\/index.php\/download\/uso-de-drones-gonzalo-tapia-conaf-chile\/?wpdmdl=13479&refresh=69edfe1c3aef81777204764\">Descargar<\/a>\n        <\/div>\n    <\/div>\n\n<\/div>\n<style>\n    .well.c2a3 .btn {\n        padding: 11px 30px;\n        font-size: 11pt;\n    }\n\n    .well.c2a3 .media-body {\n        font-size: 11pt;\n    }\n\n    .well.c2a3 .wpdm_icon {\n        height: 42px;\n        width: auto;\n    }<\/style><\/div><div class='col-lg-12 col-md-6 col-12'><!-- WPDM Link Template: Call to Action 3 -->\n\n<div class=\"well c2a3\">\n    <div class=\"media\">\n        <div class=\"mr-3\" align=\"left\">\n            <img class=\"wpdm_icon\" alt=\"Icon\" src=\"https:\/\/renfa.sma.gob.cl\/wp-content\/plugins\/download-manager\/assets\/file-type-icons\/pdf.svg\" onError='this.src=\"https:\/\/renfa.sma.gob.cl\/wp-content\/plugins\/download-manager\/assets\/file-type-icons\/unknown.svg\";' \/>\n        <\/div>\n        <div class=\"media-body\">\n            <h3 class=\"media-heading\" style=\"padding-top: 0px;border:0px;margin: 0 0 5px 0;font-size:12pt;\">\n                <a style=\"font-weight: 700\" href=\"https:\/\/renfa.sma.gob.cl\/index.php\/download\/estudios-tecnicos-especializados-guiliana-becerra-oefa-peru\/\">4. Estudios T\u00e9cnicos Especializados- Guiliana Becerra (OEFA-Per\u00fa)<\/a>\n                <span style=\"font-size:8pt;font-weight:300\" class=\"text-muted ml-4\">\n                    <i class=\"fa fa-hdd mr-1\"><\/i> 3.70 MB\n                    <i class=\"ml-3 fa fa-arrow-alt-circle-down mr-1\"><\/i> 83 downloads\n                <\/span>\n            <\/h3>\n            ...\n        <\/div>\n        <div class=\"ml-3\" align=\"right\">\n            <a class='wpdm-download-link download-on-click btn btn-primary ' rel='nofollow' href='#' data-downloadurl=\"https:\/\/renfa.sma.gob.cl\/index.php\/download\/estudios-tecnicos-especializados-guiliana-becerra-oefa-peru\/?wpdmdl=13477&refresh=69edfe1c3bba31777204764\">Descargar<\/a>\n        <\/div>\n    <\/div>\n\n<\/div>\n<style>\n    .well.c2a3 .btn {\n        padding: 11px 30px;\n        font-size: 11pt;\n    }\n\n    .well.c2a3 .media-body {\n        font-size: 11pt;\n    }\n\n    .well.c2a3 .wpdm_icon {\n        height: 42px;\n        width: auto;\n    }<\/style><\/div><div class='col-lg-12 col-md-6 col-12'><!-- WPDM Link Template: Call to Action 3 -->\n\n<div class=\"well c2a3\">\n    <div class=\"media\">\n        <div class=\"mr-3\" align=\"left\">\n            <img class=\"wpdm_icon\" alt=\"Icon\" src=\"https:\/\/renfa.sma.gob.cl\/wp-content\/plugins\/download-manager\/assets\/file-type-icons\/pdf.svg\" onError='this.src=\"https:\/\/renfa.sma.gob.cl\/wp-content\/plugins\/download-manager\/assets\/file-type-icons\/unknown.svg\";' \/>\n        <\/div>\n        <div class=\"media-body\">\n            <h3 class=\"media-heading\" style=\"padding-top: 0px;border:0px;margin: 0 0 5px 0;font-size:12pt;\">\n                <a style=\"font-weight: 700\" href=\"https:\/\/renfa.sma.gob.cl\/index.php\/download\/fiscalizacion-de-la-amazonia-jair-scmitt-ibama-brasil\/\">3. Fiscalizaci\u00f3n de la amazon\u00eda- Jair Scmitt (IBAMA -Brasil)<\/a>\n                <span style=\"font-size:8pt;font-weight:300\" class=\"text-muted ml-4\">\n                    <i class=\"fa fa-hdd mr-1\"><\/i> 2.34 MB\n                    <i class=\"ml-3 fa fa-arrow-alt-circle-down mr-1\"><\/i> 81 downloads\n                <\/span>\n            <\/h3>\n            ...\n        <\/div>\n        <div class=\"ml-3\" align=\"right\">\n            <a class='wpdm-download-link download-on-click btn btn-primary ' rel='nofollow' href='#' data-downloadurl=\"https:\/\/renfa.sma.gob.cl\/index.php\/download\/fiscalizacion-de-la-amazonia-jair-scmitt-ibama-brasil\/?wpdmdl=13475&refresh=69edfe1c3d40e1777204764\">Descargar<\/a>\n        <\/div>\n    <\/div>\n\n<\/div>\n<style>\n    .well.c2a3 .btn {\n        padding: 11px 30px;\n        font-size: 11pt;\n    }\n\n    .well.c2a3 .media-body {\n        font-size: 11pt;\n    }\n\n    .well.c2a3 .wpdm_icon {\n        height: 42px;\n        width: auto;\n    }<\/style><\/div><div class='col-lg-12 col-md-6 col-12'><!-- WPDM Link Template: Call to Action 3 -->\n\n<div class=\"well c2a3\">\n    <div class=\"media\">\n        <div class=\"mr-3\" align=\"left\">\n            <img class=\"wpdm_icon\" alt=\"Icon\" src=\"https:\/\/renfa.sma.gob.cl\/wp-content\/plugins\/download-manager\/assets\/file-type-icons\/pdf.svg\" onError='this.src=\"https:\/\/renfa.sma.gob.cl\/wp-content\/plugins\/download-manager\/assets\/file-type-icons\/unknown.svg\";' \/>\n        <\/div>\n        <div class=\"media-body\">\n            <h3 class=\"media-heading\" style=\"padding-top: 0px;border:0px;margin: 0 0 5px 0;font-size:12pt;\">\n                <a style=\"font-weight: 700\" href=\"https:\/\/renfa.sma.gob.cl\/index.php\/download\/fiscalizacion-automatizada-paula-flores-subtrans-chile\/\">2. Fiscalizaci\u00f3n automatizada- Paula Flores (Subtrans-Chile)<\/a>\n                <span style=\"font-size:8pt;font-weight:300\" class=\"text-muted ml-4\">\n                    <i class=\"fa fa-hdd mr-1\"><\/i> 1.43 MB\n                    <i class=\"ml-3 fa fa-arrow-alt-circle-down mr-1\"><\/i> 91 downloads\n                <\/span>\n            <\/h3>\n            ...\n        <\/div>\n        <div class=\"ml-3\" align=\"right\">\n            <a class='wpdm-download-link download-on-click btn btn-primary ' rel='nofollow' href='#' data-downloadurl=\"https:\/\/renfa.sma.gob.cl\/index.php\/download\/fiscalizacion-automatizada-paula-flores-subtrans-chile\/?wpdmdl=13473&refresh=69edfe1c3e6ab1777204764\">Descargar<\/a>\n        <\/div>\n    <\/div>\n\n<\/div>\n<style>\n    .well.c2a3 .btn {\n        padding: 11px 30px;\n        font-size: 11pt;\n    }\n\n    .well.c2a3 .media-body {\n        font-size: 11pt;\n    }\n\n    .well.c2a3 .wpdm_icon {\n        height: 42px;\n        width: auto;\n    }<\/style><\/div><div class='col-lg-12 col-md-6 col-12'><!-- WPDM Link Template: Call to Action 3 -->\n\n<div class=\"well c2a3\">\n    <div class=\"media\">\n        <div class=\"mr-3\" align=\"left\">\n            <img class=\"wpdm_icon\" alt=\"Icon\" src=\"https:\/\/renfa.sma.gob.cl\/wp-content\/plugins\/download-manager\/assets\/file-type-icons\/pdf.svg\" onError='this.src=\"https:\/\/renfa.sma.gob.cl\/wp-content\/plugins\/download-manager\/assets\/file-type-icons\/unknown.svg\";' \/>\n        <\/div>\n        <div class=\"media-body\">\n            <h3 class=\"media-heading\" style=\"padding-top: 0px;border:0px;margin: 0 0 5px 0;font-size:12pt;\">\n                <a style=\"font-weight: 700\" href=\"https:\/\/renfa.sma.gob.cl\/index.php\/download\/1-tecnologia-avanzada-de-monitoreo-armando-bustamente-eeuu\/\">1.-Tecnolog\u00eda avanzada de Monitoreo -Armando Bustamente (EEUU)<\/a>\n                <span style=\"font-size:8pt;font-weight:300\" class=\"text-muted ml-4\">\n                    <i class=\"fa fa-hdd mr-1\"><\/i> 10.38 MB\n                    <i class=\"ml-3 fa fa-arrow-alt-circle-down mr-1\"><\/i> 86 downloads\n                <\/span>\n            <\/h3>\n            ...\n        <\/div>\n        <div class=\"ml-3\" align=\"right\">\n            <a class='wpdm-download-link download-on-click btn btn-primary ' rel='nofollow' href='#' data-downloadurl=\"https:\/\/renfa.sma.gob.cl\/index.php\/download\/1-tecnologia-avanzada-de-monitoreo-armando-bustamente-eeuu\/?wpdmdl=13471&refresh=69edfe1c3f7061777204764\">Descargar<\/a>\n        <\/div>\n    <\/div>\n\n<\/div>\n<style>\n    .well.c2a3 .btn {\n        padding: 11px 30px;\n        font-size: 11pt;\n    }\n\n    .well.c2a3 .media-body {\n        font-size: 11pt;\n    }\n\n    .well.c2a3 .wpdm_icon {\n        height: 42px;\n        width: auto;\n    }<\/style><\/div><\/div>            <div style='clear:both'><\/div><div class='text-center'><ul class='pagination wpdm-pagination pagination-centered text-center'><\/ul><\/div><div style='clear:both'><\/div>        <\/div>\n\n        <div style='clear:both'><\/div>\n    <\/div>\n<\/div>\n<\/div><\/div><\/div><div class=\"fusion-panel panel-default\"><div class=\"panel-heading\"><h4 class=\"panel-title toggle\"><a data-toggle=\"collapse\" data-parent=\"#accordion-13128-1\" data-target=\"#55b525a31df0ebcd2\" href=\"#55b525a31df0ebcd2\"><div class=\"fusion-toggle-icon-wrapper\"><i class=\"fa-fusion-box\"><\/i><\/div><div class=\"fusion-toggle-heading\">M\u00f3dulo 3: Impacto de reportes electr\u00f3nicos en el cumplimiento ambiental<\/div><\/a><\/h4><\/div><div id=\"55b525a31df0ebcd2\" class=\"panel-collapse collapse \"><div class=\"panel-body toggle-content fusion-clearfix\"><div class='w3eden'>\n    <div class=''>\n        \n        <div id=\"content_6636a6c9909ea4b5ae44c126f67606bf\">\n                                    <div class='row'><div class='col-lg-12 col-md-6 col-12'><!-- WPDM Link Template: Call to Action 3 -->\n\n<div class=\"well c2a3\">\n    <div class=\"media\">\n        <div class=\"mr-3\" align=\"left\">\n            <img class=\"wpdm_icon\" alt=\"Icon\" src=\"https:\/\/renfa.sma.gob.cl\/wp-content\/plugins\/download-manager\/assets\/file-type-icons\/pdf.svg\" onError='this.src=\"https:\/\/renfa.sma.gob.cl\/wp-content\/plugins\/download-manager\/assets\/file-type-icons\/unknown.svg\";' \/>\n        <\/div>\n        <div class=\"media-body\">\n            <h3 class=\"media-heading\" style=\"padding-top: 0px;border:0px;margin: 0 0 5px 0;font-size:12pt;\">\n                <a style=\"font-weight: 700\" href=\"https:\/\/renfa.sma.gob.cl\/index.php\/download\/4-seguimiento-ambiental-sma-juan-eduardo-johnson-sma-chile\/\">4. Seguimiento Ambiental SMA - Juan Eduardo Johnson (SMA-Chile)<\/a>\n                <span style=\"font-size:8pt;font-weight:300\" class=\"text-muted ml-4\">\n                    <i class=\"fa fa-hdd mr-1\"><\/i> 3.52 MB\n                    <i class=\"ml-3 fa fa-arrow-alt-circle-down mr-1\"><\/i> 113 downloads\n                <\/span>\n            <\/h3>\n            ...\n        <\/div>\n        <div class=\"ml-3\" align=\"right\">\n            <a class='wpdm-download-link download-on-click btn btn-primary ' rel='nofollow' href='#' data-downloadurl=\"https:\/\/renfa.sma.gob.cl\/index.php\/download\/4-seguimiento-ambiental-sma-juan-eduardo-johnson-sma-chile\/?wpdmdl=13504&refresh=69edfe1c44e3e1777204764\">Descargar<\/a>\n        <\/div>\n    <\/div>\n\n<\/div>\n<style>\n    .well.c2a3 .btn {\n        padding: 11px 30px;\n        font-size: 11pt;\n    }\n\n    .well.c2a3 .media-body {\n        font-size: 11pt;\n    }\n\n    .well.c2a3 .wpdm_icon {\n        height: 42px;\n        width: auto;\n    }<\/style><\/div><div class='col-lg-12 col-md-6 col-12'><!-- WPDM Link Template: Call to Action 3 -->\n\n<div class=\"well c2a3\">\n    <div class=\"media\">\n        <div class=\"mr-3\" align=\"left\">\n            <img class=\"wpdm_icon\" alt=\"Icon\" src=\"https:\/\/renfa.sma.gob.cl\/wp-content\/plugins\/download-manager\/assets\/file-type-icons\/pdf.svg\" onError='this.src=\"https:\/\/renfa.sma.gob.cl\/wp-content\/plugins\/download-manager\/assets\/file-type-icons\/unknown.svg\";' \/>\n        <\/div>\n        <div class=\"media-body\">\n            <h3 class=\"media-heading\" style=\"padding-top: 0px;border:0px;margin: 0 0 5px 0;font-size:12pt;\">\n                <a style=\"font-weight: 700\" href=\"https:\/\/renfa.sma.gob.cl\/index.php\/download\/5-vital-y-sila-leonardo-bayona-anla-colombia\/\">5. Vital y Sila - Leonardo Bayona (ANLA-Colombia)<\/a>\n                <span style=\"font-size:8pt;font-weight:300\" class=\"text-muted ml-4\">\n                    <i class=\"fa fa-hdd mr-1\"><\/i> 4.47 MB\n                    <i class=\"ml-3 fa fa-arrow-alt-circle-down mr-1\"><\/i> 63 downloads\n                <\/span>\n            <\/h3>\n            ...\n        <\/div>\n        <div class=\"ml-3\" align=\"right\">\n            <a class='wpdm-download-link download-on-click btn btn-primary ' rel='nofollow' href='#' data-downloadurl=\"https:\/\/renfa.sma.gob.cl\/index.php\/download\/5-vital-y-sila-leonardo-bayona-anla-colombia\/?wpdmdl=13492&refresh=69edfe1c4be8a1777204764\">Descargar<\/a>\n        <\/div>\n    <\/div>\n\n<\/div>\n<style>\n    .well.c2a3 .btn {\n        padding: 11px 30px;\n        font-size: 11pt;\n    }\n\n    .well.c2a3 .media-body {\n        font-size: 11pt;\n    }\n\n    .well.c2a3 .wpdm_icon {\n        height: 42px;\n        width: auto;\n    }<\/style><\/div><div class='col-lg-12 col-md-6 col-12'><!-- WPDM Link Template: Call to Action 3 -->\n\n<div class=\"well c2a3\">\n    <div class=\"media\">\n        <div class=\"mr-3\" align=\"left\">\n            <img class=\"wpdm_icon\" alt=\"Icon\" src=\"https:\/\/renfa.sma.gob.cl\/wp-content\/plugins\/download-manager\/assets\/file-type-icons\/pdf.svg\" onError='this.src=\"https:\/\/renfa.sma.gob.cl\/wp-content\/plugins\/download-manager\/assets\/file-type-icons\/unknown.svg\";' \/>\n        <\/div>\n        <div class=\"media-body\">\n            <h3 class=\"media-heading\" style=\"padding-top: 0px;border:0px;margin: 0 0 5px 0;font-size:12pt;\">\n                <a style=\"font-weight: 700\" href=\"https:\/\/renfa.sma.gob.cl\/index.php\/download\/3-snifa-sebastian-elgueta-sma-chile\/\">3. SNIFA - Sebast\u00edan Elgueta (SMA-Chile)<\/a>\n                <span style=\"font-size:8pt;font-weight:300\" class=\"text-muted ml-4\">\n                    <i class=\"fa fa-hdd mr-1\"><\/i> 2.25 MB\n                    <i class=\"ml-3 fa fa-arrow-alt-circle-down mr-1\"><\/i> 544 downloads\n                <\/span>\n            <\/h3>\n            ...\n        <\/div>\n        <div class=\"ml-3\" align=\"right\">\n            <a class='wpdm-download-link download-on-click btn btn-primary ' rel='nofollow' href='#' data-downloadurl=\"https:\/\/renfa.sma.gob.cl\/index.php\/download\/3-snifa-sebastian-elgueta-sma-chile\/?wpdmdl=13490&refresh=69edfe1c4cae61777204764\">Descargar<\/a>\n        <\/div>\n    <\/div>\n\n<\/div>\n<style>\n    .well.c2a3 .btn {\n        padding: 11px 30px;\n        font-size: 11pt;\n    }\n\n    .well.c2a3 .media-body {\n        font-size: 11pt;\n    }\n\n    .well.c2a3 .wpdm_icon {\n        height: 42px;\n        width: auto;\n    }<\/style><\/div><div class='col-lg-12 col-md-6 col-12'><!-- WPDM Link Template: Call to Action 3 -->\n\n<div class=\"well c2a3\">\n    <div class=\"media\">\n        <div class=\"mr-3\" align=\"left\">\n            <img class=\"wpdm_icon\" alt=\"Icon\" src=\"https:\/\/renfa.sma.gob.cl\/wp-content\/plugins\/download-manager\/assets\/file-type-icons\/pdf.svg\" onError='this.src=\"https:\/\/renfa.sma.gob.cl\/wp-content\/plugins\/download-manager\/assets\/file-type-icons\/unknown.svg\";' \/>\n        <\/div>\n        <div class=\"media-body\">\n            <h3 class=\"media-heading\" style=\"padding-top: 0px;border:0px;margin: 0 0 5px 0;font-size:12pt;\">\n                <a style=\"font-weight: 700\" href=\"https:\/\/renfa.sma.gob.cl\/index.php\/download\/2-procof-alfredo-espinoza-siss-chile\/\">2. PROCOF- Alfredo Espinoza (SISS-Chile)<\/a>\n                <span style=\"font-size:8pt;font-weight:300\" class=\"text-muted ml-4\">\n                    <i class=\"fa fa-hdd mr-1\"><\/i> 797.36 KB\n                    <i class=\"ml-3 fa fa-arrow-alt-circle-down mr-1\"><\/i> 595 downloads\n                <\/span>\n            <\/h3>\n            ...\n        <\/div>\n        <div class=\"ml-3\" align=\"right\">\n            <a class='wpdm-download-link download-on-click btn btn-primary ' rel='nofollow' href='#' data-downloadurl=\"https:\/\/renfa.sma.gob.cl\/index.php\/download\/2-procof-alfredo-espinoza-siss-chile\/?wpdmdl=13488&refresh=69edfe1c7613b1777204764\">Descargar<\/a>\n        <\/div>\n    <\/div>\n\n<\/div>\n<style>\n    .well.c2a3 .btn {\n        padding: 11px 30px;\n        font-size: 11pt;\n    }\n\n    .well.c2a3 .media-body {\n        font-size: 11pt;\n    }\n\n    .well.c2a3 .wpdm_icon {\n        height: 42px;\n        width: auto;\n    }<\/style><\/div><div class='col-lg-12 col-md-6 col-12'><!-- WPDM Link Template: Call to Action 3 -->\n\n<div class=\"well c2a3\">\n    <div class=\"media\">\n        <div class=\"mr-3\" align=\"left\">\n            <img class=\"wpdm_icon\" alt=\"Icon\" src=\"https:\/\/renfa.sma.gob.cl\/wp-content\/plugins\/download-manager\/assets\/file-type-icons\/pdf.svg\" onError='this.src=\"https:\/\/renfa.sma.gob.cl\/wp-content\/plugins\/download-manager\/assets\/file-type-icons\/unknown.svg\";' \/>\n        <\/div>\n        <div class=\"media-body\">\n            <h3 class=\"media-heading\" style=\"padding-top: 0px;border:0px;margin: 0 0 5px 0;font-size:12pt;\">\n                <a style=\"font-weight: 700\" href=\"https:\/\/renfa.sma.gob.cl\/index.php\/download\/1-notificacion-y-reporte-electronico-davis-jones-us-epa-eeuu\/\">1. Notificacion y reporte electr\u00f3nico- Davis jones (US EPA-EEUU)<\/a>\n                <span style=\"font-size:8pt;font-weight:300\" class=\"text-muted ml-4\">\n                    <i class=\"fa fa-hdd mr-1\"><\/i> 1.33 MB\n                    <i class=\"ml-3 fa fa-arrow-alt-circle-down mr-1\"><\/i> 486 downloads\n                <\/span>\n            <\/h3>\n            ...\n        <\/div>\n        <div class=\"ml-3\" align=\"right\">\n            <a class='wpdm-download-link download-on-click btn btn-primary ' rel='nofollow' href='#' data-downloadurl=\"https:\/\/renfa.sma.gob.cl\/index.php\/download\/1-notificacion-y-reporte-electronico-davis-jones-us-epa-eeuu\/?wpdmdl=13486&refresh=69edfe1c76cd71777204764\">Descargar<\/a>\n        <\/div>\n    <\/div>\n\n<\/div>\n<style>\n    .well.c2a3 .btn {\n        padding: 11px 30px;\n        font-size: 11pt;\n    }\n\n    .well.c2a3 .media-body {\n        font-size: 11pt;\n    }\n\n    .well.c2a3 .wpdm_icon {\n        height: 42px;\n        width: auto;\n    }<\/style><\/div><\/div>            <div style='clear:both'><\/div><div class='text-center'><ul class='pagination wpdm-pagination pagination-centered text-center'><\/ul><\/div><div style='clear:both'><\/div>        <\/div>\n\n        <div style='clear:both'><\/div>\n    <\/div>\n<\/div>\n<\/div><\/div><\/div><div class=\"fusion-panel panel-default\"><div class=\"panel-heading\"><h4 class=\"panel-title toggle\"><a data-toggle=\"collapse\" data-parent=\"#accordion-13128-1\" data-target=\"#ec59581fe94187026\" href=\"#ec59581fe94187026\"><div class=\"fusion-toggle-icon-wrapper\"><i class=\"fa-fusion-box\"><\/i><\/div><div class=\"fusion-toggle-heading\">M\u00f3dulo 4: Innovaci\u00f3n en la fiscalizaci\u00f3n ambiental<\/div><\/a><\/h4><\/div><div id=\"ec59581fe94187026\" class=\"panel-collapse collapse \"><div class=\"panel-body toggle-content fusion-clearfix\"><div class='w3eden'>\n    <div class=''>\n        \n        <div id=\"content_a242bfb02f53d634abfd768d11732981\">\n                                    <div class='row'><div class='col-lg-12 col-md-6 col-12'><!-- WPDM Link Template: Call to Action 3 -->\n\n<div class=\"well c2a3\">\n    <div class=\"media\">\n        <div class=\"mr-3\" align=\"left\">\n            <img class=\"wpdm_icon\" alt=\"Icon\" src=\"https:\/\/renfa.sma.gob.cl\/wp-content\/plugins\/download-manager\/assets\/file-type-icons\/pdf.svg\" onError='this.src=\"https:\/\/renfa.sma.gob.cl\/wp-content\/plugins\/download-manager\/assets\/file-type-icons\/unknown.svg\";' \/>\n        <\/div>\n        <div class=\"media-body\">\n            <h3 class=\"media-heading\" style=\"padding-top: 0px;border:0px;margin: 0 0 5px 0;font-size:12pt;\">\n                <a style=\"font-weight: 700\" href=\"https:\/\/renfa.sma.gob.cl\/index.php\/download\/2-percepcion-remota-para-el-monitoreo-y-evaluacion-del-cumplimiento-ambiental-en-chile-sma-chile-ariel-russel\/\">2. Percepci\u00f3n remota para el monitoreo y evaluaci\u00f3n del cumplimiento ambiental en Chile (SMA-Chile)-Ariel Russell<\/a>\n                <span style=\"font-size:8pt;font-weight:300\" class=\"text-muted ml-4\">\n                    <i class=\"fa fa-hdd mr-1\"><\/i> 8.40 MB\n                    <i class=\"ml-3 fa fa-arrow-alt-circle-down mr-1\"><\/i> 557 downloads\n                <\/span>\n            <\/h3>\n            ...\n        <\/div>\n        <div class=\"ml-3\" align=\"right\">\n            <a class='wpdm-download-link download-on-click btn btn-primary ' rel='nofollow' href='#' data-downloadurl=\"https:\/\/renfa.sma.gob.cl\/index.php\/download\/2-percepcion-remota-para-el-monitoreo-y-evaluacion-del-cumplimiento-ambiental-en-chile-sma-chile-ariel-russel\/?wpdmdl=13514&refresh=69edfe1c7da551777204764\">Descargar<\/a>\n        <\/div>\n    <\/div>\n\n<\/div>\n<style>\n    .well.c2a3 .btn {\n        padding: 11px 30px;\n        font-size: 11pt;\n    }\n\n    .well.c2a3 .media-body {\n        font-size: 11pt;\n    }\n\n    .well.c2a3 .wpdm_icon {\n        height: 42px;\n        width: auto;\n    }<\/style><\/div><div class='col-lg-12 col-md-6 col-12'><!-- WPDM Link Template: Call to Action 3 -->\n\n<div class=\"well c2a3\">\n    <div class=\"media\">\n        <div class=\"mr-3\" align=\"left\">\n            <img class=\"wpdm_icon\" alt=\"Icon\" src=\"https:\/\/renfa.sma.gob.cl\/wp-content\/plugins\/download-manager\/assets\/file-type-icons\/pdf.svg\" onError='this.src=\"https:\/\/renfa.sma.gob.cl\/wp-content\/plugins\/download-manager\/assets\/file-type-icons\/unknown.svg\";' \/>\n        <\/div>\n        <div class=\"media-body\">\n            <h3 class=\"media-heading\" style=\"padding-top: 0px;border:0px;margin: 0 0 5px 0;font-size:12pt;\">\n                <a style=\"font-weight: 700\" href=\"https:\/\/renfa.sma.gob.cl\/index.php\/download\/6-metodologia-imposicion-de-sanciones-y-medidas-correctivas-del-peru-katherine-melgar-oefa-peru\/\">6. Metodolog\u00eda imposici\u00f3n de sanciones y medidas correctivas del Per\u00fa-Katherine Melgar (OEFA-Per\u00fa)<\/a>\n                <span style=\"font-size:8pt;font-weight:300\" class=\"text-muted ml-4\">\n                    <i class=\"fa fa-hdd mr-1\"><\/i> 2.40 MB\n                    <i class=\"ml-3 fa fa-arrow-alt-circle-down mr-1\"><\/i> 472 downloads\n                <\/span>\n            <\/h3>\n            ...\n        <\/div>\n        <div class=\"ml-3\" align=\"right\">\n            <a class='wpdm-download-link download-on-click btn btn-primary ' rel='nofollow' href='#' data-downloadurl=\"https:\/\/renfa.sma.gob.cl\/index.php\/download\/6-metodologia-imposicion-de-sanciones-y-medidas-correctivas-del-peru-katherine-melgar-oefa-peru\/?wpdmdl=13502&refresh=69edfe1c7f01d1777204764\">Descargar<\/a>\n        <\/div>\n    <\/div>\n\n<\/div>\n<style>\n    .well.c2a3 .btn {\n        padding: 11px 30px;\n        font-size: 11pt;\n    }\n\n    .well.c2a3 .media-body {\n        font-size: 11pt;\n    }\n\n    .well.c2a3 .wpdm_icon {\n        height: 42px;\n        width: auto;\n    }<\/style><\/div><div class='col-lg-12 col-md-6 col-12'><!-- WPDM Link Template: Call to Action 3 -->\n\n<div class=\"well c2a3\">\n    <div class=\"media\">\n        <div class=\"mr-3\" align=\"left\">\n            <img class=\"wpdm_icon\" alt=\"Icon\" src=\"https:\/\/renfa.sma.gob.cl\/wp-content\/plugins\/download-manager\/assets\/file-type-icons\/pdf.svg\" onError='this.src=\"https:\/\/renfa.sma.gob.cl\/wp-content\/plugins\/download-manager\/assets\/file-type-icons\/unknown.svg\";' \/>\n        <\/div>\n        <div class=\"media-body\">\n            <h3 class=\"media-heading\" style=\"padding-top: 0px;border:0px;margin: 0 0 5px 0;font-size:12pt;\">\n                <a style=\"font-weight: 700\" href=\"https:\/\/renfa.sma.gob.cl\/index.php\/download\/5-modelo-de-tasacion-de-multas-de-colombia-claudia-lopez-y-tania-torres-anla-colombia\/\">5. Modelo de tasaci\u00f3n de multas de Colombia - Claudia L\u00f3pez y Tania Torres (ANLA-Colombia)<\/a>\n                <span style=\"font-size:8pt;font-weight:300\" class=\"text-muted ml-4\">\n                    <i class=\"fa fa-hdd mr-1\"><\/i> 4.05 MB\n                    <i class=\"ml-3 fa fa-arrow-alt-circle-down mr-1\"><\/i> 475 downloads\n                <\/span>\n            <\/h3>\n            ...\n        <\/div>\n        <div class=\"ml-3\" align=\"right\">\n            <a class='wpdm-download-link download-on-click btn btn-primary ' rel='nofollow' href='#' data-downloadurl=\"https:\/\/renfa.sma.gob.cl\/index.php\/download\/5-modelo-de-tasacion-de-multas-de-colombia-claudia-lopez-y-tania-torres-anla-colombia\/?wpdmdl=13500&refresh=69edfe1c890901777204764\">Descargar<\/a>\n        <\/div>\n    <\/div>\n\n<\/div>\n<style>\n    .well.c2a3 .btn {\n        padding: 11px 30px;\n        font-size: 11pt;\n    }\n\n    .well.c2a3 .media-body {\n        font-size: 11pt;\n    }\n\n    .well.c2a3 .wpdm_icon {\n        height: 42px;\n        width: auto;\n    }<\/style><\/div><div class='col-lg-12 col-md-6 col-12'><!-- WPDM Link Template: Call to Action 3 -->\n\n<div class=\"well c2a3\">\n    <div class=\"media\">\n        <div class=\"mr-3\" align=\"left\">\n            <img class=\"wpdm_icon\" alt=\"Icon\" src=\"https:\/\/renfa.sma.gob.cl\/wp-content\/plugins\/download-manager\/assets\/file-type-icons\/pdf.svg\" onError='this.src=\"https:\/\/renfa.sma.gob.cl\/wp-content\/plugins\/download-manager\/assets\/file-type-icons\/unknown.svg\";' \/>\n        <\/div>\n        <div class=\"media-body\">\n            <h3 class=\"media-heading\" style=\"padding-top: 0px;border:0px;margin: 0 0 5px 0;font-size:12pt;\">\n                <a style=\"font-weight: 700\" href=\"https:\/\/renfa.sma.gob.cl\/index.php\/download\/4-metodologias-para-evaluacion-en-estructuras-patrimoniales-mara-cruz-cmn-chile\/\">4. Metodolog\u00edas para evaluaci\u00f3n en estructuras patrimoniales-Mara Cruz (CMN-Chile)<\/a>\n                <span style=\"font-size:8pt;font-weight:300\" class=\"text-muted ml-4\">\n                    <i class=\"fa fa-hdd mr-1\"><\/i> 2.07 MB\n                    <i class=\"ml-3 fa fa-arrow-alt-circle-down mr-1\"><\/i> 555 downloads\n                <\/span>\n            <\/h3>\n            ...\n        <\/div>\n        <div class=\"ml-3\" align=\"right\">\n            <a class='wpdm-download-link download-on-click btn btn-primary ' rel='nofollow' href='#' data-downloadurl=\"https:\/\/renfa.sma.gob.cl\/index.php\/download\/4-metodologias-para-evaluacion-en-estructuras-patrimoniales-mara-cruz-cmn-chile\/?wpdmdl=13498&refresh=69edfe1c8ad051777204764\">Descargar<\/a>\n        <\/div>\n    <\/div>\n\n<\/div>\n<style>\n    .well.c2a3 .btn {\n        padding: 11px 30px;\n        font-size: 11pt;\n    }\n\n    .well.c2a3 .media-body {\n        font-size: 11pt;\n    }\n\n    .well.c2a3 .wpdm_icon {\n        height: 42px;\n        width: auto;\n    }<\/style><\/div><div class='col-lg-12 col-md-6 col-12'><!-- WPDM Link Template: Call to Action 3 -->\n\n<div class=\"well c2a3\">\n    <div class=\"media\">\n        <div class=\"mr-3\" align=\"left\">\n            <img class=\"wpdm_icon\" alt=\"Icon\" src=\"https:\/\/renfa.sma.gob.cl\/wp-content\/plugins\/download-manager\/assets\/file-type-icons\/pdf.svg\" onError='this.src=\"https:\/\/renfa.sma.gob.cl\/wp-content\/plugins\/download-manager\/assets\/file-type-icons\/unknown.svg\";' \/>\n        <\/div>\n        <div class=\"media-body\">\n            <h3 class=\"media-heading\" style=\"padding-top: 0px;border:0px;margin: 0 0 5px 0;font-size:12pt;\">\n                <a style=\"font-weight: 700\" href=\"https:\/\/renfa.sma.gob.cl\/index.php\/download\/3-seguimiento-vegetacional-azonal-mario-ahumada-sag-chile\/\">3. Seguimiento vegetacional azonal - Mario Ahumada (SAG-Chile)<\/a>\n                <span style=\"font-size:8pt;font-weight:300\" class=\"text-muted ml-4\">\n                    <i class=\"fa fa-hdd mr-1\"><\/i> 2.31 MB\n                    <i class=\"ml-3 fa fa-arrow-alt-circle-down mr-1\"><\/i> 130 downloads\n                <\/span>\n            <\/h3>\n            ...\n        <\/div>\n        <div class=\"ml-3\" align=\"right\">\n            <a class='wpdm-download-link download-on-click btn btn-primary ' rel='nofollow' href='#' data-downloadurl=\"https:\/\/renfa.sma.gob.cl\/index.php\/download\/3-seguimiento-vegetacional-azonal-mario-ahumada-sag-chile\/?wpdmdl=13496&refresh=69edfe1c8d7451777204764\">Descargar<\/a>\n        <\/div>\n    <\/div>\n\n<\/div>\n<style>\n    .well.c2a3 .btn {\n        padding: 11px 30px;\n        font-size: 11pt;\n    }\n\n    .well.c2a3 .media-body {\n        font-size: 11pt;\n    }\n\n    .well.c2a3 .wpdm_icon {\n        height: 42px;\n        width: auto;\n    }<\/style><\/div><div class='col-lg-12 col-md-6 col-12'><!-- WPDM Link Template: Call to Action 3 -->\n\n<div class=\"well c2a3\">\n    <div class=\"media\">\n        <div class=\"mr-3\" align=\"left\">\n            <img class=\"wpdm_icon\" alt=\"Icon\" src=\"https:\/\/renfa.sma.gob.cl\/wp-content\/plugins\/download-manager\/assets\/file-type-icons\/pdf.svg\" onError='this.src=\"https:\/\/renfa.sma.gob.cl\/wp-content\/plugins\/download-manager\/assets\/file-type-icons\/unknown.svg\";' \/>\n        <\/div>\n        <div class=\"media-body\">\n            <h3 class=\"media-heading\" style=\"padding-top: 0px;border:0px;margin: 0 0 5px 0;font-size:12pt;\">\n                <a style=\"font-weight: 700\" href=\"https:\/\/renfa.sma.gob.cl\/index.php\/download\/1-modelo-de-gestion-de-riesgo-de-salud-roxana-tessada-minsal-chile\/\">1. Modelo de gesti\u00f3n de riesgo de Salud- Roxana Tessada (MINSAL-Chile)<\/a>\n                <span style=\"font-size:8pt;font-weight:300\" class=\"text-muted ml-4\">\n                    <i class=\"fa fa-hdd mr-1\"><\/i> 4.22 MB\n                    <i class=\"ml-3 fa fa-arrow-alt-circle-down mr-1\"><\/i> 183 downloads\n                <\/span>\n            <\/h3>\n            ...\n        <\/div>\n        <div class=\"ml-3\" align=\"right\">\n            <a class='wpdm-download-link download-on-click btn btn-primary ' rel='nofollow' href='#' data-downloadurl=\"https:\/\/renfa.sma.gob.cl\/index.php\/download\/1-modelo-de-gestion-de-riesgo-de-salud-roxana-tessada-minsal-chile\/?wpdmdl=13494&refresh=69edfe1c8e55a1777204764\">Descargar<\/a>\n        <\/div>\n    <\/div>\n\n<\/div>\n<style>\n    .well.c2a3 .btn {\n        padding: 11px 30px;\n        font-size: 11pt;\n    }\n\n    .well.c2a3 .media-body {\n        font-size: 11pt;\n    }\n\n    .well.c2a3 .wpdm_icon {\n        height: 42px;\n        width: auto;\n    }<\/style><\/div><\/div>            <div style='clear:both'><\/div><div class='text-center'><ul class='pagination wpdm-pagination pagination-centered text-center'><\/ul><\/div><div style='clear:both'><\/div>        <\/div>\n\n        <div style='clear:both'><\/div>\n    <\/div>\n<\/div>\n<\/div><\/div><\/div><\/div><\/div><div class=\"fusion-clearfix\"><\/div>\n\n\t\t\t\t\t<\/div>\n\t\t\t\t<\/div><div  class=\"fusion-layout-column fusion_builder_column fusion_builder_column_1_1 fusion-builder-column-3 fusion-one-full fusion-column-first fusion-column-last 1_1\"  style='margin-top:50px;margin-bottom:20px;'>\n\t\t\t\t\t<div class=\"fusion-column-wrapper\" style=\"background-position:left top;background-repeat:no-repeat;-webkit-background-size:cover;-moz-background-size:cover;-o-background-size:cover;background-size:cover;\"   data-bg-url=\"\">\n\t\t\t\t\t\t<div class=\"fusion-title title fusion-title-1 sep-underline sep-solid fusion-title-size-three\" style=\"border-bottom-color:#e0dede;margin-top:0px;margin-bottom:30px;\"><h3 class=\"title-heading-left\" style=\"margin:0;\"><h3>Galer\u00eda de im\u00e1genes<\/h3><\/h3><\/div><div class=\"fusion-image-carousel fusion-image-carousel-auto lightbox-enabled fusion-carousel-border\"><div class=\"fusion-carousel\" data-autoplay=\"yes\" data-columns=\"4\" data-itemmargin=\"13\" data-itemwidth=\"180\" data-touchscroll=\"no\" data-imagesize=\"auto\"><div class=\"fusion-carousel-positioner\"><ul class=\"fusion-carousel-holder\"><li class=\"fusion-carousel-item\"><div class=\"fusion-carousel-item-wrapper\"><div class=\"fusion-image-wrapper hover-type-none\"><a data-rel=\"iLightbox[image_carousel_1]\" data-caption=\"\" data-title=\"Seminario Internacional: Nuevos Enfoques de la Fiscalizaci\u00f3n Ambiental\" aria-label=\"Seminario Internacional: Nuevos Enfoques de la Fiscalizaci\u00f3n Ambiental\" href=\"http:\/\/renfa.sma.gob.cl\/wp-content\/uploads\/2016\/07\/DSC_0867.jpg\" target=\"_self\"><img src=\"http:\/\/renfa.sma.gob.cl\/wp-content\/uploads\/2016\/07\/DSC_0867.jpg\" alt=\"\"\/><\/a><\/div><\/div><\/li><li class=\"fusion-carousel-item\"><div class=\"fusion-carousel-item-wrapper\"><div class=\"fusion-image-wrapper hover-type-none\"><a data-rel=\"iLightbox[image_carousel_1]\" data-caption=\"\" data-title=\"Seminario Internacional: Nuevos Enfoques de la Fiscalizaci\u00f3n Ambiental\" aria-label=\"Seminario Internacional: Nuevos Enfoques de la Fiscalizaci\u00f3n Ambiental\" href=\"http:\/\/renfa.sma.gob.cl\/wp-content\/uploads\/2016\/07\/DSC_0873.jpg\" target=\"_self\"><img src=\"http:\/\/renfa.sma.gob.cl\/wp-content\/uploads\/2016\/07\/DSC_0873.jpg\" alt=\"\"\/><\/a><\/div><\/div><\/li><li class=\"fusion-carousel-item\"><div class=\"fusion-carousel-item-wrapper\"><div class=\"fusion-image-wrapper hover-type-none\"><a data-rel=\"iLightbox[image_carousel_1]\" data-caption=\"\" data-title=\"Seminario Internacional: Nuevos Enfoques de la Fiscalizaci\u00f3n Ambiental\" aria-label=\"Seminario Internacional: Nuevos Enfoques de la Fiscalizaci\u00f3n Ambiental\" href=\"http:\/\/renfa.sma.gob.cl\/wp-content\/uploads\/2016\/07\/DSC_0888.jpg\" target=\"_self\"><img src=\"http:\/\/renfa.sma.gob.cl\/wp-content\/uploads\/2016\/07\/DSC_0888.jpg\" alt=\"\"\/><\/a><\/div><\/div><\/li><li class=\"fusion-carousel-item\"><div class=\"fusion-carousel-item-wrapper\"><div class=\"fusion-image-wrapper hover-type-none\"><a data-rel=\"iLightbox[image_carousel_1]\" data-caption=\"\" data-title=\"Seminario Internacional: Nuevos Enfoques de la Fiscalizaci\u00f3n Ambiental\" aria-label=\"Seminario Internacional: Nuevos Enfoques de la Fiscalizaci\u00f3n Ambiental\" href=\"http:\/\/renfa.sma.gob.cl\/wp-content\/uploads\/2016\/07\/DSC_0905.jpg\" target=\"_self\"><img src=\"http:\/\/renfa.sma.gob.cl\/wp-content\/uploads\/2016\/07\/DSC_0905.jpg\" alt=\"\"\/><\/a><\/div><\/div><\/li><li class=\"fusion-carousel-item\"><div class=\"fusion-carousel-item-wrapper\"><div class=\"fusion-image-wrapper hover-type-none\"><a data-rel=\"iLightbox[image_carousel_1]\" data-caption=\"\" data-title=\"Seminario Internacional: Nuevos Enfoques de la Fiscalizaci\u00f3n Ambiental\" aria-label=\"Seminario Internacional: Nuevos Enfoques de la Fiscalizaci\u00f3n Ambiental\" href=\"http:\/\/renfa.sma.gob.cl\/wp-content\/uploads\/2016\/07\/DSC_0917.jpg\" target=\"_self\"><img src=\"http:\/\/renfa.sma.gob.cl\/wp-content\/uploads\/2016\/07\/DSC_0917.jpg\" alt=\"\"\/><\/a><\/div><\/div><\/li><li class=\"fusion-carousel-item\"><div class=\"fusion-carousel-item-wrapper\"><div class=\"fusion-image-wrapper hover-type-none\"><a data-rel=\"iLightbox[image_carousel_1]\" data-caption=\"\" data-title=\"Seminario Internacional: Nuevos Enfoques de la Fiscalizaci\u00f3n Ambiental\" aria-label=\"Seminario Internacional: Nuevos Enfoques de la Fiscalizaci\u00f3n Ambiental\" href=\"http:\/\/renfa.sma.gob.cl\/wp-content\/uploads\/2016\/07\/DSC_0930.jpg\" target=\"_self\"><img src=\"http:\/\/renfa.sma.gob.cl\/wp-content\/uploads\/2016\/07\/DSC_0930.jpg\" alt=\"\"\/><\/a><\/div><\/div><\/li><li class=\"fusion-carousel-item\"><div class=\"fusion-carousel-item-wrapper\"><div class=\"fusion-image-wrapper hover-type-none\"><a data-rel=\"iLightbox[image_carousel_1]\" data-caption=\"\" data-title=\"Seminario Internacional: Nuevos Enfoques de la Fiscalizaci\u00f3n Ambiental\" aria-label=\"Seminario Internacional: Nuevos Enfoques de la Fiscalizaci\u00f3n Ambiental\" href=\"http:\/\/renfa.sma.gob.cl\/wp-content\/uploads\/2016\/07\/DSC_0946.jpg\" target=\"_self\"><img src=\"http:\/\/renfa.sma.gob.cl\/wp-content\/uploads\/2016\/07\/DSC_0946.jpg\" alt=\"\"\/><\/a><\/div><\/div><\/li><li class=\"fusion-carousel-item\"><div class=\"fusion-carousel-item-wrapper\"><div class=\"fusion-image-wrapper hover-type-none\"><a data-rel=\"iLightbox[image_carousel_1]\" data-caption=\"\" data-title=\"Seminario Internacional: Nuevos Enfoques de la Fiscalizaci\u00f3n Ambiental\" aria-label=\"Seminario Internacional: Nuevos Enfoques de la Fiscalizaci\u00f3n Ambiental\" href=\"http:\/\/renfa.sma.gob.cl\/wp-content\/uploads\/2016\/07\/DSC_0956.jpg\" target=\"_self\"><img src=\"http:\/\/renfa.sma.gob.cl\/wp-content\/uploads\/2016\/07\/DSC_0956.jpg\" alt=\"\"\/><\/a><\/div><\/div><\/li><li class=\"fusion-carousel-item\"><div class=\"fusion-carousel-item-wrapper\"><div class=\"fusion-image-wrapper hover-type-none\"><a data-rel=\"iLightbox[image_carousel_1]\" data-caption=\"\" data-title=\"Seminario Internacional: Nuevos Enfoques de la Fiscalizaci\u00f3n Ambiental\" aria-label=\"Seminario Internacional: Nuevos Enfoques de la Fiscalizaci\u00f3n Ambiental\" href=\"http:\/\/renfa.sma.gob.cl\/wp-content\/uploads\/2016\/07\/DSC_0976.jpg\" target=\"_self\"><img src=\"http:\/\/renfa.sma.gob.cl\/wp-content\/uploads\/2016\/07\/DSC_0976.jpg\" alt=\"\"\/><\/a><\/div><\/div><\/li><li class=\"fusion-carousel-item\"><div class=\"fusion-carousel-item-wrapper\"><div class=\"fusion-image-wrapper hover-type-none\"><a data-rel=\"iLightbox[image_carousel_1]\" data-caption=\"\" data-title=\"Seminario Internacional: Nuevos Enfoques de la Fiscalizaci\u00f3n Ambiental\" aria-label=\"Seminario Internacional: Nuevos Enfoques de la Fiscalizaci\u00f3n Ambiental\" href=\"http:\/\/renfa.sma.gob.cl\/wp-content\/uploads\/2016\/07\/DSC_1000.jpg\" target=\"_self\"><img src=\"http:\/\/renfa.sma.gob.cl\/wp-content\/uploads\/2016\/07\/DSC_1000.jpg\" alt=\"\"\/><\/a><\/div><\/div><\/li><li class=\"fusion-carousel-item\"><div class=\"fusion-carousel-item-wrapper\"><div class=\"fusion-image-wrapper hover-type-none\"><a data-rel=\"iLightbox[image_carousel_1]\" data-caption=\"\" data-title=\"Seminario Internacional: Nuevos Enfoques de la Fiscalizaci\u00f3n Ambiental\" aria-label=\"Seminario Internacional: Nuevos Enfoques de la Fiscalizaci\u00f3n Ambiental\" href=\"http:\/\/renfa.sma.gob.cl\/wp-content\/uploads\/2016\/07\/DSC_1009.jpg\" target=\"_self\"><img src=\"http:\/\/renfa.sma.gob.cl\/wp-content\/uploads\/2016\/07\/DSC_1009.jpg\" alt=\"\"\/><\/a><\/div><\/div><\/li><li class=\"fusion-carousel-item\"><div class=\"fusion-carousel-item-wrapper\"><div class=\"fusion-image-wrapper hover-type-none\"><a data-rel=\"iLightbox[image_carousel_1]\" data-caption=\"\" data-title=\"Seminario Internacional: Nuevos Enfoques de la Fiscalizaci\u00f3n Ambiental\" aria-label=\"Seminario Internacional: Nuevos Enfoques de la Fiscalizaci\u00f3n Ambiental\" href=\"http:\/\/renfa.sma.gob.cl\/wp-content\/uploads\/2016\/07\/DSC_1024.jpg\" target=\"_self\"><img src=\"http:\/\/renfa.sma.gob.cl\/wp-content\/uploads\/2016\/07\/DSC_1024.jpg\" alt=\"\"\/><\/a><\/div><\/div><\/li><li class=\"fusion-carousel-item\"><div class=\"fusion-carousel-item-wrapper\"><div class=\"fusion-image-wrapper hover-type-none\"><a data-rel=\"iLightbox[image_carousel_1]\" data-caption=\"\" data-title=\"Seminario Internacional: Nuevos Enfoques de la Fiscalizaci\u00f3n Ambiental\" aria-label=\"Seminario Internacional: Nuevos Enfoques de la Fiscalizaci\u00f3n Ambiental\" href=\"http:\/\/renfa.sma.gob.cl\/wp-content\/uploads\/2016\/07\/DSC_1043.jpg\" target=\"_self\"><img src=\"http:\/\/renfa.sma.gob.cl\/wp-content\/uploads\/2016\/07\/DSC_1043.jpg\" alt=\"\"\/><\/a><\/div><\/div><\/li><li class=\"fusion-carousel-item\"><div class=\"fusion-carousel-item-wrapper\"><div class=\"fusion-image-wrapper hover-type-none\"><a data-rel=\"iLightbox[image_carousel_1]\" data-caption=\"\" data-title=\"Seminario Internacional: Nuevos Enfoques de la Fiscalizaci\u00f3n Ambiental\" aria-label=\"Seminario Internacional: Nuevos Enfoques de la Fiscalizaci\u00f3n Ambiental\" href=\"http:\/\/renfa.sma.gob.cl\/wp-content\/uploads\/2016\/07\/DSC_1078.jpg\" target=\"_self\"><img src=\"http:\/\/renfa.sma.gob.cl\/wp-content\/uploads\/2016\/07\/DSC_1078.jpg\" alt=\"\"\/><\/a><\/div><\/div><\/li><li class=\"fusion-carousel-item\"><div class=\"fusion-carousel-item-wrapper\"><div class=\"fusion-image-wrapper hover-type-none\"><a data-rel=\"iLightbox[image_carousel_1]\" data-caption=\"\" data-title=\"Seminario Internacional: Nuevos Enfoques de la Fiscalizaci\u00f3n Ambiental\" aria-label=\"Seminario Internacional: Nuevos Enfoques de la Fiscalizaci\u00f3n Ambiental\" href=\"http:\/\/renfa.sma.gob.cl\/wp-content\/uploads\/2016\/07\/DSC_1110.jpg\" target=\"_self\"><img src=\"http:\/\/renfa.sma.gob.cl\/wp-content\/uploads\/2016\/07\/DSC_1110.jpg\" alt=\"\"\/><\/a><\/div><\/div><\/li><li class=\"fusion-carousel-item\"><div class=\"fusion-carousel-item-wrapper\"><div class=\"fusion-image-wrapper hover-type-none\"><a data-rel=\"iLightbox[image_carousel_1]\" data-caption=\"\" data-title=\"Seminario Internacional: Nuevos Enfoques de la Fiscalizaci\u00f3n Ambiental\" aria-label=\"Seminario Internacional: Nuevos Enfoques de la Fiscalizaci\u00f3n Ambiental\" href=\"http:\/\/renfa.sma.gob.cl\/wp-content\/uploads\/2016\/07\/DSC_1122.jpg\" target=\"_self\"><img src=\"http:\/\/renfa.sma.gob.cl\/wp-content\/uploads\/2016\/07\/DSC_1122.jpg\" alt=\"\"\/><\/a><\/div><\/div><\/li><li class=\"fusion-carousel-item\"><div class=\"fusion-carousel-item-wrapper\"><div class=\"fusion-image-wrapper hover-type-none\"><a data-rel=\"iLightbox[image_carousel_1]\" data-caption=\"\" data-title=\"Seminario Internacional: Nuevos Enfoques de la Fiscalizaci\u00f3n Ambiental\" aria-label=\"Seminario Internacional: Nuevos Enfoques de la Fiscalizaci\u00f3n Ambiental\" href=\"http:\/\/renfa.sma.gob.cl\/wp-content\/uploads\/2016\/07\/DSC_1134.jpg\" target=\"_self\"><img src=\"http:\/\/renfa.sma.gob.cl\/wp-content\/uploads\/2016\/07\/DSC_1134.jpg\" alt=\"\"\/><\/a><\/div><\/div><\/li><li class=\"fusion-carousel-item\"><div class=\"fusion-carousel-item-wrapper\"><div class=\"fusion-image-wrapper hover-type-none\"><a data-rel=\"iLightbox[image_carousel_1]\" data-caption=\"\" data-title=\"Seminario Internacional: Nuevos Enfoques de la Fiscalizaci\u00f3n Ambiental\" aria-label=\"Seminario Internacional: Nuevos Enfoques de la Fiscalizaci\u00f3n Ambiental\" href=\"http:\/\/renfa.sma.gob.cl\/wp-content\/uploads\/2016\/07\/DSC_1154.jpg\" target=\"_self\"><img src=\"http:\/\/renfa.sma.gob.cl\/wp-content\/uploads\/2016\/07\/DSC_1154.jpg\" alt=\"\"\/><\/a><\/div><\/div><\/li><li class=\"fusion-carousel-item\"><div class=\"fusion-carousel-item-wrapper\"><div class=\"fusion-image-wrapper hover-type-none\"><a data-rel=\"iLightbox[image_carousel_1]\" data-caption=\"\" data-title=\"Seminario Internacional: Nuevos Enfoques de la Fiscalizaci\u00f3n Ambiental\" aria-label=\"Seminario Internacional: Nuevos Enfoques de la Fiscalizaci\u00f3n Ambiental\" href=\"http:\/\/renfa.sma.gob.cl\/wp-content\/uploads\/2016\/07\/DSC_1160.jpg\" target=\"_self\"><img src=\"http:\/\/renfa.sma.gob.cl\/wp-content\/uploads\/2016\/07\/DSC_1160.jpg\" alt=\"\"\/><\/a><\/div><\/div><\/li><li class=\"fusion-carousel-item\"><div class=\"fusion-carousel-item-wrapper\"><div class=\"fusion-image-wrapper hover-type-none\"><a data-rel=\"iLightbox[image_carousel_1]\" data-caption=\"\" data-title=\"Seminario Internacional: Nuevos Enfoques de la Fiscalizaci\u00f3n Ambiental\" aria-label=\"Seminario Internacional: Nuevos Enfoques de la Fiscalizaci\u00f3n Ambiental\" href=\"http:\/\/renfa.sma.gob.cl\/wp-content\/uploads\/2016\/07\/DSC_1181.jpg\" target=\"_self\"><img src=\"http:\/\/renfa.sma.gob.cl\/wp-content\/uploads\/2016\/07\/DSC_1181.jpg\" alt=\"\"\/><\/a><\/div><\/div><\/li><li class=\"fusion-carousel-item\"><div class=\"fusion-carousel-item-wrapper\"><div class=\"fusion-image-wrapper hover-type-none\"><a data-rel=\"iLightbox[image_carousel_1]\" data-caption=\"\" data-title=\"Seminario Internacional: Nuevos Enfoques de la Fiscalizaci\u00f3n Ambiental\" aria-label=\"Seminario Internacional: Nuevos Enfoques de la Fiscalizaci\u00f3n Ambiental\" href=\"http:\/\/renfa.sma.gob.cl\/wp-content\/uploads\/2016\/07\/DSC_1199.jpg\" target=\"_self\"><img src=\"http:\/\/renfa.sma.gob.cl\/wp-content\/uploads\/2016\/07\/DSC_1199.jpg\" alt=\"\"\/><\/a><\/div><\/div><\/li><li class=\"fusion-carousel-item\"><div class=\"fusion-carousel-item-wrapper\"><div class=\"fusion-image-wrapper hover-type-none\"><a data-rel=\"iLightbox[image_carousel_1]\" data-caption=\"\" data-title=\"Seminario Internacional: Nuevos Enfoques de la Fiscalizaci\u00f3n Ambiental\" aria-label=\"Seminario Internacional: Nuevos Enfoques de la Fiscalizaci\u00f3n Ambiental\" href=\"http:\/\/renfa.sma.gob.cl\/wp-content\/uploads\/2016\/07\/DSC_1207.jpg\" target=\"_self\"><img src=\"http:\/\/renfa.sma.gob.cl\/wp-content\/uploads\/2016\/07\/DSC_1207.jpg\" alt=\"\"\/><\/a><\/div><\/div><\/li><li class=\"fusion-carousel-item\"><div class=\"fusion-carousel-item-wrapper\"><div class=\"fusion-image-wrapper hover-type-none\"><a data-rel=\"iLightbox[image_carousel_1]\" data-caption=\"\" data-title=\"Seminario Internacional: Nuevos Enfoques de la Fiscalizaci\u00f3n Ambiental\" aria-label=\"Seminario Internacional: Nuevos Enfoques de la Fiscalizaci\u00f3n Ambiental\" href=\"http:\/\/renfa.sma.gob.cl\/wp-content\/uploads\/2016\/07\/DSC_1212.jpg\" target=\"_self\"><img src=\"http:\/\/renfa.sma.gob.cl\/wp-content\/uploads\/2016\/07\/DSC_1212.jpg\" alt=\"\"\/><\/a><\/div><\/div><\/li><li class=\"fusion-carousel-item\"><div class=\"fusion-carousel-item-wrapper\"><div class=\"fusion-image-wrapper hover-type-none\"><a data-rel=\"iLightbox[image_carousel_1]\" data-caption=\"\" data-title=\"Seminario Internacional: Nuevos Enfoques de la Fiscalizaci\u00f3n Ambiental\" aria-label=\"Seminario Internacional: Nuevos Enfoques de la Fiscalizaci\u00f3n Ambiental\" href=\"http:\/\/renfa.sma.gob.cl\/wp-content\/uploads\/2016\/07\/DSC_1245.jpg\" target=\"_self\"><img src=\"http:\/\/renfa.sma.gob.cl\/wp-content\/uploads\/2016\/07\/DSC_1245.jpg\" alt=\"\"\/><\/a><\/div><\/div><\/li><li class=\"fusion-carousel-item\"><div class=\"fusion-carousel-item-wrapper\"><div class=\"fusion-image-wrapper hover-type-none\"><a data-rel=\"iLightbox[image_carousel_1]\" data-caption=\"\" data-title=\"Seminario Internacional: Nuevos Enfoques de la Fiscalizaci\u00f3n Ambiental\" aria-label=\"Seminario Internacional: Nuevos Enfoques de la Fiscalizaci\u00f3n Ambiental\" href=\"http:\/\/renfa.sma.gob.cl\/wp-content\/uploads\/2016\/07\/DSC_1258.jpg\" target=\"_self\"><img src=\"http:\/\/renfa.sma.gob.cl\/wp-content\/uploads\/2016\/07\/DSC_1258.jpg\" alt=\"\"\/><\/a><\/div><\/div><\/li><\/ul><div class=\"fusion-carousel-nav\"><span class=\"fusion-nav-prev\"><\/span><span class=\"fusion-nav-next\"><\/span><\/div><\/div><\/div><\/div><div class=\"fusion-clearfix\"><\/div>\n\n\t\t\t\t\t<\/div>\n\t\t\t\t<\/div><div  class=\"fusion-layout-column fusion_builder_column fusion_builder_column_1_1 fusion-builder-column-4 fusion-one-full fusion-column-first fusion-column-last fusion-column-no-min-height 1_1\"  style='margin-top:0px;margin-bottom:0px;'>\n\t\t\t\t\t<div class=\"fusion-column-wrapper\" style=\"background-position:left top;background-repeat:no-repeat;-webkit-background-size:cover;-moz-background-size:cover;-o-background-size:cover;background-size:cover;\"   data-bg-url=\"\">\n\t\t\t\t\t\t<div class=\"fusion-title title fusion-title-2 fusion-title-size-one\" style=\"margin-top:0px;margin-bottom:30px;\"><h1 class=\"title-heading-left\" style=\"margin:0;\">Videos Seminario<\/h1><div class=\"title-sep-container\"><div class=\"title-sep sep-double sep-solid\" style=\"border-color:#e0dede;\"><\/div><\/div><\/div><div class=\"fusion-clearfix\"><\/div>\n\n\t\t\t\t\t<\/div>\n\t\t\t\t<\/div><div  class=\"fusion-layout-column fusion_builder_column fusion_builder_column_1_1 fusion-builder-column-5 fusion-one-full fusion-column-first fusion-column-last fusion-column-no-min-height 1_1\"  style='margin-top:0px;margin-bottom:0px;'>\n\t\t\t\t\t<div class=\"fusion-column-wrapper\" style=\"background-position:left top;background-repeat:no-repeat;-webkit-background-size:cover;-moz-background-size:cover;-o-background-size:cover;background-size:cover;\"   data-bg-url=\"\">\n\t\t\t\t\t\t<style type=\"text\/css\" scoped=\"scoped\">.fusion-accordian  #accordion-13128-2 .panel-title a .fa-fusion-box{ color: #ffffff;}.fusion-accordian  #accordion-13128-2 .panel-title a .fa-fusion-box:before{ font-size: 13px; width: 13px;}.fusion-accordian  #accordion-13128-2 .panel-title a{font-size:14px;}.fusion-accordian  #accordion-13128-2 .fa-fusion-box { background-color: #333333;border-color: #333333;}.fusion-accordian  #accordion-13128-2 .panel-title a:hover, #accordion-13128-2 .fusion-toggle-boxed-mode:hover .panel-title a { color: #9eba25;}.fusion-accordian  #accordion-13128-2 .panel-title .active .fa-fusion-box,.fusion-accordian  #accordion-13128-2 .panel-title a:hover .fa-fusion-box { background-color: #9eba25!important;border-color: #9eba25!important;}<\/style><div class=\"accordian fusion-accordian\"><div class=\"panel-group\" id=\"accordion-13128-2\"><div class=\"fusion-panel panel-default\"><div class=\"panel-heading\"><h4 class=\"panel-title toggle\"><a data-toggle=\"collapse\" data-parent=\"#accordion-13128-2\" data-target=\"#f5ef356ba2fad1033\" href=\"#f5ef356ba2fad1033\"><div class=\"fusion-toggle-icon-wrapper\"><i class=\"fa-fusion-box\"><\/i><\/div><div class=\"fusion-toggle-heading\">Vegetaci\u00f3n Humedales - SAG<\/div><\/a><\/h4><\/div><div id=\"f5ef356ba2fad1033\" class=\"panel-collapse collapse \"><div class=\"panel-body toggle-content fusion-clearfix\"><span style=\"color: #0000ff;\"><a style=\"color: #0000ff;\" href=\"https:\/\/www.youtube.com\/watch?v=853NaHGdUb4\">https:\/\/www.youtube.com\/watch?v=853NaHGdUb4<\/a><\/span><\/div><\/div><\/div><div class=\"fusion-panel panel-default\"><div class=\"panel-heading\"><h4 class=\"panel-title toggle\"><a data-toggle=\"collapse\" data-parent=\"#accordion-13128-2\" data-target=\"#b950c5f86b5073967\" href=\"#b950c5f86b5073967\"><div class=\"fusion-toggle-icon-wrapper\"><i class=\"fa-fusion-box\"><\/i><\/div><div class=\"fusion-toggle-heading\">SNIFA - SMA<\/div><\/a><\/h4><\/div><div id=\"b950c5f86b5073967\" class=\"panel-collapse collapse \"><div class=\"panel-body toggle-content fusion-clearfix\"><span style=\"color: #0000ff;\"><a style=\"color: #0000ff;\" href=\"https:\/\/www.youtube.com\/watch?v=853NaHGdUb4\">https:\/\/www.youtube.com\/watch?v=853NaHGdUb4<\/a><\/span><\/div><\/div><\/div><div class=\"fusion-panel panel-default\"><div class=\"panel-heading\"><h4 class=\"panel-title toggle\"><a data-toggle=\"collapse\" data-parent=\"#accordion-13128-2\" data-target=\"#e1851e865754c3f08\" href=\"#e1851e865754c3f08\"><div class=\"fusion-toggle-icon-wrapper\"><i class=\"fa-fusion-box\"><\/i><\/div><div class=\"fusion-toggle-heading\">Uso de equipos de filmaci\u00f3n submarina - SERNAPESCA<\/div><\/a><\/h4><\/div><div id=\"e1851e865754c3f08\" class=\"panel-collapse collapse \"><div class=\"panel-body toggle-content fusion-clearfix\"><span style=\"color: #0000ff;\"><a style=\"color: #0000ff;\" href=\"https:\/\/youtu.be\/wdAWd6cupmY\">https:\/\/youtu.be\/wdAWd6cupmY<\/a><\/span><\/div><\/div><\/div><div class=\"fusion-panel panel-default\"><div class=\"panel-heading\"><h4 class=\"panel-title toggle\"><a data-toggle=\"collapse\" data-parent=\"#accordion-13128-2\" data-target=\"#367e763c32098a4af\" href=\"#367e763c32098a4af\"><div class=\"fusion-toggle-icon-wrapper\"><i class=\"fa-fusion-box\"><\/i><\/div><div class=\"fusion-toggle-heading\">UAV (Drones) - CONAF<\/div><\/a><\/h4><\/div><div id=\"367e763c32098a4af\" class=\"panel-collapse collapse \"><div class=\"panel-body toggle-content fusion-clearfix\"><span style=\"color: #0000ff;\"><a style=\"color: #0000ff;\" href=\"https:\/\/www.youtube.com\/watch?v=gX1uceQOXao\">https:\/\/www.youtube.com\/watch?v=gX1uceQOXao<\/a><\/span><\/div><\/div><\/div><div class=\"fusion-panel panel-default\"><div class=\"panel-heading\"><h4 class=\"panel-title toggle\"><a data-toggle=\"collapse\" data-parent=\"#accordion-13128-2\" data-target=\"#db7dd541ddfb82b8b\" href=\"#db7dd541ddfb82b8b\"><div class=\"fusion-toggle-icon-wrapper\"><i class=\"fa-fusion-box\"><\/i><\/div><div class=\"fusion-toggle-heading\">Palabras de bienvenida del Superintendente Sr. Cristian Franz T.<\/div><\/a><\/h4><\/div><div id=\"db7dd541ddfb82b8b\" class=\"panel-collapse collapse \"><div class=\"panel-body toggle-content fusion-clearfix\"><span style=\"color: #0000ff;\"><a style=\"color: #0000ff;\" href=\"https:\/\/www.youtube.com\/watch?v=dOI5IzS1Sxo\">https:\/\/www.youtube.com\/watch?v=dOI5IzS1Sxo<\/a><\/span><\/div><\/div><\/div><div class=\"fusion-panel panel-default\"><div class=\"panel-heading\"><h4 class=\"panel-title toggle\"><a data-toggle=\"collapse\" data-parent=\"#accordion-13128-2\" data-target=\"#bed1f1108df36eca9\" href=\"#bed1f1108df36eca9\"><div class=\"fusion-toggle-icon-wrapper\"><i class=\"fa-fusion-box\"><\/i><\/div><div class=\"fusion-toggle-heading\">OEFA Per\u00fa<\/div><\/a><\/h4><\/div><div id=\"bed1f1108df36eca9\" class=\"panel-collapse collapse \"><div class=\"panel-body toggle-content fusion-clearfix\"><span style=\"color: #0000ff;\"><a style=\"color: #0000ff;\" href=\"https:\/\/www.youtube.com\/watch?v=1mx07fSAng8\">https:\/\/www.youtube.com\/watch?v=1mx07fSAng8<\/a><\/span><\/div><\/div><\/div><div class=\"fusion-panel panel-default\"><div class=\"panel-heading\"><h4 class=\"panel-title toggle\"><a data-toggle=\"collapse\" data-parent=\"#accordion-13128-2\" data-target=\"#bf892a87ba562cb1f\" href=\"#bf892a87ba562cb1f\"><div class=\"fusion-toggle-icon-wrapper\"><i class=\"fa-fusion-box\"><\/i><\/div><div class=\"fusion-toggle-heading\">Metodolog\u00edas en estructuras patrimoniales -CMN<\/div><\/a><\/h4><\/div><div id=\"bf892a87ba562cb1f\" class=\"panel-collapse collapse \"><div class=\"panel-body toggle-content fusion-clearfix\"><span style=\"color: #0000ff;\"><a style=\"color: #0000ff;\" href=\"https:\/\/www.youtube.com\/watch?v=8MWWwa5IqSI\">https:\/\/www.youtube.com\/watch?v=8MWWwa5IqSI<\/a><\/span><\/div><\/div><\/div><div class=\"fusion-panel panel-default\"><div class=\"panel-heading\"><h4 class=\"panel-title toggle\"><a data-toggle=\"collapse\" data-parent=\"#accordion-13128-2\" data-target=\"#3557fb10dc33d4e66\" href=\"#3557fb10dc33d4e66\"><div class=\"fusion-toggle-icon-wrapper\"><i class=\"fa-fusion-box\"><\/i><\/div><div class=\"fusion-toggle-heading\">IBAMA Brazil<\/div><\/a><\/h4><\/div><div id=\"3557fb10dc33d4e66\" class=\"panel-collapse collapse \"><div class=\"panel-body toggle-content fusion-clearfix\"><span style=\"color: #0000ff;\"><a style=\"color: #0000ff;\" href=\"https:\/\/www.youtube.com\/watch?v=R7DjORZ5EoA\">https:\/\/www.youtube.com\/watch?v=R7Dj<\/a><\/span><span style=\"color: #0000ff;\"><a style=\"color: #0000ff;\" href=\"https:\/\/www.youtube.com\/watch?v=R7DjORZ5EoA\">ORZ5EoA<\/a><\/span><\/div><\/div><\/div><div class=\"fusion-panel panel-default\"><div class=\"panel-heading\"><h4 class=\"panel-title toggle\"><a data-toggle=\"collapse\" data-parent=\"#accordion-13128-2\" data-target=\"#3d51b1eef70e76f93\" href=\"#3d51b1eef70e76f93\"><div class=\"fusion-toggle-icon-wrapper\"><i class=\"fa-fusion-box\"><\/i><\/div><div class=\"fusion-toggle-heading\">Avances en reportes electr\u00f3nicos -SMA<\/div><\/a><\/h4><\/div><div id=\"3d51b1eef70e76f93\" class=\"panel-collapse collapse \"><div class=\"panel-body toggle-content fusion-clearfix\"><span style=\"color: #0000ff;\"><a style=\"color: #0000ff;\" href=\"https:\/\/www.youtube.com\/watch?v=1ZGRT3Gu1rU\">https:\/\/www.youtube.com\/watch?v=1ZGRT3Gu1rU<\/a><\/span><\/div><\/div><\/div><div class=\"fusion-panel panel-default\"><div class=\"panel-heading\"><h4 class=\"panel-title toggle\"><a data-toggle=\"collapse\" data-parent=\"#accordion-13128-2\" data-target=\"#6714531dd5c1cd919\" href=\"#6714531dd5c1cd919\"><div class=\"fusion-toggle-icon-wrapper\"><i class=\"fa-fusion-box\"><\/i><\/div><div class=\"fusion-toggle-heading\">Next generation compliance - U.S. EPA<\/div><\/a><\/h4><\/div><div id=\"6714531dd5c1cd919\" class=\"panel-collapse collapse \"><div class=\"panel-body toggle-content fusion-clearfix\"><span style=\"color: #0000ff;\"><a style=\"color: #0000ff;\" href=\"https:\/\/www.youtube.com\/watch?v=9HJ9K4XM1Go\">https:\/\/www.youtube.com\/watch?v=9HJ9K4XM1G<\/a><a style=\"color: #0000ff;\" href=\"https:\/\/www.youtube.com\/watch?v=9HJ9K4XM1Go\">o<\/a><\/span><\/div><\/div><\/div><div class=\"fusion-panel panel-default\"><div class=\"panel-heading\"><h4 class=\"panel-title toggle\"><a data-toggle=\"collapse\" data-parent=\"#accordion-13128-2\" data-target=\"#c260a08a15d9e5625\" href=\"#c260a08a15d9e5625\"><div class=\"fusion-toggle-icon-wrapper\"><i class=\"fa-fusion-box\"><\/i><\/div><div class=\"fusion-toggle-heading\">Fiscalizaci\u00f3n automatizada - MTT<\/div><\/a><\/h4><\/div><div id=\"c260a08a15d9e5625\" class=\"panel-collapse collapse \"><div class=\"panel-body toggle-content fusion-clearfix\"><span style=\"color: #0000ff;\"><a style=\"color: #0000ff;\" href=\"https:\/\/www.youtube.com\/watch?v=-GAYhTXgY-Q\">https:\/\/www.youtube.com\/watch?v=-GAYhTXgY-<\/a><a style=\"color: #0000ff;\" href=\"https:\/\/www.youtube.com\/watch?v=-GAYhTXgY-Q\">Q<\/a><\/span><\/div><\/div><\/div><div class=\"fusion-panel panel-default\"><div class=\"panel-heading\"><h4 class=\"panel-title toggle\"><a data-toggle=\"collapse\" data-parent=\"#accordion-13128-2\" data-target=\"#14b8a20009cdeb13b\" href=\"#14b8a20009cdeb13b\"><div class=\"fusion-toggle-icon-wrapper\"><i class=\"fa-fusion-box\"><\/i><\/div><div class=\"fusion-toggle-heading\">Bienvenida Ministro del Medio Ambiente- Sr. Pablo Badenier T.<\/div><\/a><\/h4><\/div><div id=\"14b8a20009cdeb13b\" class=\"panel-collapse collapse \"><div class=\"panel-body toggle-content fusion-clearfix\"><span style=\"color: #0000ff;\"><a style=\"color: #0000ff;\" href=\"https:\/\/www.youtube.com\/watch?v=iVcFezTLfKc\">https:\/\/www.youtube.com\/watch?v=iVcFezTLfKc<\/a><\/span><\/div><\/div><\/div><\/div><\/div><div class=\"fusion-clearfix\"><\/div>\n\n\t\t\t\t\t<\/div>\n\t\t\t\t<\/div><\/div><\/div>\n","protected":false},"excerpt":{"rendered":"","protected":false},"author":1,"featured_media":13635,"comment_status":"open","ping_status":"open","sticky":false,"template":"","format":"standard","meta":{"footnotes":""},"categories":[44],"tags":[],"_links":{"self":[{"href":"https:\/\/renfa.sma.gob.cl\/index.php\/wp-json\/wp\/v2\/posts\/13128"}],"collection":[{"href":"https:\/\/renfa.sma.gob.cl\/index.php\/wp-json\/wp\/v2\/posts"}],"about":[{"href":"https:\/\/renfa.sma.gob.cl\/index.php\/wp-json\/wp\/v2\/types\/post"}],"author":[{"embeddable":true,"href":"https:\/\/renfa.sma.gob.cl\/index.php\/wp-json\/wp\/v2\/users\/1"}],"replies":[{"embeddable":true,"href":"https:\/\/renfa.sma.gob.cl\/index.php\/wp-json\/wp\/v2\/comments?post=13128"}],"version-history":[{"count":35,"href":"https:\/\/renfa.sma.gob.cl\/index.php\/wp-json\/wp\/v2\/posts\/13128\/revisions"}],"predecessor-version":[{"id":14621,"href":"https:\/\/renfa.sma.gob.cl\/index.php\/wp-json\/wp\/v2\/posts\/13128\/revisions\/14621"}],"wp:featuredmedia":[{"embeddable":true,"href":"https:\/\/renfa.sma.gob.cl\/index.php\/wp-json\/wp\/v2\/media\/13635"}],"wp:attachment":[{"href":"https:\/\/renfa.sma.gob.cl\/index.php\/wp-json\/wp\/v2\/media?parent=13128"}],"wp:term":[{"taxonomy":"category","embeddable":true,"href":"https:\/\/renfa.sma.gob.cl\/index.php\/wp-json\/wp\/v2\/categories?post=13128"},{"taxonomy":"post_tag","embeddable":true,"href":"https:\/\/renfa.sma.gob.cl\/index.php\/wp-json\/wp\/v2\/tags?post=13128"}],"curies":[{"name":"wp","href":"https:\/\/api.w.org\/{rel}","templated":true}]}}