{"id":13636,"date":"2016-09-02T10:29:55","date_gmt":"2016-09-02T14:29:55","guid":{"rendered":"http:\/\/renfa.sma.gob.cl\/?p=13636"},"modified":"2016-09-02T10:34:51","modified_gmt":"2016-09-02T14:34:51","slug":"primera-jornada-de-discusion-juridica-renfa","status":"publish","type":"post","link":"https:\/\/renfa.sma.gob.cl\/index.php\/2016\/09\/02\/primera-jornada-de-discusion-juridica-renfa\/","title":{"rendered":"Primera Jornada de Discusi\u00f3n Jur\u00eddica RENFA"},"content":{"rendered":"<p style=\"text-align: justify;\">La jornada, efectuada el d\u00eda 31 de agosto de 2016, cont\u00f3 con la presencia de cerca de 30 profesionales, en su mayor\u00eda abogados y asesores\u00a0 legales de las divisiones jur\u00eddicas de distintos organismos con competencia ambiental que componen la Red Nacional de Fiscalizaci\u00f3n Ambiental.<\/p>\n<p style=\"text-align: justify;\">En esta instancia, la primera de su tipo en el marco de la RENFA, los asesores jur\u00eddicos discutieron diversos temas relacionados con el marco legal de la Lo-SMA y su interacci\u00f3n con los marcos legales sectoriales, en relaci\u00f3n con las actividades de fiscalizaci\u00f3n como en el \u00e1mbito sancionatorio.<\/p>\n<p style=\"text-align: justify;\">La jornada comenz\u00f3 con la bienvenida y presentaci\u00f3n de la Fiscal de la SMA Dominique Herv\u00e9 y el abogado Osvaldo de la Fuente, quienes dieron el marco general de trabajo de la RENFA y de las potestades otorgadas a la SMA por su Ley Org\u00e1nica (LO-SMA).<\/p>\n<p style=\"text-align: justify;\">Continuaron las exposiciones el Servicio Agr\u00edcola y Ganadero, y el Ministerio de Salud, los cuales presentaron sus experiencias sobre la identificaci\u00f3n y gesti\u00f3n del riesgo procedimentales en el marco de los procesos de fiscalizaci\u00f3n, seguidos por aa Superintendencia de Servicios Sanitarios y el Servicio Nacional de Geolog\u00eda y Miner\u00eda expusieron respecto a diversos instrumentos de gesti\u00f3n que se vinculan con los procedimientos que lleva a cabo la SMA y las potestades sancionatorias sectoriales y c\u00f3mo \u00e9stas se vinculan con el quehacer dela SMA. Por \u00faltimo, cerrando la jornada, el Servicio Nacional de Pesca y Acuicultura y la Superintendencia de Electricidad y Combustible, compartieron su experiencia en el modelo de tercerizaci\u00f3n de servicios.<\/p>\n<p style=\"text-align: justify;\">Las presentaciones del taller se encuentran disponibles \u00a0a continuaci\u00f3n\u00a0<div class='w3eden'>\n    <div class=''>\n        \n        <div id=\"content_794d3a7bf4b00b5d0214c05869972929\">\n                                    <div class='row'><div class='col-lg-12 col-md-6 col-12'><!-- WPDM Link Template: Call to Action 3 -->\n\n<div class=\"well c2a3\">\n    <div class=\"media\">\n        <div class=\"mr-3\" align=\"left\">\n            <img class=\"wpdm_icon\" alt=\"Icon\" src=\"https:\/\/renfa.sma.gob.cl\/wp-content\/plugins\/download-manager\/assets\/file-type-icons\/pdf.svg\" onError='this.src=\"https:\/\/renfa.sma.gob.cl\/wp-content\/plugins\/download-manager\/assets\/file-type-icons\/unknown.svg\";' \/>\n        <\/div>\n        <div class=\"media-body\">\n            <h3 class=\"media-heading\" style=\"padding-top: 0px;border:0px;margin: 0 0 5px 0;font-size:12pt;\">\n                <a style=\"font-weight: 700\" href=\"https:\/\/renfa.sma.gob.cl\/index.php\/download\/8-presentacion-sec\/\">8. Presentaci\u00f3n SEC<\/a>\n                <span style=\"font-size:8pt;font-weight:300\" class=\"text-muted ml-4\">\n                    <i class=\"fa fa-hdd mr-1\"><\/i> 1.21 MB\n                    <i class=\"ml-3 fa fa-arrow-alt-circle-down mr-1\"><\/i> 178 downloads\n                <\/span>\n            <\/h3>\n            ...\n        <\/div>\n        <div class=\"ml-3\" align=\"right\">\n            <a class='wpdm-download-link download-on-click btn btn-primary ' rel='nofollow' href='#' data-downloadurl=\"https:\/\/renfa.sma.gob.cl\/index.php\/download\/8-presentacion-sec\/?wpdmdl=13629&refresh=69edd78ca9d831777194892\">Descargar<\/a>\n        <\/div>\n    <\/div>\n\n<\/div>\n<style>\n    .well.c2a3 .btn {\n        padding: 11px 30px;\n        font-size: 11pt;\n    }\n\n    .well.c2a3 .media-body {\n        font-size: 11pt;\n    }\n\n    .well.c2a3 .wpdm_icon {\n        height: 42px;\n        width: auto;\n    }<\/style><\/div><div class='col-lg-12 col-md-6 col-12'><!-- WPDM Link Template: Call to Action 3 -->\n\n<div class=\"well c2a3\">\n    <div class=\"media\">\n        <div class=\"mr-3\" align=\"left\">\n            <img class=\"wpdm_icon\" alt=\"Icon\" src=\"https:\/\/renfa.sma.gob.cl\/wp-content\/plugins\/download-manager\/assets\/file-type-icons\/pdf.svg\" onError='this.src=\"https:\/\/renfa.sma.gob.cl\/wp-content\/plugins\/download-manager\/assets\/file-type-icons\/unknown.svg\";' \/>\n        <\/div>\n        <div class=\"media-body\">\n            <h3 class=\"media-heading\" style=\"padding-top: 0px;border:0px;margin: 0 0 5px 0;font-size:12pt;\">\n                <a style=\"font-weight: 700\" href=\"https:\/\/renfa.sma.gob.cl\/index.php\/download\/7-presentacion-sernapesca\/\">7. Presentaci\u00f3n SERNAPESCA<\/a>\n                <span style=\"font-size:8pt;font-weight:300\" class=\"text-muted ml-4\">\n                    <i class=\"fa fa-hdd mr-1\"><\/i> 1.24 MB\n                    <i class=\"ml-3 fa fa-arrow-alt-circle-down mr-1\"><\/i> 168 downloads\n                <\/span>\n            <\/h3>\n            ...\n        <\/div>\n        <div class=\"ml-3\" align=\"right\">\n            <a class='wpdm-download-link download-on-click btn btn-primary ' rel='nofollow' href='#' data-downloadurl=\"https:\/\/renfa.sma.gob.cl\/index.php\/download\/7-presentacion-sernapesca\/?wpdmdl=13627&refresh=69edd78cab0d81777194892\">Descargar<\/a>\n        <\/div>\n    <\/div>\n\n<\/div>\n<style>\n    .well.c2a3 .btn {\n        padding: 11px 30px;\n        font-size: 11pt;\n    }\n\n    .well.c2a3 .media-body {\n        font-size: 11pt;\n    }\n\n    .well.c2a3 .wpdm_icon {\n        height: 42px;\n        width: auto;\n    }<\/style><\/div><div class='col-lg-12 col-md-6 col-12'><!-- WPDM Link Template: Call to Action 3 -->\n\n<div class=\"well c2a3\">\n    <div class=\"media\">\n        <div class=\"mr-3\" align=\"left\">\n            <img class=\"wpdm_icon\" alt=\"Icon\" src=\"https:\/\/renfa.sma.gob.cl\/wp-content\/plugins\/download-manager\/assets\/file-type-icons\/pdf.svg\" onError='this.src=\"https:\/\/renfa.sma.gob.cl\/wp-content\/plugins\/download-manager\/assets\/file-type-icons\/unknown.svg\";' \/>\n        <\/div>\n        <div class=\"media-body\">\n            <h3 class=\"media-heading\" style=\"padding-top: 0px;border:0px;margin: 0 0 5px 0;font-size:12pt;\">\n                <a style=\"font-weight: 700\" href=\"https:\/\/renfa.sma.gob.cl\/index.php\/download\/6-presentacion-sernageomin\/\">6. Presentaci\u00f3n SERNAGEOMIN<\/a>\n                <span style=\"font-size:8pt;font-weight:300\" class=\"text-muted ml-4\">\n                    <i class=\"fa fa-hdd mr-1\"><\/i> 965.05 KB\n                    <i class=\"ml-3 fa fa-arrow-alt-circle-down mr-1\"><\/i> 97 downloads\n                <\/span>\n            <\/h3>\n            ...\n        <\/div>\n        <div class=\"ml-3\" align=\"right\">\n            <a class='wpdm-download-link download-on-click btn btn-primary ' rel='nofollow' href='#' data-downloadurl=\"https:\/\/renfa.sma.gob.cl\/index.php\/download\/6-presentacion-sernageomin\/?wpdmdl=13625&refresh=69edd78cabc8c1777194892\">Descargar<\/a>\n        <\/div>\n    <\/div>\n\n<\/div>\n<style>\n    .well.c2a3 .btn {\n        padding: 11px 30px;\n        font-size: 11pt;\n    }\n\n    .well.c2a3 .media-body {\n        font-size: 11pt;\n    }\n\n    .well.c2a3 .wpdm_icon {\n        height: 42px;\n        width: auto;\n    }<\/style><\/div><div class='col-lg-12 col-md-6 col-12'><!-- WPDM Link Template: Call to Action 3 -->\n\n<div class=\"well c2a3\">\n    <div class=\"media\">\n        <div class=\"mr-3\" align=\"left\">\n            <img class=\"wpdm_icon\" alt=\"Icon\" src=\"https:\/\/renfa.sma.gob.cl\/wp-content\/plugins\/download-manager\/assets\/file-type-icons\/pdf.svg\" onError='this.src=\"https:\/\/renfa.sma.gob.cl\/wp-content\/plugins\/download-manager\/assets\/file-type-icons\/unknown.svg\";' \/>\n        <\/div>\n        <div class=\"media-body\">\n            <h3 class=\"media-heading\" style=\"padding-top: 0px;border:0px;margin: 0 0 5px 0;font-size:12pt;\">\n                <a style=\"font-weight: 700\" href=\"https:\/\/renfa.sma.gob.cl\/index.php\/download\/5-presentacion-siss\/\">5. Presentaci\u00f3n SISS<\/a>\n                <span style=\"font-size:8pt;font-weight:300\" class=\"text-muted ml-4\">\n                    <i class=\"fa fa-hdd mr-1\"><\/i> 1.16 MB\n                    <i class=\"ml-3 fa fa-arrow-alt-circle-down mr-1\"><\/i> 123 downloads\n                <\/span>\n            <\/h3>\n            ...\n        <\/div>\n        <div class=\"ml-3\" align=\"right\">\n            <a class='wpdm-download-link download-on-click btn btn-primary ' rel='nofollow' href='#' data-downloadurl=\"https:\/\/renfa.sma.gob.cl\/index.php\/download\/5-presentacion-siss\/?wpdmdl=13623&refresh=69edd78cd2a381777194892\">Descargar<\/a>\n        <\/div>\n    <\/div>\n\n<\/div>\n<style>\n    .well.c2a3 .btn {\n        padding: 11px 30px;\n        font-size: 11pt;\n    }\n\n    .well.c2a3 .media-body {\n        font-size: 11pt;\n    }\n\n    .well.c2a3 .wpdm_icon {\n        height: 42px;\n        width: auto;\n    }<\/style><\/div><div class='col-lg-12 col-md-6 col-12'><!-- WPDM Link Template: Call to Action 3 -->\n\n<div class=\"well c2a3\">\n    <div class=\"media\">\n        <div class=\"mr-3\" align=\"left\">\n            <img class=\"wpdm_icon\" alt=\"Icon\" src=\"https:\/\/renfa.sma.gob.cl\/wp-content\/plugins\/download-manager\/assets\/file-type-icons\/pdf.svg\" onError='this.src=\"https:\/\/renfa.sma.gob.cl\/wp-content\/plugins\/download-manager\/assets\/file-type-icons\/unknown.svg\";' \/>\n        <\/div>\n        <div class=\"media-body\">\n            <h3 class=\"media-heading\" style=\"padding-top: 0px;border:0px;margin: 0 0 5px 0;font-size:12pt;\">\n                <a style=\"font-weight: 700\" href=\"https:\/\/renfa.sma.gob.cl\/index.php\/download\/4-presentacion-minsal\/\">4. Presentaci\u00f3n MINSAL<\/a>\n                <span style=\"font-size:8pt;font-weight:300\" class=\"text-muted ml-4\">\n                    <i class=\"fa fa-hdd mr-1\"><\/i> 1.04 MB\n                    <i class=\"ml-3 fa fa-arrow-alt-circle-down mr-1\"><\/i> 110 downloads\n                <\/span>\n            <\/h3>\n            ...\n        <\/div>\n        <div class=\"ml-3\" align=\"right\">\n            <a class='wpdm-download-link download-on-click btn btn-primary ' rel='nofollow' href='#' data-downloadurl=\"https:\/\/renfa.sma.gob.cl\/index.php\/download\/4-presentacion-minsal\/?wpdmdl=13621&refresh=69edd78cd41541777194892\">Descargar<\/a>\n        <\/div>\n    <\/div>\n\n<\/div>\n<style>\n    .well.c2a3 .btn {\n        padding: 11px 30px;\n        font-size: 11pt;\n    }\n\n    .well.c2a3 .media-body {\n        font-size: 11pt;\n    }\n\n    .well.c2a3 .wpdm_icon {\n        height: 42px;\n        width: auto;\n    }<\/style><\/div><div class='col-lg-12 col-md-6 col-12'><!-- WPDM Link Template: Call to Action 3 -->\n\n<div class=\"well c2a3\">\n    <div class=\"media\">\n        <div class=\"mr-3\" align=\"left\">\n            <img class=\"wpdm_icon\" alt=\"Icon\" src=\"https:\/\/renfa.sma.gob.cl\/wp-content\/plugins\/download-manager\/assets\/file-type-icons\/pdf.svg\" onError='this.src=\"https:\/\/renfa.sma.gob.cl\/wp-content\/plugins\/download-manager\/assets\/file-type-icons\/unknown.svg\";' \/>\n        <\/div>\n        <div class=\"media-body\">\n            <h3 class=\"media-heading\" style=\"padding-top: 0px;border:0px;margin: 0 0 5px 0;font-size:12pt;\">\n                <a style=\"font-weight: 700\" href=\"https:\/\/renfa.sma.gob.cl\/index.php\/download\/3-presentacion-sag\/\">3. Presentaci\u00f3n SAG<\/a>\n                <span style=\"font-size:8pt;font-weight:300\" class=\"text-muted ml-4\">\n                    <i class=\"fa fa-hdd mr-1\"><\/i> 2.21 MB\n                    <i class=\"ml-3 fa fa-arrow-alt-circle-down mr-1\"><\/i> 117 downloads\n                <\/span>\n            <\/h3>\n            ...\n        <\/div>\n        <div class=\"ml-3\" align=\"right\">\n            <a class='wpdm-download-link download-on-click btn btn-primary ' rel='nofollow' href='#' data-downloadurl=\"https:\/\/renfa.sma.gob.cl\/index.php\/download\/3-presentacion-sag\/?wpdmdl=13619&refresh=69edd78cd57e11777194892\">Descargar<\/a>\n        <\/div>\n    <\/div>\n\n<\/div>\n<style>\n    .well.c2a3 .btn {\n        padding: 11px 30px;\n        font-size: 11pt;\n    }\n\n    .well.c2a3 .media-body {\n        font-size: 11pt;\n    }\n\n    .well.c2a3 .wpdm_icon {\n        height: 42px;\n        width: auto;\n    }<\/style><\/div><div class='col-lg-12 col-md-6 col-12'><!-- WPDM Link Template: Call to Action 3 -->\n\n<div class=\"well c2a3\">\n    <div class=\"media\">\n        <div class=\"mr-3\" align=\"left\">\n            <img class=\"wpdm_icon\" alt=\"Icon\" src=\"https:\/\/renfa.sma.gob.cl\/wp-content\/plugins\/download-manager\/assets\/file-type-icons\/pdf.svg\" onError='this.src=\"https:\/\/renfa.sma.gob.cl\/wp-content\/plugins\/download-manager\/assets\/file-type-icons\/unknown.svg\";' \/>\n        <\/div>\n        <div class=\"media-body\">\n            <h3 class=\"media-heading\" style=\"padding-top: 0px;border:0px;margin: 0 0 5px 0;font-size:12pt;\">\n                <a style=\"font-weight: 700\" href=\"https:\/\/renfa.sma.gob.cl\/index.php\/download\/2-distribucion-de-competencias-lo-sma\/\">2. Distribuci\u00f3n de competencias LO-SMA<\/a>\n                <span style=\"font-size:8pt;font-weight:300\" class=\"text-muted ml-4\">\n                    <i class=\"fa fa-hdd mr-1\"><\/i> 1.42 MB\n                    <i class=\"ml-3 fa fa-arrow-alt-circle-down mr-1\"><\/i> 134 downloads\n                <\/span>\n            <\/h3>\n            ...\n        <\/div>\n        <div class=\"ml-3\" align=\"right\">\n            <a class='wpdm-download-link download-on-click btn btn-primary ' rel='nofollow' href='#' data-downloadurl=\"https:\/\/renfa.sma.gob.cl\/index.php\/download\/2-distribucion-de-competencias-lo-sma\/?wpdmdl=13617&refresh=69edd78cd687c1777194892\">Descargar<\/a>\n        <\/div>\n    <\/div>\n\n<\/div>\n<style>\n    .well.c2a3 .btn {\n        padding: 11px 30px;\n        font-size: 11pt;\n    }\n\n    .well.c2a3 .media-body {\n        font-size: 11pt;\n    }\n\n    .well.c2a3 .wpdm_icon {\n        height: 42px;\n        width: auto;\n    }<\/style><\/div><div class='col-lg-12 col-md-6 col-12'><!-- WPDM Link Template: Call to Action 3 -->\n\n<div class=\"well c2a3\">\n    <div class=\"media\">\n        <div class=\"mr-3\" align=\"left\">\n            <img class=\"wpdm_icon\" alt=\"Icon\" src=\"https:\/\/renfa.sma.gob.cl\/wp-content\/plugins\/download-manager\/assets\/file-type-icons\/pdf.svg\" onError='this.src=\"https:\/\/renfa.sma.gob.cl\/wp-content\/plugins\/download-manager\/assets\/file-type-icons\/unknown.svg\";' \/>\n        <\/div>\n        <div class=\"media-body\">\n            <h3 class=\"media-heading\" style=\"padding-top: 0px;border:0px;margin: 0 0 5px 0;font-size:12pt;\">\n                <a style=\"font-weight: 700\" href=\"https:\/\/renfa.sma.gob.cl\/index.php\/download\/1-renfa-modelo-de-cooperacion-tecnica\/\">1. RENFA modelo de cooperaci\u00f3n t\u00e9cnica<\/a>\n                <span style=\"font-size:8pt;font-weight:300\" class=\"text-muted ml-4\">\n                    <i class=\"fa fa-hdd mr-1\"><\/i> 1.47 MB\n                    <i class=\"ml-3 fa fa-arrow-alt-circle-down mr-1\"><\/i> 128 downloads\n                <\/span>\n            <\/h3>\n            ...\n        <\/div>\n        <div class=\"ml-3\" align=\"right\">\n            <a class='wpdm-download-link download-on-click btn btn-primary ' rel='nofollow' href='#' data-downloadurl=\"https:\/\/renfa.sma.gob.cl\/index.php\/download\/1-renfa-modelo-de-cooperacion-tecnica\/?wpdmdl=13615&refresh=69edd78cd78d51777194892\">Descargar<\/a>\n        <\/div>\n    <\/div>\n\n<\/div>\n<style>\n    .well.c2a3 .btn {\n        padding: 11px 30px;\n        font-size: 11pt;\n    }\n\n    .well.c2a3 .media-body {\n        font-size: 11pt;\n    }\n\n    .well.c2a3 .wpdm_icon {\n        height: 42px;\n        width: auto;\n    }<\/style><\/div><\/div>            <div style='clear:both'><\/div><div class='text-center'><ul class='pagination wpdm-pagination pagination-centered text-center'><\/ul><\/div><div style='clear:both'><\/div>        <\/div>\n\n        <div style='clear:both'><\/div>\n    <\/div>\n<\/div>\n<\/p>\n","protected":false},"excerpt":{"rendered":"<p>La jornada, efectuada el d\u00eda 31 de agosto de 2016, cont\u00f3 con la presencia de cerca de 30 profesionales, en su mayor\u00eda abogados y asesores\u00a0 legales de las divisiones jur\u00eddicas de distintos organismos con competencia ambiental que componen la Red Nacional de Fiscalizaci\u00f3n Ambiental. En esta instancia, la primera de su tipo en el marco de [&hellip;]<\/p>\n","protected":false},"author":2,"featured_media":13637,"comment_status":"open","ping_status":"open","sticky":false,"template":"","format":"standard","meta":{"footnotes":""},"categories":[42],"tags":[],"_links":{"self":[{"href":"https:\/\/renfa.sma.gob.cl\/index.php\/wp-json\/wp\/v2\/posts\/13636"}],"collection":[{"href":"https:\/\/renfa.sma.gob.cl\/index.php\/wp-json\/wp\/v2\/posts"}],"about":[{"href":"https:\/\/renfa.sma.gob.cl\/index.php\/wp-json\/wp\/v2\/types\/post"}],"author":[{"embeddable":true,"href":"https:\/\/renfa.sma.gob.cl\/index.php\/wp-json\/wp\/v2\/users\/2"}],"replies":[{"embeddable":true,"href":"https:\/\/renfa.sma.gob.cl\/index.php\/wp-json\/wp\/v2\/comments?post=13636"}],"version-history":[{"count":2,"href":"https:\/\/renfa.sma.gob.cl\/index.php\/wp-json\/wp\/v2\/posts\/13636\/revisions"}],"predecessor-version":[{"id":13640,"href":"https:\/\/renfa.sma.gob.cl\/index.php\/wp-json\/wp\/v2\/posts\/13636\/revisions\/13640"}],"wp:featuredmedia":[{"embeddable":true,"href":"https:\/\/renfa.sma.gob.cl\/index.php\/wp-json\/wp\/v2\/media\/13637"}],"wp:attachment":[{"href":"https:\/\/renfa.sma.gob.cl\/index.php\/wp-json\/wp\/v2\/media?parent=13636"}],"wp:term":[{"taxonomy":"category","embeddable":true,"href":"https:\/\/renfa.sma.gob.cl\/index.php\/wp-json\/wp\/v2\/categories?post=13636"},{"taxonomy":"post_tag","embeddable":true,"href":"https:\/\/renfa.sma.gob.cl\/index.php\/wp-json\/wp\/v2\/tags?post=13636"}],"curies":[{"name":"wp","href":"https:\/\/api.w.org\/{rel}","templated":true}]}}