{"id":13811,"date":"2016-11-25T15:24:53","date_gmt":"2016-11-25T18:24:53","guid":{"rendered":"http:\/\/renfa.sma.gob.cl\/?p=13811"},"modified":"2016-11-25T15:24:53","modified_gmt":"2016-11-25T18:24:53","slug":"finalizan-reuniones-de-validacion-del-ciclo-de-programacion","status":"publish","type":"post","link":"https:\/\/renfa.sma.gob.cl\/index.php\/2016\/11\/25\/finalizan-reuniones-de-validacion-del-ciclo-de-programacion\/","title":{"rendered":"Finalizan reuniones de validaci\u00f3n del Ciclo de Programaci\u00f3n"},"content":{"rendered":"<p style=\"text-align: justify;\">En el marco del Ciclo de Programaci\u00f3n, entre el 21 y 24 de noviembre se llevaron a cabo las reuniones de validaci\u00f3n con los niveles centrales de los organismos (OS) que componen la RENFA, las que cierran la participaci\u00f3n de los organismos sectoriales en el proceso de elaboraci\u00f3n de programas y subprogramas de fiscalizaci\u00f3n para el a\u00f1o 2017.<\/p>\n<p style=\"text-align: justify;\">\nEl Ciclo de Programaci\u00f3n, reglado por la <a href=\"http:\/\/www.sma.gob.cl\/transparencia\/doc\/resoluciones\/RESOL_EXENTA_SMA_2015\/RESOL%20EXENTA%20N%201171%20SMA.PDF\">Resoluci\u00f3n Exenta N\u00b01171\/2015<\/a>, es la metodolog\u00eda definida por la Superintendencia del Medio Ambiente para generar los programas y subprogramas de fiscalizaci\u00f3n ambiental, en el cual se solicita las prioridades de fiscalizaci\u00f3n a los OS, que son ponderadas junto a variables de vulnerabilidad territorial y otros componentes de relevancia ambiental, para definir las Unidades Fiscalizables que ser\u00e1n sujeto de fiscalizaci\u00f3n el a\u00f1o siguiente.<\/p>\n<p style=\"text-align: justify;\">Para mayor informaci\u00f3n el Ciclo de Programaci\u00f3n, <strong><a href=\"http:\/\/renfa.sma.gob.cl\/index.php\/2016\/11\/25\/ciclo-de-programacion\/\">acceder aqu\u00ed.<\/a><\/strong><\/p>\n","protected":false},"excerpt":{"rendered":"<p>En el marco del Ciclo de Programaci\u00f3n, entre el 21 y 24 de noviembre se llevaron a cabo las reuniones de validaci\u00f3n con los niveles centrales de los organismos (OS) que componen la RENFA, las que cierran la participaci\u00f3n de los organismos sectoriales en el proceso de elaboraci\u00f3n de programas y subprogramas de fiscalizaci\u00f3n para el [&hellip;]<\/p>\n","protected":false},"author":2,"featured_media":13812,"comment_status":"open","ping_status":"open","sticky":false,"template":"","format":"standard","meta":{"footnotes":""},"categories":[42],"tags":[],"_links":{"self":[{"href":"https:\/\/renfa.sma.gob.cl\/index.php\/wp-json\/wp\/v2\/posts\/13811"}],"collection":[{"href":"https:\/\/renfa.sma.gob.cl\/index.php\/wp-json\/wp\/v2\/posts"}],"about":[{"href":"https:\/\/renfa.sma.gob.cl\/index.php\/wp-json\/wp\/v2\/types\/post"}],"author":[{"embeddable":true,"href":"https:\/\/renfa.sma.gob.cl\/index.php\/wp-json\/wp\/v2\/users\/2"}],"replies":[{"embeddable":true,"href":"https:\/\/renfa.sma.gob.cl\/index.php\/wp-json\/wp\/v2\/comments?post=13811"}],"version-history":[{"count":1,"href":"https:\/\/renfa.sma.gob.cl\/index.php\/wp-json\/wp\/v2\/posts\/13811\/revisions"}],"predecessor-version":[{"id":13813,"href":"https:\/\/renfa.sma.gob.cl\/index.php\/wp-json\/wp\/v2\/posts\/13811\/revisions\/13813"}],"wp:featuredmedia":[{"embeddable":true,"href":"https:\/\/renfa.sma.gob.cl\/index.php\/wp-json\/wp\/v2\/media\/13812"}],"wp:attachment":[{"href":"https:\/\/renfa.sma.gob.cl\/index.php\/wp-json\/wp\/v2\/media?parent=13811"}],"wp:term":[{"taxonomy":"category","embeddable":true,"href":"https:\/\/renfa.sma.gob.cl\/index.php\/wp-json\/wp\/v2\/categories?post=13811"},{"taxonomy":"post_tag","embeddable":true,"href":"https:\/\/renfa.sma.gob.cl\/index.php\/wp-json\/wp\/v2\/tags?post=13811"}],"curies":[{"name":"wp","href":"https:\/\/api.w.org\/{rel}","templated":true}]}}