{"id":13824,"date":"2016-12-19T11:08:38","date_gmt":"2016-12-19T14:08:38","guid":{"rendered":"http:\/\/renfa.sma.gob.cl\/?p=13824"},"modified":"2017-10-19T18:02:29","modified_gmt":"2017-10-19T21:02:29","slug":"frigorifico-bio-bio","status":"publish","type":"post","link":"https:\/\/renfa.sma.gob.cl\/index.php\/2016\/12\/19\/frigorifico-bio-bio\/","title":{"rendered":"Frigor\u00edfico Bio B\u00edo"},"content":{"rendered":"<p style=\"text-align: justify;\">La Unidad Fiscalizable Carlos Standen Herlitz (Frigor\u00edfico Bio B\u00edo), corresponde a un frigor\u00edfico y matadero, dedicado al faenamiento de bovinos, porcinos y ovinos, ubicado en la comuna de Mulchen, regi\u00f3n del Bio B\u00edo.<\/p>\n<p style=\"text-align: justify;\">La fiscalizaci\u00f3n fue iniciada debido a una denuncia sectorial recibida por la Superintendencia de Servicios Sanitarios (SISS) respecto a incumplimiento del D.S. N\u00b0 90\/2000, lo que motivo, en base a los antecedentes recibidos, la encomendaci\u00f3n de nuevas actividades de fiscalizaci\u00f3n al Servicio Agr\u00edcola y Ganadero (SAG) y a la Secretar\u00eda Regional Ministerial de Salud.<\/p>\n<p style=\"text-align: justify;\">Los antecedentes de recabados en las distintas actividades de inspecci\u00f3n y ex\u00e1men de informaci\u00f3n, permitieron determinar que el proyecto se encontraba en elusi\u00f3n del Sistema de Evaluaci\u00f3n de Impacto Ambiental (literal o.7), en virtud de las caracter\u00edsticas de disposici\u00f3n de su Sistema de Tratamiento de Riles.<\/p>\n<p style=\"text-align: justify;\">En el a\u00f1o 2016 se dio inicio al procedimiento sancionatorio, habiendo el titular presentado un Programa de Cumplimiento.<\/p>\n<p style=\"text-align: justify;\"><strong>Organismos Sectoriales participantes:<\/strong> Superintendencia del Servicio Sanitario (SISS) en denuncia Sectorial e inspecciones del a\u00f1o 2013, y Servicio Agr\u00edcola y Ganadero (SAG) y a la Secretar\u00eda Regional Ministerial de Salud.<\/p>\n<p style=\"text-align: justify;\"><strong>Estado de la fiscalizaci\u00f3n:<\/strong> <span style=\"color: #ff6600;\">Procedimiento Sancionatorio en curso, con programa de cumplimiento en evaluaci\u00f3n, Rol F-033-20<\/span>16.<\/p>\n<p style=\"text-align: justify;\"><span style=\"color: #0000ff;\"><a style=\"color: #0000ff;\" href=\"http:\/\/snifa.sma.gob.cl\/v2\/Sancionatorio\/Ficha\/1428\"><strong>Acceso directo a expediente p\u00fablico<\/strong>\u00a0<\/a><\/span><\/p>\n<p style=\"text-align: justify;\"><strong>Categor\u00eda: <\/strong>Agroindustria<\/p>\n<p style=\"text-align: justify;\"><em>Fecha actualizaci\u00f3n: 19-12-2016<\/em><\/p>\n<p>&nbsp;<\/p>\n","protected":false},"excerpt":{"rendered":"<p>La Unidad Fiscalizable Carlos Standen Herlitz (Frigor\u00edfico Bio B\u00edo), corresponde a un frigor\u00edfico y matadero, dedicado al faenamiento de bovinos, porcinos y ovinos, ubicado en la comuna de Mulchen, regi\u00f3n del Bio B\u00edo. La fiscalizaci\u00f3n fue iniciada debido a una denuncia sectorial recibida por la Superintendencia de Servicios Sanitarios (SISS) respecto a incumplimiento del D.S. N\u00b0 [&hellip;]<\/p>\n","protected":false},"author":2,"featured_media":13825,"comment_status":"open","ping_status":"open","sticky":false,"template":"","format":"standard","meta":{"footnotes":""},"categories":[45],"tags":[],"_links":{"self":[{"href":"https:\/\/renfa.sma.gob.cl\/index.php\/wp-json\/wp\/v2\/posts\/13824"}],"collection":[{"href":"https:\/\/renfa.sma.gob.cl\/index.php\/wp-json\/wp\/v2\/posts"}],"about":[{"href":"https:\/\/renfa.sma.gob.cl\/index.php\/wp-json\/wp\/v2\/types\/post"}],"author":[{"embeddable":true,"href":"https:\/\/renfa.sma.gob.cl\/index.php\/wp-json\/wp\/v2\/users\/2"}],"replies":[{"embeddable":true,"href":"https:\/\/renfa.sma.gob.cl\/index.php\/wp-json\/wp\/v2\/comments?post=13824"}],"version-history":[{"count":4,"href":"https:\/\/renfa.sma.gob.cl\/index.php\/wp-json\/wp\/v2\/posts\/13824\/revisions"}],"predecessor-version":[{"id":14395,"href":"https:\/\/renfa.sma.gob.cl\/index.php\/wp-json\/wp\/v2\/posts\/13824\/revisions\/14395"}],"wp:featuredmedia":[{"embeddable":true,"href":"https:\/\/renfa.sma.gob.cl\/index.php\/wp-json\/wp\/v2\/media\/13825"}],"wp:attachment":[{"href":"https:\/\/renfa.sma.gob.cl\/index.php\/wp-json\/wp\/v2\/media?parent=13824"}],"wp:term":[{"taxonomy":"category","embeddable":true,"href":"https:\/\/renfa.sma.gob.cl\/index.php\/wp-json\/wp\/v2\/categories?post=13824"},{"taxonomy":"post_tag","embeddable":true,"href":"https:\/\/renfa.sma.gob.cl\/index.php\/wp-json\/wp\/v2\/tags?post=13824"}],"curies":[{"name":"wp","href":"https:\/\/api.w.org\/{rel}","templated":true}]}}