{"id":13838,"date":"2016-12-28T15:15:42","date_gmt":"2016-12-28T18:15:42","guid":{"rendered":"http:\/\/renfa.sma.gob.cl\/?p=13838"},"modified":"2018-04-06T12:23:14","modified_gmt":"2018-04-06T15:23:14","slug":"contingencias-por-mortalidades-masivas","status":"publish","type":"post","link":"https:\/\/renfa.sma.gob.cl\/index.php\/2016\/12\/28\/contingencias-por-mortalidades-masivas\/","title":{"rendered":"SERNAPESCA, DIRECTEMAR y SMA presentan medidas ante contingencias por mortalidades masivas"},"content":{"rendered":"<p style=\"text-align: justify;\">El 8 de noviembre, en la ciudad de Puerto Montt, las autoridades del Servicio Nacional de Pesca y Acuicultura (Sernapesca), Superintendencia de Medio Ambiente (SMA), Subsecretar\u00eda de Pesca y Acuicultura y la Armada de Chile presentaron un paquete de medidas que buscan manejar de manera m\u00e1s eficiente y oportuna el retiro de mortalidades masivas ante contingencias ambientales como la vivida el verano pasado en la Regi\u00f3n de Los Lagos.<\/p>\n<p style=\"text-align: justify;\">Dentro de las medidas presentadas, se encuentra el establecimiento de deberes de reporte de avisos, contingencias e incidentes asociados a Floramientos Algales Nocivos (FAN), \u00a0de acuerdo a lo\u00a0establecido en la <strong><a href=\"http:\/\/www.sma.gob.cl\/transparencia\/doc\/resoluciones\/RESOL_EXENTA_SMA_2016\/RESOL%20EXENTA%20N%20885%20SMA.PDF\">Resoluci\u00f3n N\u00b0 855 de 2016 de la SMA<\/a>,<\/strong> \u00a0a trav\u00e9s del<strong>\u00a0<a href=\"http:\/\/snifa.sma.gob.cl\/SistemaSeguimientoAmbiental\">Sistema de Seguimiento Ambiental <\/a><\/strong>que administra la Superintendencia del Medio Ambiente, los que permitir\u00e1 a los servicios involucrados acceder a informaci\u00f3n en tiempo real de lo reportado.<\/p>\n<p style=\"text-align: justify;\">El Director Nacional de Sernapesca, Jos\u00e9 Miguel Burgos, explic\u00f3 que con estas medidas se establece la obligatoriedad para que cada centro de cultivo tenga un plan de acci\u00f3n para manejo, retiro y disposici\u00f3n final de mortalidades masivas en el caso de salmones, el que consiste en primera instancia \u201cen un plazo de 24 horas para reportar un evento de mortalidad masiva, a lo que se suma en que superadas las 15 toneladas \u2013que son las capacidades promedio que tienen cada uno de los centros para manejo de mortalidad \u2013 se gatilla una obligaci\u00f3n de aviso inmediato, tanto a la Superintendencia como al Sernapesca y se coordinan acciones para que un plazo m\u00e1ximo de 4 d\u00edas el total de la mortalidad sea efectivamente retirada\u201d.<\/p>\n<p style=\"text-align: justify;\">A ello agreg\u00f3 que este plan \u201ces el primer nivel que tiene que ver con la responsabilidad individual de cada centro, pero viene una segunda etapa que es cuando esto tenga una magnitud mayor y ah\u00ed estamos trabajando en una mesa para poder coordinar todas las necesidades log\u00edsticas que esta industria requiere para poder enfrentar una situaci\u00f3n y tratar de evitar los acontecimientos de este a\u00f1o\u201d, recalc\u00f3 Burgos.<\/p>\n<p style=\"text-align: justify;\">Por su parte, el Superintendente de Medio Ambiente, Cristi\u00e1n Franz, enfatiz\u00f3 el constante control que se realiza a los centros de cultivos, recordando \u201cque el marco sancionatorio establecido en nuestra nueva normativa ambiental en Chile dispone de multas muy altas para los infractores, y que en el caso de los reincidentes puede traducirse en sanciones, ya no pecuniarias, sino que tienen que ver por ejemplo con la revocaci\u00f3n de los permisos\u201d. A la vez, hizo un llamado \u201ca los titulares de los proyectos a ser muy responsables con sus operaciones y asegurarse de que est\u00e1n perfectamente preparados para enfrentar una emergencia como la que ya se vivi\u00f3\u201d.<\/p>\n<p style=\"text-align: justify;\">De la misma forma y respecto al rol de la Autoridad Mar\u00edtima en este plan de acci\u00f3n, el Gobernador Mar\u00edtimo de Puerto Montt, Capit\u00e1n de Nav\u00edo Pedro Valderrama, detall\u00f3 que \u201cnuestra misi\u00f3n es la seguridad de las tripulaciones y las naves, por lo que la Direcci\u00f3n T\u00e9cnica de Intereses Mar\u00edtimos y Medioambiente Acu\u00e1tico est\u00e1 sacando un apoyo a la normativa existente respecto a los ambientes de trabajo. Nos preocupa que las naves acarreadoras de la mortalidad de peces sean las adecuadas y que las faenas de carga, transporte, tenencia, permanencia, espera y descarga a otras naves y reducciones sean muy seguras\u201d, enfatiz\u00f3.<\/p>\n<p style=\"text-align: justify;\">Mayor informaci\u00f3n <span style=\"color: #0000ff;\"><strong><a style=\"color: #0000ff;\" href=\"http:\/\/renfa.sma.gob.cl\/index.php\/2016\/12\/29\/avisos-contingencias-e-incidentes-para-fan\/\">aqu\u00ed<\/a><\/strong><\/span><\/p>\n<p style=\"text-align: justify;\"><div class=\"fusion-fullwidth fullwidth-box hundred-percent-fullwidth non-hundred-percent-height-scrolling\"  style='background-color: #ffffff;background-position: center center;background-repeat: no-repeat;padding-top:0px;padding-right:0px;padding-bottom:0px;padding-left:0px;'><div class=\"fusion-builder-row fusion-row \"><div  class=\"fusion-layout-column fusion_builder_column fusion_builder_column_1_1 fusion-builder-column-1 fusion-one-full fusion-column-first fusion-column-last fusion-column-no-min-height 1_1\"  style='margin-top:0px;margin-bottom:0px;'>\n\t\t\t\t\t<div class=\"fusion-column-wrapper\" style=\"background-position:left top;background-repeat:no-repeat;-webkit-background-size:cover;-moz-background-size:cover;-o-background-size:cover;background-size:cover;\"   data-bg-url=\"\">\n\t\t\t\t\t\t<div class='w3eden'><!-- WPDM Link Template: Call to Action 3 -->\n\n<div class=\"well c2a3\">\n    <div class=\"media\">\n        <div class=\"mr-3\" align=\"left\">\n            <img class=\"wpdm_icon\" alt=\"Icon\" src=\"https:\/\/renfa.sma.gob.cl\/wp-content\/plugins\/download-manager\/assets\/file-type-icons\/pdf.svg\" onError='this.src=\"https:\/\/renfa.sma.gob.cl\/wp-content\/plugins\/download-manager\/assets\/file-type-icons\/unknown.svg\";' \/>\n        <\/div>\n        <div class=\"media-body\">\n            <h3 class=\"media-heading\" style=\"padding-top: 0px;border:0px;margin: 0 0 5px 0;font-size:12pt;\">\n                <a style=\"font-weight: 700\" href=\"https:\/\/renfa.sma.gob.cl\/index.php\/download\/poster-sistema-aviso-contingencias-e-incidentes-fan\/\">P\u00f3ster Sistema aviso, contingencias e incidentes FAN<\/a>\n                <span style=\"font-size:8pt;font-weight:300\" class=\"text-muted ml-4\">\n                    <i class=\"fa fa-hdd mr-1\"><\/i> 521.84 KB\n                    <i class=\"ml-3 fa fa-arrow-alt-circle-down mr-1\"><\/i> 144 downloads\n                <\/span>\n            <\/h3>\n            ...\n        <\/div>\n        <div class=\"ml-3\" align=\"right\">\n            <a class='wpdm-download-link download-on-click btn btn-primary ' rel='nofollow' href='#' data-downloadurl=\"https:\/\/renfa.sma.gob.cl\/index.php\/download\/poster-sistema-aviso-contingencias-e-incidentes-fan\/?wpdmdl=13851&refresh=69edd7835256a1777194883\">Download<\/a>\n        <\/div>\n    <\/div>\n\n<\/div>\n<style>\n    .well.c2a3 .btn {\n        padding: 11px 30px;\n        font-size: 11pt;\n    }\n\n    .well.c2a3 .media-body {\n        font-size: 11pt;\n    }\n\n    .well.c2a3 .wpdm_icon {\n        height: 42px;\n        width: auto;\n    }<\/style><\/div>\n<p style=\"text-align: justify;\"><div class='w3eden'><!-- WPDM Link Template: Call to Action 3 -->\n\n<div class=\"well c2a3\">\n    <div class=\"media\">\n        <div class=\"mr-3\" align=\"left\">\n            <img class=\"wpdm_icon\" alt=\"Icon\" src=\"https:\/\/renfa.sma.gob.cl\/wp-content\/plugins\/download-manager\/assets\/file-type-icons\/pdf.svg\" onError='this.src=\"https:\/\/renfa.sma.gob.cl\/wp-content\/plugins\/download-manager\/assets\/file-type-icons\/unknown.svg\";' \/>\n        <\/div>\n        <div class=\"media-body\">\n            <h3 class=\"media-heading\" style=\"padding-top: 0px;border:0px;margin: 0 0 5px 0;font-size:12pt;\">\n                <a style=\"font-weight: 700\" href=\"https:\/\/renfa.sma.gob.cl\/index.php\/download\/sistema-de-aviso-contingencias-e-incidentes-asociadas-a-fan\/\">Manual Sistema Seguimiento Ambiental<\/a>\n                <span style=\"font-size:8pt;font-weight:300\" class=\"text-muted ml-4\">\n                    <i class=\"fa fa-hdd mr-1\"><\/i> 2.07 MB\n                    <i class=\"ml-3 fa fa-arrow-alt-circle-down mr-1\"><\/i> 244 downloads\n                <\/span>\n            <\/h3>\n            ...\n        <\/div>\n        <div class=\"ml-3\" align=\"right\">\n            <a class='wpdm-download-link download-on-click btn btn-primary ' rel='nofollow' href='#' data-downloadurl=\"https:\/\/renfa.sma.gob.cl\/index.php\/download\/sistema-de-aviso-contingencias-e-incidentes-asociadas-a-fan\/?wpdmdl=13848&refresh=69edd78353bf31777194883\">Download<\/a>\n        <\/div>\n    <\/div>\n\n<\/div>\n<style>\n    .well.c2a3 .btn {\n        padding: 11px 30px;\n        font-size: 11pt;\n    }\n\n    .well.c2a3 .media-body {\n        font-size: 11pt;\n    }\n\n    .well.c2a3 .wpdm_icon {\n        height: 42px;\n        width: auto;\n    }<\/style><\/div>\n<div class=\"fusion-clearfix\"><\/div>\n\n\t\t\t\t\t<\/div>\n\t\t\t\t<\/div><\/div><\/div><\/p>\n","protected":false},"excerpt":{"rendered":"<p>El 8 de noviembre, en la ciudad de Puerto Montt, las autoridades del Servicio Nacional de Pesca y Acuicultura (Sernapesca), Superintendencia de Medio Ambiente (SMA), Subsecretar\u00eda de Pesca y Acuicultura y la Armada de Chile presentaron un paquete de medidas que buscan manejar de manera m\u00e1s eficiente y oportuna el retiro de mortalidades masivas ante contingencias [&hellip;]<\/p>\n","protected":false},"author":2,"featured_media":13841,"comment_status":"open","ping_status":"open","sticky":false,"template":"","format":"standard","meta":{"footnotes":""},"categories":[42],"tags":[],"_links":{"self":[{"href":"https:\/\/renfa.sma.gob.cl\/index.php\/wp-json\/wp\/v2\/posts\/13838"}],"collection":[{"href":"https:\/\/renfa.sma.gob.cl\/index.php\/wp-json\/wp\/v2\/posts"}],"about":[{"href":"https:\/\/renfa.sma.gob.cl\/index.php\/wp-json\/wp\/v2\/types\/post"}],"author":[{"embeddable":true,"href":"https:\/\/renfa.sma.gob.cl\/index.php\/wp-json\/wp\/v2\/users\/2"}],"replies":[{"embeddable":true,"href":"https:\/\/renfa.sma.gob.cl\/index.php\/wp-json\/wp\/v2\/comments?post=13838"}],"version-history":[{"count":9,"href":"https:\/\/renfa.sma.gob.cl\/index.php\/wp-json\/wp\/v2\/posts\/13838\/revisions"}],"predecessor-version":[{"id":14618,"href":"https:\/\/renfa.sma.gob.cl\/index.php\/wp-json\/wp\/v2\/posts\/13838\/revisions\/14618"}],"wp:featuredmedia":[{"embeddable":true,"href":"https:\/\/renfa.sma.gob.cl\/index.php\/wp-json\/wp\/v2\/media\/13841"}],"wp:attachment":[{"href":"https:\/\/renfa.sma.gob.cl\/index.php\/wp-json\/wp\/v2\/media?parent=13838"}],"wp:term":[{"taxonomy":"category","embeddable":true,"href":"https:\/\/renfa.sma.gob.cl\/index.php\/wp-json\/wp\/v2\/categories?post=13838"},{"taxonomy":"post_tag","embeddable":true,"href":"https:\/\/renfa.sma.gob.cl\/index.php\/wp-json\/wp\/v2\/tags?post=13838"}],"curies":[{"name":"wp","href":"https:\/\/api.w.org\/{rel}","templated":true}]}}