{"id":13867,"date":"2016-12-30T11:55:07","date_gmt":"2016-12-30T14:55:07","guid":{"rendered":"http:\/\/renfa.sma.gob.cl\/?p=13867"},"modified":"2016-12-30T11:55:51","modified_gmt":"2016-12-30T14:55:51","slug":"ejecucion-plan-anual-encuentros-renfa","status":"publish","type":"post","link":"https:\/\/renfa.sma.gob.cl\/index.php\/2016\/12\/30\/ejecucion-plan-anual-encuentros-renfa\/","title":{"rendered":"Ejecuci\u00f3n Plan Anual Encuentros RENFA"},"content":{"rendered":"<p style=\"text-align: justify;\">En el marco del Plan Anual de Encuentros RENFA del a\u00f1o 2016, se efectuaron 51 eventos, entre talleres, reuniones y Seminarios, los que convocaron a cerca de 1.000 profesionales pertenecientes a los distintos organismos sectoriales que conforman la RENFA.<\/p>\n<p style=\"text-align: justify;\">Entre los eventos de mayos convocatoria, destaca la realizaci\u00f3n del <span style=\"color: #0000ff;\"><a style=\"color: #0000ff;\" href=\"http:\/\/renfa.sma.gob.cl\/index.php\/2016\/07\/14\/seminario-internacional-nuevos-enfoques-de-la-fiscalizacion-ambiental\/\">Seminario Internacional: Nuevas Tecnolog\u00edas para la fiscalizaci\u00f3n ambiental<\/a><\/span>, efectuado en el mes de agosto en la ciudad de Santiago, en el cual participaron cerca de 120 profesionales, y cont\u00f3 con las exposiciones de organismos sectoriales (SAG, CONAF, SERNAPESCA, SISS, MTT y CMN), y de organizaciones de regulaci\u00f3n y fiscalizaci\u00f3n sudamericanas (IBAMA-Brasil, OEFA-Per\u00fa, ANLA \u2013 Colombia, EA-USA).<\/p>\n<p style=\"text-align: justify;\">Durante al a\u00f1o tambi\u00e9n se llevaron a cabo capacitaciones en todas las regiones del pa\u00eds, con la finalidad de reforzar los <span style=\"color: #0000ff;\"><a style=\"color: #0000ff;\" href=\"http:\/\/renfa.sma.gob.cl\/index.php\/2016\/07\/14\/talleres-de-fiscalizacion-ambiental-2016\/\">procedimientos de fiscalizaci\u00f3n ambienta<\/a><\/span>l, y presentar el Sistema SMA-OS. Adicionalmente, como cada a\u00f1o, se efectuaron las validaciones de las propuestas de programas y subprogramas de fiscalizaci\u00f3n, dentro del contexto del<span style=\"color: #0000ff;\"> <a style=\"color: #0000ff;\" href=\"http:\/\/renfa.sma.gob.cl\/index.php\/2016\/11\/25\/ciclo-de-programacion\/\">Ciclo de Programaci\u00f3n.<\/a><\/span><\/p>\n<p style=\"text-align: justify;\">Recalcar que gracias a la participaci\u00f3n de los profesionales de los distintos servicios, todas las actividades se realizaron con \u00e9xito.<\/p>\n<p style=\"text-align: justify;\">Se invita a todos los miembros de la RENFA a estar atentos a las actividades a efectuarse en 2017, las que ser\u00e1n publicadas oportunamente en la secci\u00f3n <span style=\"color: #0000ff;\"><strong><a style=\"color: #0000ff;\" href=\"http:\/\/renfa.sma.gob.cl\/index.php\/calendar\/\">Calendario<\/a>.<\/strong><\/span><\/p>\n","protected":false},"excerpt":{"rendered":"<p>En el marco del Plan Anual de Encuentros RENFA del a\u00f1o 2016, se efectuaron 51 eventos, entre talleres, reuniones y Seminarios, los que convocaron a cerca de 1.000 profesionales pertenecientes a los distintos organismos sectoriales que conforman la RENFA. Entre los eventos de mayos convocatoria, destaca la realizaci\u00f3n del Seminario Internacional: Nuevas Tecnolog\u00edas para la fiscalizaci\u00f3n [&hellip;]<\/p>\n","protected":false},"author":2,"featured_media":13869,"comment_status":"open","ping_status":"open","sticky":false,"template":"","format":"standard","meta":{"footnotes":""},"categories":[42],"tags":[],"_links":{"self":[{"href":"https:\/\/renfa.sma.gob.cl\/index.php\/wp-json\/wp\/v2\/posts\/13867"}],"collection":[{"href":"https:\/\/renfa.sma.gob.cl\/index.php\/wp-json\/wp\/v2\/posts"}],"about":[{"href":"https:\/\/renfa.sma.gob.cl\/index.php\/wp-json\/wp\/v2\/types\/post"}],"author":[{"embeddable":true,"href":"https:\/\/renfa.sma.gob.cl\/index.php\/wp-json\/wp\/v2\/users\/2"}],"replies":[{"embeddable":true,"href":"https:\/\/renfa.sma.gob.cl\/index.php\/wp-json\/wp\/v2\/comments?post=13867"}],"version-history":[{"count":2,"href":"https:\/\/renfa.sma.gob.cl\/index.php\/wp-json\/wp\/v2\/posts\/13867\/revisions"}],"predecessor-version":[{"id":13871,"href":"https:\/\/renfa.sma.gob.cl\/index.php\/wp-json\/wp\/v2\/posts\/13867\/revisions\/13871"}],"wp:featuredmedia":[{"embeddable":true,"href":"https:\/\/renfa.sma.gob.cl\/index.php\/wp-json\/wp\/v2\/media\/13869"}],"wp:attachment":[{"href":"https:\/\/renfa.sma.gob.cl\/index.php\/wp-json\/wp\/v2\/media?parent=13867"}],"wp:term":[{"taxonomy":"category","embeddable":true,"href":"https:\/\/renfa.sma.gob.cl\/index.php\/wp-json\/wp\/v2\/categories?post=13867"},{"taxonomy":"post_tag","embeddable":true,"href":"https:\/\/renfa.sma.gob.cl\/index.php\/wp-json\/wp\/v2\/tags?post=13867"}],"curies":[{"name":"wp","href":"https:\/\/api.w.org\/{rel}","templated":true}]}}