{"id":13979,"date":"2017-03-24T16:12:01","date_gmt":"2017-03-24T19:12:01","guid":{"rendered":"http:\/\/renfa.sma.gob.cl\/?p=13979"},"modified":"2017-03-24T16:12:01","modified_gmt":"2017-03-24T19:12:01","slug":"sma-da-inicio-al-ciclo-de-programacion-2018","status":"publish","type":"post","link":"https:\/\/renfa.sma.gob.cl\/index.php\/2017\/03\/24\/sma-da-inicio-al-ciclo-de-programacion-2018\/","title":{"rendered":"SMA da inicio al Ciclo de Programaci\u00f3n 2018"},"content":{"rendered":"<p>Con la dictaci\u00f3n de la Resoluci\u00f3n Exenta N\u00b0 100, del 13 de febrero de 2017 la SMA dio inicio al ciclo de Programaci\u00f3n a\u00f1o 2018, en el cual participan los organismos sectoriales que componen la RENFA.<br \/>\nEl Ciclo de Programaci\u00f3n (CdP) es el proceso mediante el cual la Superintendencia formula, en conjunto con los organismos sectoriales, los programas y subprograma de fiscalizaci\u00f3n mediante la priorizaci\u00f3n de unidades fiscalizables y la definici\u00f3n del n\u00famero de actividades a ejecutar en un a\u00f1o calendario.<br \/>\nLa primera fase del CdP es la dictaci\u00f3n de la resoluci\u00f3n que dicta su inicio para el a\u00f1o t+1, seguida de las reuniones de coordinaci\u00f3n con los niveles centrales de los organismos sectoriales, las cuales se llevar\u00e1n a cabo <strong>entre el 27 y 31 de marzo presente<\/strong>.\u00a0Posterior a eso, entre junio y julio se solicitan las prioridades de fiscalizaci\u00f3n a los organismos sectoriales, las que, junto con otras variables de ponderaci\u00f3n, son sometidas a un modelo de priorizaci\u00f3n para la determinaci\u00f3n de listado de unidades fiscalizables los que son sometidos consultas regionales y validados por los niveles centrales de todos los servicios.<\/p>\n<p>Para mayor detalle del Ciclo de Programaci\u00f3n, haz click <strong><span style=\"color: #0000ff;\"><a style=\"color: #0000ff;\" href=\"http:\/\/renfa.sma.gob.cl\/index.php\/2016\/11\/25\/ciclo-de-programacion\/\">aqu\u00ed<\/a><\/span><\/strong><\/p>\n","protected":false},"excerpt":{"rendered":"<p>Con la dictaci\u00f3n de la Resoluci\u00f3n Exenta N\u00b0 100, del 13 de febrero de 2017 la SMA dio inicio al ciclo de Programaci\u00f3n a\u00f1o 2018, en el cual participan los organismos sectoriales que componen la RENFA. El Ciclo de Programaci\u00f3n (CdP) es el proceso mediante el cual la Superintendencia formula, en conjunto con los organismos sectoriales, [&hellip;]<\/p>\n","protected":false},"author":2,"featured_media":13980,"comment_status":"open","ping_status":"open","sticky":false,"template":"","format":"standard","meta":{"footnotes":""},"categories":[42],"tags":[],"_links":{"self":[{"href":"https:\/\/renfa.sma.gob.cl\/index.php\/wp-json\/wp\/v2\/posts\/13979"}],"collection":[{"href":"https:\/\/renfa.sma.gob.cl\/index.php\/wp-json\/wp\/v2\/posts"}],"about":[{"href":"https:\/\/renfa.sma.gob.cl\/index.php\/wp-json\/wp\/v2\/types\/post"}],"author":[{"embeddable":true,"href":"https:\/\/renfa.sma.gob.cl\/index.php\/wp-json\/wp\/v2\/users\/2"}],"replies":[{"embeddable":true,"href":"https:\/\/renfa.sma.gob.cl\/index.php\/wp-json\/wp\/v2\/comments?post=13979"}],"version-history":[{"count":1,"href":"https:\/\/renfa.sma.gob.cl\/index.php\/wp-json\/wp\/v2\/posts\/13979\/revisions"}],"predecessor-version":[{"id":13981,"href":"https:\/\/renfa.sma.gob.cl\/index.php\/wp-json\/wp\/v2\/posts\/13979\/revisions\/13981"}],"wp:featuredmedia":[{"embeddable":true,"href":"https:\/\/renfa.sma.gob.cl\/index.php\/wp-json\/wp\/v2\/media\/13980"}],"wp:attachment":[{"href":"https:\/\/renfa.sma.gob.cl\/index.php\/wp-json\/wp\/v2\/media?parent=13979"}],"wp:term":[{"taxonomy":"category","embeddable":true,"href":"https:\/\/renfa.sma.gob.cl\/index.php\/wp-json\/wp\/v2\/categories?post=13979"},{"taxonomy":"post_tag","embeddable":true,"href":"https:\/\/renfa.sma.gob.cl\/index.php\/wp-json\/wp\/v2\/tags?post=13979"}],"curies":[{"name":"wp","href":"https:\/\/api.w.org\/{rel}","templated":true}]}}