{"id":14015,"date":"2017-05-10T14:53:06","date_gmt":"2017-05-10T18:53:06","guid":{"rendered":"http:\/\/renfa.sma.gob.cl\/?p=14015"},"modified":"2018-04-06T12:23:13","modified_gmt":"2018-04-06T15:23:13","slug":"inicio-capacitaciones-regionales-en-el-sistema-sma-os","status":"publish","type":"post","link":"https:\/\/renfa.sma.gob.cl\/index.php\/2017\/05\/10\/inicio-capacitaciones-regionales-en-el-sistema-sma-os\/","title":{"rendered":"Inicio capacitaciones regionales en el Sistema SMA-OS"},"content":{"rendered":"<div class=\"fusion-fullwidth fullwidth-box hundred-percent-fullwidth non-hundred-percent-height-scrolling\"  style='background-color: #ffffff;background-position: center center;background-repeat: no-repeat;padding-top:0px;padding-right:0px;padding-bottom:0px;padding-left:0px;'><div class=\"fusion-builder-row fusion-row \"><div  class=\"fusion-layout-column fusion_builder_column fusion_builder_column_1_1 fusion-builder-column-1 fusion-one-full fusion-column-first fusion-column-last fusion-column-no-min-height 1_1\"  style='margin-top:0px;margin-bottom:0px;'>\n\t\t\t\t\t<div class=\"fusion-column-wrapper\" style=\"background-position:left top;background-repeat:no-repeat;-webkit-background-size:cover;-moz-background-size:cover;-o-background-size:cover;background-size:cover;\"   data-bg-url=\"\">\n\t\t\t\t\t\t<div class=\"fusion-text\"><p>La Superintendencia del Medio Ambiente inici\u00f3 el periodo de capacitaciones a fiscalizadores regionales de los distintos organismos sectoriales pertenecientes a la RENFA en el uso del \u201cSistema SMA-OS\u201d, con una doble jornada de capacitaci\u00f3n realizada el d\u00eda 9 de mayo en Santiago, a funcionarios del Servicio Agr\u00edcola y Ganadero, la Corporaci\u00f3n Nacional Forestal, el Consejo de Monumentos Nacionales y el Servicio Nacional de Pesca y Acuicultura.<\/p>\n<p>En la capacitaci\u00f3n se present\u00f3 la nueva plataforma de trabajo colaborativo entre los Servicios y la SMA, denominada \u201cSistema SMA-OS\u201d, pudiendo los participantes efectuar acceder en tiempo real a la plataforma y efectuar ejercicios pr\u00e1cticos, \u00a0siendo la primera capacitaci\u00f3n de este estilo que dicta la Superintendencia.<\/p>\n<p>Durante los pr\u00f3ximos meses la SMA continuar\u00e1 con las capacitaciones en el uso del Sistema SMA-OS a nivel regional, logrando cobertura suficiente para entrar en pleno funcionamiento el a\u00f1o 2018.<\/p>\n<p>Para mayor informaci\u00f3n sobre este proyecto, haz click <strong><span style=\"color: #0000ff;\"><a style=\"color: #0000ff;\" href=\"http:\/\/renfa.sma.gob.cl\/index.php\/2016\/07\/14\/sistema-sma-os\/\">aqu\u00ed<\/a><\/span><\/strong><\/p>\n<p>&nbsp;<\/p>\n<\/div><div class=\"fusion-clearfix\"><\/div>\n\n\t\t\t\t\t<\/div>\n\t\t\t\t<\/div><div  class=\"fusion-layout-column fusion_builder_column fusion_builder_column_1_1 fusion-builder-column-2 fusion-one-full fusion-column-first fusion-column-last fusion-column-no-min-height 1_1\"  style='margin-top:0px;margin-bottom:0px;'>\n\t\t\t\t\t<div class=\"fusion-column-wrapper\" style=\"background-position:left top;background-repeat:no-repeat;-webkit-background-size:cover;-moz-background-size:cover;-o-background-size:cover;background-size:cover;\"   data-bg-url=\"\">\n\t\t\t\t\t\t<div class=\"fusion-image-carousel fusion-image-carousel-auto lightbox-enabled\"><div class=\"fusion-carousel\" data-autoplay=\"yes\" data-columns=\"5\" data-itemmargin=\"1\" data-itemwidth=\"180\" data-touchscroll=\"yes\" data-imagesize=\"auto\"><div class=\"fusion-carousel-positioner\"><ul class=\"fusion-carousel-holder\"><li class=\"fusion-carousel-item\"><div class=\"fusion-carousel-item-wrapper\"><div class=\"fusion-image-wrapper hover-type-none\"><img src=\"http:\/\/renfa.sma.gob.cl\/wp-content\/uploads\/2017\/05\/DSC_0102-300x199.jpg\" alt=\"\"\/><\/div><\/div><\/li><li class=\"fusion-carousel-item\"><div class=\"fusion-carousel-item-wrapper\"><div class=\"fusion-image-wrapper hover-type-none\"><img src=\"http:\/\/renfa.sma.gob.cl\/wp-content\/uploads\/2017\/05\/DSC_0101-300x199.jpg\" alt=\"\"\/><\/div><\/div><\/li><li class=\"fusion-carousel-item\"><div class=\"fusion-carousel-item-wrapper\"><div class=\"fusion-image-wrapper hover-type-none\"><img src=\"http:\/\/renfa.sma.gob.cl\/wp-content\/uploads\/2017\/05\/DSC_0097-300x199.jpg\" alt=\"\"\/><\/div><\/div><\/li><li class=\"fusion-carousel-item\"><div class=\"fusion-carousel-item-wrapper\"><div class=\"fusion-image-wrapper hover-type-none\"><img src=\"http:\/\/renfa.sma.gob.cl\/wp-content\/uploads\/2017\/05\/DSC_0096-300x199.jpg\" alt=\"\"\/><\/div><\/div><\/li><li class=\"fusion-carousel-item\"><div class=\"fusion-carousel-item-wrapper\"><div class=\"fusion-image-wrapper hover-type-none\"><img src=\"http:\/\/renfa.sma.gob.cl\/wp-content\/uploads\/2017\/05\/DSC_0090-300x199.jpg\" alt=\"\"\/><\/div><\/div><\/li><li class=\"fusion-carousel-item\"><div class=\"fusion-carousel-item-wrapper\"><div class=\"fusion-image-wrapper hover-type-none\"><img src=\"http:\/\/renfa.sma.gob.cl\/wp-content\/uploads\/2017\/05\/DSC_0091-300x199.jpg\" alt=\"\"\/><\/div><\/div><\/li><\/ul><div class=\"fusion-carousel-nav\"><span class=\"fusion-nav-prev\"><\/span><span class=\"fusion-nav-next\"><\/span><\/div><\/div><\/div><\/div><div class=\"fusion-clearfix\"><\/div>\n\n\t\t\t\t\t<\/div>\n\t\t\t\t<\/div><\/div><\/div>\n","protected":false},"excerpt":{"rendered":"","protected":false},"author":2,"featured_media":14035,"comment_status":"open","ping_status":"open","sticky":false,"template":"","format":"standard","meta":{"footnotes":""},"categories":[42],"tags":[],"_links":{"self":[{"href":"https:\/\/renfa.sma.gob.cl\/index.php\/wp-json\/wp\/v2\/posts\/14015"}],"collection":[{"href":"https:\/\/renfa.sma.gob.cl\/index.php\/wp-json\/wp\/v2\/posts"}],"about":[{"href":"https:\/\/renfa.sma.gob.cl\/index.php\/wp-json\/wp\/v2\/types\/post"}],"author":[{"embeddable":true,"href":"https:\/\/renfa.sma.gob.cl\/index.php\/wp-json\/wp\/v2\/users\/2"}],"replies":[{"embeddable":true,"href":"https:\/\/renfa.sma.gob.cl\/index.php\/wp-json\/wp\/v2\/comments?post=14015"}],"version-history":[{"count":8,"href":"https:\/\/renfa.sma.gob.cl\/index.php\/wp-json\/wp\/v2\/posts\/14015\/revisions"}],"predecessor-version":[{"id":14615,"href":"https:\/\/renfa.sma.gob.cl\/index.php\/wp-json\/wp\/v2\/posts\/14015\/revisions\/14615"}],"wp:featuredmedia":[{"embeddable":true,"href":"https:\/\/renfa.sma.gob.cl\/index.php\/wp-json\/wp\/v2\/media\/14035"}],"wp:attachment":[{"href":"https:\/\/renfa.sma.gob.cl\/index.php\/wp-json\/wp\/v2\/media?parent=14015"}],"wp:term":[{"taxonomy":"category","embeddable":true,"href":"https:\/\/renfa.sma.gob.cl\/index.php\/wp-json\/wp\/v2\/categories?post=14015"},{"taxonomy":"post_tag","embeddable":true,"href":"https:\/\/renfa.sma.gob.cl\/index.php\/wp-json\/wp\/v2\/tags?post=14015"}],"curies":[{"name":"wp","href":"https:\/\/api.w.org\/{rel}","templated":true}]}}