{"id":14053,"date":"2017-05-11T16:19:29","date_gmt":"2017-05-11T20:19:29","guid":{"rendered":"http:\/\/renfa.sma.gob.cl\/?p=14053"},"modified":"2018-04-06T12:23:13","modified_gmt":"2018-04-06T15:23:13","slug":"vi-consejo-consultivo-renfa","status":"publish","type":"post","link":"https:\/\/renfa.sma.gob.cl\/index.php\/2017\/05\/11\/vi-consejo-consultivo-renfa\/","title":{"rendered":"VI Consejo Consultivo RENFA"},"content":{"rendered":"<div class=\"fusion-fullwidth fullwidth-box hundred-percent-fullwidth non-hundred-percent-height-scrolling\"  style='background-color: #ffffff;background-position: center center;background-repeat: no-repeat;padding-top:0px;padding-right:0px;padding-bottom:0px;padding-left:0px;'><div class=\"fusion-builder-row fusion-row \"><div  class=\"fusion-layout-column fusion_builder_column fusion_builder_column_1_1 fusion-builder-column-1 fusion-one-full fusion-column-first fusion-column-last fusion-column-no-min-height 1_1\"  style='margin-top:0px;margin-bottom:0px;'>\n\t\t\t\t\t<div class=\"fusion-column-wrapper\" style=\"background-position:left top;background-repeat:no-repeat;-webkit-background-size:cover;-moz-background-size:cover;-o-background-size:cover;background-size:cover;\"   data-bg-url=\"\">\n\t\t\t\t\t\t<div class=\"fusion-text\"><p>El jueves 11 de mayo se llev\u00f3 a cabo la sexta versi\u00f3n el consejo consultivo de la Red Nacional de Fiscalizaci\u00f3n Ambiental, instancia que re\u00fane a los jefes de servicios o representantes de los miembros de la red.<\/p>\n<p>La sesi\u00f3n inicio con el estado de los compromisos adquiridos en el consejo pasado, en los cuales se destac\u00f3 la implementaci\u00f3n del Sistema SMA-OS y la adhesi\u00f3n de 6 organismos sectoriales que ya se encuentran utiliz\u00e1ndolo en su marcha blanca.<\/p>\n<p>En t\u00e9rminos de fiscalizaci\u00f3n ambiental, en esta sesi\u00f3n la SMA present\u00f3 un resumen de los resultados de las actividades de fiscalizaci\u00f3n desde 2014 a 2016 en el marco del trabajo conjunto, indicando la evoluci\u00f3n en los criterios y estrategias que se para generar los programas, y el avance de los programas y subprogramas 2017 al mes de mayo. En otro punto de la agenda se present\u00f3 al Consejo un consolidado de los logros obtenidos en el marco de la RENFA y la propuesta del Plan Plurianual 2017-2023 con los principales ejes de trabajo que guiar\u00e1n el trabajo cooperativo de los miembros.<\/p>\n<p>Al final de la sesi\u00f3n, se procedi\u00f3 a la firma del convenio de colaboraci\u00f3n bi-partito entre la Superintendencia del Medio Ambiente, representada por el Superintendente Cristian Franz T.,\u00a0 y el Servicio Nacional de Pesca y Acuicultura, representado por su Director Nacional Sr. Jos\u00e9 Miguel Burgos, el cual viene a reconocer y reforzar los esfuerzos de coordinaci\u00f3n el trabajo colaborativo entre ambos servicios.<\/p>\n<\/div><div class=\"fusion-clearfix\"><\/div>\n\n\t\t\t\t\t<\/div>\n\t\t\t\t<\/div><div  class=\"fusion-layout-column fusion_builder_column fusion_builder_column_1_1 fusion-builder-column-2 fusion-one-full fusion-column-first fusion-column-last fusion-column-no-min-height 1_1\"  style='margin-top:0px;margin-bottom:0px;'>\n\t\t\t\t\t<div class=\"fusion-column-wrapper\" style=\"background-position:left top;background-repeat:no-repeat;-webkit-background-size:cover;-moz-background-size:cover;-o-background-size:cover;background-size:cover;\"   data-bg-url=\"\">\n\t\t\t\t\t\t<div class=\"fusion-image-carousel fusion-image-carousel-fixed lightbox-enabled fusion-carousel-border\"><div class=\"fusion-carousel\" data-autoplay=\"no\" data-columns=\"5\" data-itemmargin=\"1\" data-itemwidth=\"180\" data-touchscroll=\"no\" data-imagesize=\"fixed\"><div class=\"fusion-carousel-positioner\"><ul class=\"fusion-carousel-holder\"><li class=\"fusion-carousel-item\"><div class=\"fusion-carousel-item-wrapper\"><div class=\"fusion-image-wrapper hover-type-none\"><a data-rel=\"iLightbox[image_carousel_1]\" data-caption=\"\" data-title=\"VI Consejo Consultivo RENFA\" aria-label=\"VI Consejo Consultivo RENFA\" href=\"http:\/\/renfa.sma.gob.cl\/wp-content\/uploads\/2017\/05\/DSC_0112-300x199.jpg\" target=\"_self\"><img src=\"http:\/\/renfa.sma.gob.cl\/wp-content\/uploads\/2017\/05\/DSC_0112-300x199.jpg\" alt=\"\"\/><\/a><\/div><\/div><\/li><li class=\"fusion-carousel-item\"><div class=\"fusion-carousel-item-wrapper\"><div class=\"fusion-image-wrapper hover-type-none\"><a data-rel=\"iLightbox[image_carousel_1]\" data-caption=\"\" data-title=\"VI Consejo Consultivo RENFA\" aria-label=\"VI Consejo Consultivo RENFA\" href=\"http:\/\/renfa.sma.gob.cl\/wp-content\/uploads\/2017\/05\/DSC_0106-300x199.jpg\" target=\"_self\"><img src=\"http:\/\/renfa.sma.gob.cl\/wp-content\/uploads\/2017\/05\/DSC_0106-300x199.jpg\" alt=\"\"\/><\/a><\/div><\/div><\/li><li class=\"fusion-carousel-item\"><div class=\"fusion-carousel-item-wrapper\"><div class=\"fusion-image-wrapper hover-type-none\"><a data-rel=\"iLightbox[image_carousel_1]\" data-caption=\"\" data-title=\"VI Consejo Consultivo RENFA\" aria-label=\"VI Consejo Consultivo RENFA\" href=\"http:\/\/renfa.sma.gob.cl\/wp-content\/uploads\/2017\/05\/DSC_0104-1-300x199.jpg\" target=\"_self\"><img src=\"http:\/\/renfa.sma.gob.cl\/wp-content\/uploads\/2017\/05\/DSC_0104-1-300x199.jpg\" alt=\"\"\/><\/a><\/div><\/div><\/li><li class=\"fusion-carousel-item\"><div class=\"fusion-carousel-item-wrapper\"><div class=\"fusion-image-wrapper hover-type-none\"><a data-rel=\"iLightbox[image_carousel_1]\" data-caption=\"\" data-title=\"VI Consejo Consultivo RENFA\" aria-label=\"VI Consejo Consultivo RENFA\" href=\"http:\/\/renfa.sma.gob.cl\/wp-content\/uploads\/2017\/05\/DSC_0106-300x199.jpg\" target=\"_self\"><img src=\"http:\/\/renfa.sma.gob.cl\/wp-content\/uploads\/2017\/05\/DSC_0106-300x199.jpg\" alt=\"\"\/><\/a><\/div><\/div><\/li><li class=\"fusion-carousel-item\"><div class=\"fusion-carousel-item-wrapper\"><div class=\"fusion-image-wrapper hover-type-none\"><a data-rel=\"iLightbox[image_carousel_1]\" data-caption=\"\" data-title=\"VI Consejo Consultivo RENFA\" aria-label=\"VI Consejo Consultivo RENFA\" href=\"http:\/\/renfa.sma.gob.cl\/wp-content\/uploads\/2017\/05\/DSC_0105-300x199.jpg\" target=\"_self\"><img src=\"http:\/\/renfa.sma.gob.cl\/wp-content\/uploads\/2017\/05\/DSC_0105-300x199.jpg\" alt=\"\"\/><\/a><\/div><\/div><\/li><\/ul><div class=\"fusion-carousel-nav\"><span class=\"fusion-nav-prev\"><\/span><span class=\"fusion-nav-next\"><\/span><\/div><\/div><\/div><\/div><div class=\"fusion-clearfix\"><\/div>\n\n\t\t\t\t\t<\/div>\n\t\t\t\t<\/div><\/div><\/div>\n","protected":false},"excerpt":{"rendered":"","protected":false},"author":2,"featured_media":14041,"comment_status":"open","ping_status":"open","sticky":false,"template":"","format":"standard","meta":{"footnotes":""},"categories":[42],"tags":[],"_links":{"self":[{"href":"https:\/\/renfa.sma.gob.cl\/index.php\/wp-json\/wp\/v2\/posts\/14053"}],"collection":[{"href":"https:\/\/renfa.sma.gob.cl\/index.php\/wp-json\/wp\/v2\/posts"}],"about":[{"href":"https:\/\/renfa.sma.gob.cl\/index.php\/wp-json\/wp\/v2\/types\/post"}],"author":[{"embeddable":true,"href":"https:\/\/renfa.sma.gob.cl\/index.php\/wp-json\/wp\/v2\/users\/2"}],"replies":[{"embeddable":true,"href":"https:\/\/renfa.sma.gob.cl\/index.php\/wp-json\/wp\/v2\/comments?post=14053"}],"version-history":[{"count":3,"href":"https:\/\/renfa.sma.gob.cl\/index.php\/wp-json\/wp\/v2\/posts\/14053\/revisions"}],"predecessor-version":[{"id":14614,"href":"https:\/\/renfa.sma.gob.cl\/index.php\/wp-json\/wp\/v2\/posts\/14053\/revisions\/14614"}],"wp:featuredmedia":[{"embeddable":true,"href":"https:\/\/renfa.sma.gob.cl\/index.php\/wp-json\/wp\/v2\/media\/14041"}],"wp:attachment":[{"href":"https:\/\/renfa.sma.gob.cl\/index.php\/wp-json\/wp\/v2\/media?parent=14053"}],"wp:term":[{"taxonomy":"category","embeddable":true,"href":"https:\/\/renfa.sma.gob.cl\/index.php\/wp-json\/wp\/v2\/categories?post=14053"},{"taxonomy":"post_tag","embeddable":true,"href":"https:\/\/renfa.sma.gob.cl\/index.php\/wp-json\/wp\/v2\/tags?post=14053"}],"curies":[{"name":"wp","href":"https:\/\/api.w.org\/{rel}","templated":true}]}}