{"id":14079,"date":"2017-05-11T16:24:34","date_gmt":"2017-05-11T20:24:34","guid":{"rendered":"http:\/\/renfa.sma.gob.cl\/?p=14079"},"modified":"2018-04-06T12:23:13","modified_gmt":"2018-04-06T15:23:13","slug":"sma-y-sernapesca-firman-protocolo-de-colaboracion","status":"publish","type":"post","link":"https:\/\/renfa.sma.gob.cl\/index.php\/2017\/05\/11\/sma-y-sernapesca-firman-protocolo-de-colaboracion\/","title":{"rendered":"SMA y Sernapesca firman protocolo de colaboraci\u00f3n"},"content":{"rendered":"<div class=\"fusion-fullwidth fullwidth-box hundred-percent-fullwidth non-hundred-percent-height-scrolling\"  style='background-color: #ffffff;background-position: center center;background-repeat: no-repeat;padding-top:0px;padding-right:0px;padding-bottom:0px;padding-left:0px;'><div class=\"fusion-builder-row fusion-row \"><div  class=\"fusion-layout-column fusion_builder_column fusion_builder_column_1_1 fusion-builder-column-1 fusion-one-full fusion-column-first fusion-column-last fusion-column-no-min-height 1_1\"  style='margin-top:0px;margin-bottom:0px;'>\n\t\t\t\t\t<div class=\"fusion-column-wrapper\" style=\"background-position:left top;background-repeat:no-repeat;-webkit-background-size:cover;-moz-background-size:cover;-o-background-size:cover;background-size:cover;\"   data-bg-url=\"\">\n\t\t\t\t\t\t<div class=\"fusion-text\"><p><strong>Santiago, 11 de mayo de 2017.<\/strong> Este mediod\u00eda el Superintendente del Medio Ambiente, Cristi\u00e1n Franz, junto al Director Nacional del Servicio Nacional de Pesca y Acuicultura (Sernapesca), Jos\u00e9 Miguel Burgos, firmaron un protocolo de colaboraci\u00f3n entre ambas instituciones, el cual se enmarca dentro de la Red Nacional de Fiscalizaci\u00f3n Ambiental (RENFA).<\/p>\n<p>Dicho protocolo establece la forma en que SERNAPESCA colaborar\u00e1 con la fiscalizaci\u00f3n ambiental de acuerdo al modelo establecido en la Ley Org\u00e1nica de la Superintendencia del Medio Ambiente (LOSMA);\u00a0 define un procedimiento para la gesti\u00f3n de denuncias; se definen las actividades de coordinaci\u00f3n entre ambos organismos en caso de situaciones de riesgo para la biodiversidad y\/o los recursos naturales generadas por actividades que se encuentren sujetas a las potestades de la SMA; explica c\u00f3mo SERNAPESCA colaborar\u00e1 en los procedimientos sancionatorios iniciados por la SMA y enumera c\u00f3mo ambas instituciones compartir\u00e1n informaci\u00f3n y participar\u00e1n en capacitaciones.<\/p>\n<p>Tambi\u00e9n se aborda el pr\u00e9stamo de equipos tecnol\u00f3gicos desde la SMA a Sernapesca. Un caso exitoso\u00a0 ha sido el comodato del uso del Robot Submarino (ROV), el cual ha sido utilizado para fiscalizar centros de cultivo salmonero en la zona sur del pa\u00eds.<\/p>\n<p>En el documento se fija que la SMA en conjunto con Sernapesca podr\u00e1 definir procedimientos, criterios, metodolog\u00edas y t\u00e9cnicas espec\u00edficas de fiscalizaci\u00f3n con el objeto de uniformar los criterios de ambas instituciones al momento de realizar las inspecciones correspondientes.<\/p>\n<p>\u201cPara nosotros la firma de este convenio es muy relevante porque es fruto de un trabajo que venimos realizando desde hace tres a\u00f1os con Sernapesca. Hemos logrado establecer un m\u00e9todo de trabajo que ha sido muy provechoso para las dos instituciones\u201d, se\u00f1al\u00f3 el Superintendente Franz. A\u00f1adi\u00f3 que el convenio \u201cpermitir\u00e1 generar una coordinaci\u00f3n muy fina y muy estrecha a la hora de planificar las fiscalizaciones. Adem\u00e1s, Sernapesca podr\u00e1 ejecutar por su propia cuenta actividades y luego reportar a la SMA los resultados, porque \u00e9stas ya cuentan con una metodolog\u00eda y una forma de hacer las cosas validada por nosotros\u201d.<\/p>\n<p>El director Burgos afirm\u00f3 que \u201cesta es la forma moderna de hacer fiscalizaci\u00f3n. Esta es la forma en que las instituciones se modernizan y colaboran, no compiten, y pueden optimizar los recursos de todos los chilenos en pos de un objetivo com\u00fan. Estamos muy contentos de firmar este convenio con la Superintendencia\u201d.<\/p>\n<p>Respecto al impacto que este protocolo entre la SMA y Sernapesca puede generar en las empresas sujetas a fiscalizaci\u00f3n, el Superintendente Franz sostuvo que \u201cen el pa\u00eds habr\u00e1 cada d\u00eda m\u00e1s y mejor fiscalizaci\u00f3n. La Superintendencia ha ido creciendo en estos a\u00f1os, y este proceso continuar\u00e1 lo cual permite amplificar nuestra capacidad fiscalizadora. Creo que ac\u00e1 se est\u00e1 produciendo un fen\u00f3meno virtuoso, donde el crecimiento de la SMA va acompa\u00f1ado de una mejora en la cultura de negocios a nivel de la industria, y donde el proceso de adaptaci\u00f3n de las empresas a esta institucionalidad ambiental fortalecida, se est\u00e1 dando adecuadamente\u201d. Por su parte, el director Burgos expres\u00f3: \u201ctodos los chilenos van a poder contar con una fiscalizaci\u00f3n para el cumplimiento de los est\u00e1ndares y normas que hoy son parte de nuestra legislaci\u00f3n. Vamos a poder optimizar, logrando mayor cobertura e intercambio de informaci\u00f3n. Esto va a permitir a ambas instituciones hacer mucho m\u00e1s eficiente nuestro rol fiscalizador\u201d.<\/p>\n<div class='w3eden'><!-- WPDM Link Template: Call to Action 3 -->\n\n<div class=\"well c2a3\">\n    <div class=\"media\">\n        <div class=\"mr-3\" align=\"left\">\n            <img class=\"wpdm_icon\" alt=\"Icon\" src=\"https:\/\/renfa.sma.gob.cl\/wp-content\/plugins\/download-manager\/assets\/file-type-icons\/PDF.svg\" onError='this.src=\"https:\/\/renfa.sma.gob.cl\/wp-content\/plugins\/download-manager\/assets\/file-type-icons\/unknown.svg\";' \/>\n        <\/div>\n        <div class=\"media-body\">\n            <h3 class=\"media-heading\" style=\"padding-top: 0px;border:0px;margin: 0 0 5px 0;font-size:12pt;\">\n                <a style=\"font-weight: 700\" href=\"https:\/\/renfa.sma.gob.cl\/index.php\/download\/protocolo-colaboracion-sernapesca-sma\/\">03. Convenio colaboraci\u00f3n SERNAPESCA-SMA_R.E 463\/2017<\/a>\n                <span style=\"font-size:8pt;font-weight:300\" class=\"text-muted ml-4\">\n                    <i class=\"fa fa-hdd mr-1\"><\/i> 5.06 MB\n                    <i class=\"ml-3 fa fa-arrow-alt-circle-down mr-1\"><\/i> 275 downloads\n                <\/span>\n            <\/h3>\n            ...\n        <\/div>\n        <div class=\"ml-3\" align=\"right\">\n            <a class='wpdm-download-link download-on-click btn btn-primary ' rel='nofollow' href='#' data-downloadurl=\"https:\/\/renfa.sma.gob.cl\/index.php\/download\/protocolo-colaboracion-sernapesca-sma\/?wpdmdl=14084&refresh=69edd7896945a1777194889\">DESCARGAR<\/a>\n        <\/div>\n    <\/div>\n\n<\/div>\n<style>\n    .well.c2a3 .btn {\n        padding: 11px 30px;\n        font-size: 11pt;\n    }\n\n    .well.c2a3 .media-body {\n        font-size: 11pt;\n    }\n\n    .well.c2a3 .wpdm_icon {\n        height: 42px;\n        width: auto;\n    }<\/style><\/div>\n<\/div><div class=\"fusion-clearfix\"><\/div>\n\n\t\t\t\t\t<\/div>\n\t\t\t\t<\/div><div  class=\"fusion-layout-column fusion_builder_column fusion_builder_column_1_1 fusion-builder-column-2 fusion-one-full fusion-column-first fusion-column-last fusion-column-no-min-height 1_1\"  style='margin-top:0px;margin-bottom:0px;'>\n\t\t\t\t\t<div class=\"fusion-column-wrapper\" style=\"background-position:left top;background-repeat:no-repeat;-webkit-background-size:cover;-moz-background-size:cover;-o-background-size:cover;background-size:cover;\"   data-bg-url=\"\">\n\t\t\t\t\t\t<div class=\"fusion-image-carousel fusion-image-carousel-fixed lightbox-enabled fusion-carousel-border\"><div class=\"fusion-carousel\" data-autoplay=\"yes\" data-columns=\"5\" data-itemmargin=\"1\" data-itemwidth=\"180\" data-touchscroll=\"no\" data-imagesize=\"fixed\"><div class=\"fusion-carousel-positioner\"><ul class=\"fusion-carousel-holder\"><li class=\"fusion-carousel-item\"><div class=\"fusion-carousel-item-wrapper\"><div class=\"fusion-image-wrapper hover-type-none\"><a data-rel=\"iLightbox[image_carousel_1]\" data-caption=\"\" data-title=\"SMA y Sernapesca firman protocolo de colaboraci\u00f3n\" aria-label=\"SMA y Sernapesca firman protocolo de colaboraci\u00f3n\" href=\"http:\/\/renfa.sma.gob.cl\/wp-content\/uploads\/2017\/05\/DSC_0124-300x199.jpg\" target=\"_self\"><img src=\"http:\/\/renfa.sma.gob.cl\/wp-content\/uploads\/2017\/05\/DSC_0124-300x199.jpg\" alt=\"\"\/><\/a><\/div><\/div><\/li><li class=\"fusion-carousel-item\"><div class=\"fusion-carousel-item-wrapper\"><div class=\"fusion-image-wrapper hover-type-none\"><a data-rel=\"iLightbox[image_carousel_1]\" data-caption=\"\" data-title=\"SMA y Sernapesca firman protocolo de colaboraci\u00f3n\" aria-label=\"SMA y Sernapesca firman protocolo de colaboraci\u00f3n\" href=\"http:\/\/renfa.sma.gob.cl\/wp-content\/uploads\/2017\/05\/DSC_0118-300x199.jpg\" target=\"_self\"><img src=\"http:\/\/renfa.sma.gob.cl\/wp-content\/uploads\/2017\/05\/DSC_0118-300x199.jpg\" alt=\"\"\/><\/a><\/div><\/div><\/li><li class=\"fusion-carousel-item\"><div class=\"fusion-carousel-item-wrapper\"><div class=\"fusion-image-wrapper hover-type-none\"><a data-rel=\"iLightbox[image_carousel_1]\" data-caption=\"\" data-title=\"SMA y Sernapesca firman protocolo de colaboraci\u00f3n\" aria-label=\"SMA y Sernapesca firman protocolo de colaboraci\u00f3n\" href=\"http:\/\/renfa.sma.gob.cl\/wp-content\/uploads\/2017\/05\/DSC_0130-300x199.jpg\" target=\"_self\"><img src=\"http:\/\/renfa.sma.gob.cl\/wp-content\/uploads\/2017\/05\/DSC_0130-300x199.jpg\" alt=\"\"\/><\/a><\/div><\/div><\/li><li class=\"fusion-carousel-item\"><div class=\"fusion-carousel-item-wrapper\"><div class=\"fusion-image-wrapper hover-type-none\"><a data-rel=\"iLightbox[image_carousel_1]\" data-caption=\"\" data-title=\"SMA y Sernapesca firman protocolo de colaboraci\u00f3n\" aria-label=\"SMA y Sernapesca firman protocolo de colaboraci\u00f3n\" href=\"http:\/\/renfa.sma.gob.cl\/wp-content\/uploads\/2017\/05\/DSC_0121-300x199.jpg\" target=\"_self\"><img src=\"http:\/\/renfa.sma.gob.cl\/wp-content\/uploads\/2017\/05\/DSC_0121-300x199.jpg\" alt=\"\"\/><\/a><\/div><\/div><\/li><li class=\"fusion-carousel-item\"><div class=\"fusion-carousel-item-wrapper\"><div class=\"fusion-image-wrapper hover-type-none\"><a data-rel=\"iLightbox[image_carousel_1]\" data-caption=\"\" data-title=\"SMA y Sernapesca firman protocolo de colaboraci\u00f3n\" aria-label=\"SMA y Sernapesca firman protocolo de colaboraci\u00f3n\" href=\"http:\/\/renfa.sma.gob.cl\/wp-content\/uploads\/2017\/05\/DSC_0117-300x199.jpg\" target=\"_self\"><img src=\"http:\/\/renfa.sma.gob.cl\/wp-content\/uploads\/2017\/05\/DSC_0117-300x199.jpg\" alt=\"\"\/><\/a><\/div><\/div><\/li><\/ul><div class=\"fusion-carousel-nav\"><span class=\"fusion-nav-prev\"><\/span><span class=\"fusion-nav-next\"><\/span><\/div><\/div><\/div><\/div><div class=\"fusion-clearfix\"><\/div>\n\n\t\t\t\t\t<\/div>\n\t\t\t\t<\/div><\/div><\/div>\n","protected":false},"excerpt":{"rendered":"","protected":false},"author":2,"featured_media":14081,"comment_status":"open","ping_status":"open","sticky":false,"template":"","format":"standard","meta":{"footnotes":""},"categories":[42],"tags":[],"_links":{"self":[{"href":"https:\/\/renfa.sma.gob.cl\/index.php\/wp-json\/wp\/v2\/posts\/14079"}],"collection":[{"href":"https:\/\/renfa.sma.gob.cl\/index.php\/wp-json\/wp\/v2\/posts"}],"about":[{"href":"https:\/\/renfa.sma.gob.cl\/index.php\/wp-json\/wp\/v2\/types\/post"}],"author":[{"embeddable":true,"href":"https:\/\/renfa.sma.gob.cl\/index.php\/wp-json\/wp\/v2\/users\/2"}],"replies":[{"embeddable":true,"href":"https:\/\/renfa.sma.gob.cl\/index.php\/wp-json\/wp\/v2\/comments?post=14079"}],"version-history":[{"count":4,"href":"https:\/\/renfa.sma.gob.cl\/index.php\/wp-json\/wp\/v2\/posts\/14079\/revisions"}],"predecessor-version":[{"id":14613,"href":"https:\/\/renfa.sma.gob.cl\/index.php\/wp-json\/wp\/v2\/posts\/14079\/revisions\/14613"}],"wp:featuredmedia":[{"embeddable":true,"href":"https:\/\/renfa.sma.gob.cl\/index.php\/wp-json\/wp\/v2\/media\/14081"}],"wp:attachment":[{"href":"https:\/\/renfa.sma.gob.cl\/index.php\/wp-json\/wp\/v2\/media?parent=14079"}],"wp:term":[{"taxonomy":"category","embeddable":true,"href":"https:\/\/renfa.sma.gob.cl\/index.php\/wp-json\/wp\/v2\/categories?post=14079"},{"taxonomy":"post_tag","embeddable":true,"href":"https:\/\/renfa.sma.gob.cl\/index.php\/wp-json\/wp\/v2\/tags?post=14079"}],"curies":[{"name":"wp","href":"https:\/\/api.w.org\/{rel}","templated":true}]}}