{"id":14138,"date":"2017-07-21T11:43:39","date_gmt":"2017-07-21T15:43:39","guid":{"rendered":"http:\/\/renfa.sma.gob.cl\/?p=14138"},"modified":"2018-04-06T12:23:13","modified_gmt":"2018-04-06T15:23:13","slug":"jornada-de-trabajo-en-torno-al-plan-renfa","status":"publish","type":"post","link":"https:\/\/renfa.sma.gob.cl\/index.php\/2017\/07\/21\/jornada-de-trabajo-en-torno-al-plan-renfa\/","title":{"rendered":"Jornada de trabajo en torno al Plan RENFA"},"content":{"rendered":"<div class=\"fusion-fullwidth fullwidth-box hundred-percent-fullwidth non-hundred-percent-height-scrolling\"  style='background-color: #ffffff;background-position: center center;background-repeat: no-repeat;padding-top:0px;padding-right:0px;padding-bottom:0px;padding-left:0px;'><div class=\"fusion-builder-row fusion-row \"><div  class=\"fusion-layout-column fusion_builder_column fusion_builder_column_1_1 fusion-builder-column-1 fusion-one-full fusion-column-first fusion-column-last fusion-column-no-min-height 1_1\"  style='margin-top:0px;margin-bottom:0px;'>\n\t\t\t\t\t<div class=\"fusion-column-wrapper\" style=\"background-position:left top;background-repeat:no-repeat;-webkit-background-size:cover;-moz-background-size:cover;-o-background-size:cover;background-size:cover;\"   data-bg-url=\"\">\n\t\t\t\t\t\t<div class=\"fusion-text\"><p>Desde marzo del presente a\u00f1o se ha llevado a cabo el proceso de actualizaci\u00f3n del Plan de Trabajo de la Red Nacional de Fiscalizaci\u00f3n, que busca generar una nueva hoja de ruta para al quehacer de la Red en el mediano plazo.<\/p>\n<p>La generaci\u00f3n de un nuevo Plan de Trabajo, surge de la necesidad de adaptar el actual a los nuevos desaf\u00edos y oportunidades identificadas conjuntamente con los organismos miembros de la RENFA en los a\u00f1os de trabajo conjunto. En ese sentido, la generaci\u00f3n y formalizaci\u00f3n de un nuevo Plan de trabajo es un punto clave para el \u00e9xito de la consolidaci\u00f3n de la RENFA como Red de colaboraci\u00f3n.<\/p>\n<p>En este contexto, el jueves 20 de julio fueron convocados los miembros de la Red, para una \u00faltima instancia de validaci\u00f3n de los ejes, l\u00edneas y acciones propuestas para los pr\u00f3ximos seis a\u00f1os de trabajo.<\/p>\n<p>El proceso de actualizaci\u00f3n del Plan, cont\u00f3 con una etapa diagn\u00f3stica, una de generaci\u00f3n de la propuesta inicial, y un periodo formal de consulta en donde cada organismo miembros tuvo la oportunidad de entregar sus comentarios y observaciones.<\/p>\n<p>Tras esta \u00faltima jornada de trabajo colaborativo, el documento final se espera sea formalizado en prontamente por la\u00a0 Superintendencia del Medio Ambiente, en su rol de Secretar\u00eda Ejecutiva.<\/p>\n<p>Para mayor informaci\u00f3n hacer clic <span style=\"color: #0000ff;\"><strong><a style=\"color: #0000ff;\" href=\"http:\/\/renfa.sma.gob.cl\/index.php\/2017\/07\/21\/plan-renfa-2017-2023\/\">aqu\u00ed<\/a><\/strong><\/span><\/p>\n<p>&nbsp;<\/p>\n<p>&nbsp;<\/p>\n<\/div><div class=\"fusion-clearfix\"><\/div>\n\n\t\t\t\t\t<\/div>\n\t\t\t\t<\/div><div  class=\"fusion-layout-column fusion_builder_column fusion_builder_column_1_1 fusion-builder-column-2 fusion-one-full fusion-column-first fusion-column-last fusion-column-no-min-height 1_1\"  style='margin-top:0px;margin-bottom:0px;'>\n\t\t\t\t\t<div class=\"fusion-column-wrapper\" style=\"background-position:left top;background-repeat:no-repeat;-webkit-background-size:cover;-moz-background-size:cover;-o-background-size:cover;background-size:cover;\"   data-bg-url=\"\">\n\t\t\t\t\t\t<div class=\"fusion-image-carousel fusion-image-carousel-fixed lightbox-enabled fusion-carousel-border\"><div class=\"fusion-carousel\" data-autoplay=\"no\" data-columns=\"5\" data-itemmargin=\"13\" data-itemwidth=\"180\" data-touchscroll=\"no\" data-imagesize=\"fixed\"><div class=\"fusion-carousel-positioner\"><ul class=\"fusion-carousel-holder\"><li class=\"fusion-carousel-item\"><div class=\"fusion-carousel-item-wrapper\"><div class=\"fusion-image-wrapper hover-type-none\"><a data-rel=\"iLightbox[image_carousel_1]\" data-caption=\"\" data-title=\"Jornada de trabajo en torno al Plan RENFA\" aria-label=\"Jornada de trabajo en torno al Plan RENFA\" href=\"http:\/\/renfa.sma.gob.cl\/wp-content\/uploads\/2017\/07\/IMG_20170720_092554-300x168.jpg\" target=\"_self\"><img src=\"http:\/\/renfa.sma.gob.cl\/wp-content\/uploads\/2017\/07\/IMG_20170720_092554-300x168.jpg\" alt=\"\"\/><\/a><\/div><\/div><\/li><li class=\"fusion-carousel-item\"><div class=\"fusion-carousel-item-wrapper\"><div class=\"fusion-image-wrapper hover-type-none\"><a data-rel=\"iLightbox[image_carousel_1]\" data-caption=\"\" data-title=\"Jornada de trabajo en torno al Plan RENFA\" aria-label=\"Jornada de trabajo en torno al Plan RENFA\" href=\"http:\/\/renfa.sma.gob.cl\/wp-content\/uploads\/2017\/07\/IMG_20170720_092602-300x168.jpg\" target=\"_self\"><img src=\"http:\/\/renfa.sma.gob.cl\/wp-content\/uploads\/2017\/07\/IMG_20170720_092602-300x168.jpg\" alt=\"\"\/><\/a><\/div><\/div><\/li><li class=\"fusion-carousel-item\"><div class=\"fusion-carousel-item-wrapper\"><div class=\"fusion-image-wrapper hover-type-none\"><a data-rel=\"iLightbox[image_carousel_1]\" data-caption=\"\" data-title=\"Jornada de trabajo en torno al Plan RENFA\" aria-label=\"Jornada de trabajo en torno al Plan RENFA\" href=\"http:\/\/renfa.sma.gob.cl\/wp-content\/uploads\/2017\/07\/IMG_20170720_093026-300x168.jpg\" target=\"_self\"><img src=\"http:\/\/renfa.sma.gob.cl\/wp-content\/uploads\/2017\/07\/IMG_20170720_093026-300x168.jpg\" alt=\"\"\/><\/a><\/div><\/div><\/li><li class=\"fusion-carousel-item\"><div class=\"fusion-carousel-item-wrapper\"><div class=\"fusion-image-wrapper hover-type-none\"><a data-rel=\"iLightbox[image_carousel_1]\" data-caption=\"\" data-title=\"Jornada de trabajo en torno al Plan RENFA\" aria-label=\"Jornada de trabajo en torno al Plan RENFA\" href=\"http:\/\/renfa.sma.gob.cl\/wp-content\/uploads\/2017\/07\/IMG_20170720_093032-300x168.jpg\" target=\"_self\"><img src=\"http:\/\/renfa.sma.gob.cl\/wp-content\/uploads\/2017\/07\/IMG_20170720_093032-300x168.jpg\" alt=\"\"\/><\/a><\/div><\/div><\/li><li class=\"fusion-carousel-item\"><div class=\"fusion-carousel-item-wrapper\"><div class=\"fusion-image-wrapper hover-type-none\"><a data-rel=\"iLightbox[image_carousel_1]\" data-caption=\"\" data-title=\"Jornada de trabajo en torno al Plan RENFA\" aria-label=\"Jornada de trabajo en torno al Plan RENFA\" href=\"http:\/\/renfa.sma.gob.cl\/wp-content\/uploads\/2017\/07\/IMG_20170720_093033-300x168.jpg\" target=\"_self\"><img src=\"http:\/\/renfa.sma.gob.cl\/wp-content\/uploads\/2017\/07\/IMG_20170720_093033-300x168.jpg\" alt=\"\"\/><\/a><\/div><\/div><\/li><\/ul><div class=\"fusion-carousel-nav\"><span class=\"fusion-nav-prev\"><\/span><span class=\"fusion-nav-next\"><\/span><\/div><\/div><\/div><\/div><div class=\"fusion-clearfix\"><\/div>\n\n\t\t\t\t\t<\/div>\n\t\t\t\t<\/div><\/div><\/div>\n","protected":false},"excerpt":{"rendered":"","protected":false},"author":2,"featured_media":14139,"comment_status":"open","ping_status":"open","sticky":false,"template":"","format":"standard","meta":{"footnotes":""},"categories":[42],"tags":[],"_links":{"self":[{"href":"https:\/\/renfa.sma.gob.cl\/index.php\/wp-json\/wp\/v2\/posts\/14138"}],"collection":[{"href":"https:\/\/renfa.sma.gob.cl\/index.php\/wp-json\/wp\/v2\/posts"}],"about":[{"href":"https:\/\/renfa.sma.gob.cl\/index.php\/wp-json\/wp\/v2\/types\/post"}],"author":[{"embeddable":true,"href":"https:\/\/renfa.sma.gob.cl\/index.php\/wp-json\/wp\/v2\/users\/2"}],"replies":[{"embeddable":true,"href":"https:\/\/renfa.sma.gob.cl\/index.php\/wp-json\/wp\/v2\/comments?post=14138"}],"version-history":[{"count":4,"href":"https:\/\/renfa.sma.gob.cl\/index.php\/wp-json\/wp\/v2\/posts\/14138\/revisions"}],"predecessor-version":[{"id":14611,"href":"https:\/\/renfa.sma.gob.cl\/index.php\/wp-json\/wp\/v2\/posts\/14138\/revisions\/14611"}],"wp:featuredmedia":[{"embeddable":true,"href":"https:\/\/renfa.sma.gob.cl\/index.php\/wp-json\/wp\/v2\/media\/14139"}],"wp:attachment":[{"href":"https:\/\/renfa.sma.gob.cl\/index.php\/wp-json\/wp\/v2\/media?parent=14138"}],"wp:term":[{"taxonomy":"category","embeddable":true,"href":"https:\/\/renfa.sma.gob.cl\/index.php\/wp-json\/wp\/v2\/categories?post=14138"},{"taxonomy":"post_tag","embeddable":true,"href":"https:\/\/renfa.sma.gob.cl\/index.php\/wp-json\/wp\/v2\/tags?post=14138"}],"curies":[{"name":"wp","href":"https:\/\/api.w.org\/{rel}","templated":true}]}}