{"id":14424,"date":"2017-11-02T11:21:52","date_gmt":"2017-11-02T14:21:52","guid":{"rendered":"http:\/\/renfa.sma.gob.cl\/?p=14424"},"modified":"2018-04-06T12:23:12","modified_gmt":"2018-04-06T15:23:12","slug":"plan-de-trabajo-renfa","status":"publish","type":"post","link":"https:\/\/renfa.sma.gob.cl\/index.php\/2017\/11\/02\/plan-de-trabajo-renfa\/","title":{"rendered":"Plan de trabajo RENFA"},"content":{"rendered":"<p>Con la dictaci\u00f3n de la Resoluci\u00f3n Exenta N\u00b0 129, del 30 de octubre de 2017, fue formalizado el Plan de Trabajo RENFA para el periodo 2017-2023.<\/p>\n<p>El Plan, construido en forma cooperativa con los miembros de la RENFA, establece los ejes estrat\u00e9gicos, l\u00edneas de trabajo, acciones y metas que guiar\u00e1n el desarrollo de la Red en los pr\u00f3ximos 6 a\u00f1os.<\/p>\n<p>Los ejes estrat\u00e9gicos definidos para \u00e9ste periodo son:<\/p>\n<ul>\n<li><strong>Gesti\u00f3n de Fiscalizaci\u00f3n<\/strong>: Enfocado en resolver y\/o coordinar los aspectos operativos y pr\u00e1cticos de los procesos de fiscalizaci\u00f3n de los distintos instrumentos de car\u00e1cter ambiental, y otras interacciones entre la SMA y los OS.<\/li>\n<li><strong>Gesti\u00f3n de Competencias<\/strong>: Enfocado en el robustecimiento t\u00e9cnico de los funcionarios que desempe\u00f1an actividades de fiscalizaci\u00f3n ambiental, y de otros actores de inter\u00e9s que ejecutan en forma continua o espor\u00e1dica actividades de fiscalizaci\u00f3n ambiental.<\/li>\n<li><strong>Gesti\u00f3n Comunicacional:<\/strong> Enfocado en la gesti\u00f3n de la informaci\u00f3n asociada la RENFA, lo que implica vinculaci\u00f3n y difusi\u00f3n interna entre los miembros de la Red y la difusi\u00f3n externa a la comunidad en general, considerando el componente comunicacional hacia regulados con el fin de promocionar el cumplimiento ambiental como herramienta preventiva de gesti\u00f3n ambiental nacional.<\/li>\n<li><strong>Gesti\u00f3n de fortalecimiento institucional<\/strong>: Enfocado en dise\u00f1ar e implementar estrategias, herramientas y\/o mecanismos que permitan proporcionar una perspectiva integral en las acciones de fiscalizaci\u00f3n, sanci\u00f3n y de promoci\u00f3n de cumplimiento ambiental, en forma eficaz y eficiente.<\/li>\n<\/ul>\n<p>Dentro de la l\u00edneas de trabajo mas relevantes se encuentran la cooperaci\u00f3n t\u00e9cnica en distintos niveles entre los organismos fiscalizadores, capacitaciones de diversas \u00edndoles, la vinculaci\u00f3n con \u00a0otros actores de inter\u00e9s (MMA, SEA, municipalidades y gobiernos regionales), la retroalimentaci\u00f3n al procedimiento de evaluaci\u00f3n ambiental, y la b\u00fasqueda de recursos exclusivos para las labores de fiscalizaci\u00f3n ambiental.<\/p>\n<p>El avance del Plan se efectuar\u00e1 al finalizar el a\u00f1o calendario en los Consejos Consultivos de la RENFA, pudiendo en base a los resultados preliminares, solicitar modificaciones y\/o actualizaciones a las l\u00edneas de trabajo que se estimen pertinentes.<\/p>\n<p>Para mayor informaci\u00f3n sobre el proceso de construcci\u00f3n del Plan, haz clic<strong><span style=\"color: #0000ff;\"> <a href=\"http:\/\/renfa.sma.gob.cl\/index.php\/2017\/07\/21\/plan-renfa-2017-2023\/\">aqu\u00ed<\/a><\/span><\/strong><\/p>\n<p>Descarga la Resoluci\u00f3n Exenta<\/p>\n<div class=\"fusion-fullwidth fullwidth-box hundred-percent-fullwidth non-hundred-percent-height-scrolling\"  style='background-color: #ffffff;background-position: center center;background-repeat: no-repeat;padding-top:0px;padding-right:0px;padding-bottom:0px;padding-left:0px;'><div class=\"fusion-builder-row fusion-row \"><div  class=\"fusion-layout-column fusion_builder_column fusion_builder_column_1_1 fusion-builder-column-1 fusion-one-full fusion-column-first fusion-column-last fusion-column-no-min-height 1_1\"  style='margin-top:0px;margin-bottom:0px;'>\n\t\t\t\t\t<div class=\"fusion-column-wrapper\" style=\"background-position:left top;background-repeat:no-repeat;-webkit-background-size:cover;-moz-background-size:cover;-o-background-size:cover;background-size:cover;\"   data-bg-url=\"\">\n\t\t\t\t\t\t<div class='w3eden'><!-- WPDM Link Template: Call to Action 3 -->\n\n<div class=\"well c2a3\">\n    <div class=\"media\">\n        <div class=\"mr-3\" align=\"left\">\n            <img class=\"wpdm_icon\" alt=\"Icon\" src=\"https:\/\/renfa.sma.gob.cl\/wp-content\/plugins\/download-manager\/assets\/file-type-icons\/PDF.svg\" onError='this.src=\"https:\/\/renfa.sma.gob.cl\/wp-content\/plugins\/download-manager\/assets\/file-type-icons\/unknown.svg\";' \/>\n        <\/div>\n        <div class=\"media-body\">\n            <h3 class=\"media-heading\" style=\"padding-top: 0px;border:0px;margin: 0 0 5px 0;font-size:12pt;\">\n                <a style=\"font-weight: 700\" href=\"https:\/\/renfa.sma.gob.cl\/index.php\/download\/r-e-n-1292-plan-renfa-2017-2023\/\">R.E N\u00b0 1292 - Plan RENFA 2017-2023<\/a>\n                <span style=\"font-size:8pt;font-weight:300\" class=\"text-muted ml-4\">\n                    <i class=\"fa fa-hdd mr-1\"><\/i> 4.69 MB\n                    <i class=\"ml-3 fa fa-arrow-alt-circle-down mr-1\"><\/i> 739 downloads\n                <\/span>\n            <\/h3>\n            ...\n        <\/div>\n        <div class=\"ml-3\" align=\"right\">\n            <a class='wpdm-download-link download-on-click btn btn-primary ' rel='nofollow' href='#' data-downloadurl=\"https:\/\/renfa.sma.gob.cl\/index.php\/download\/r-e-n-1292-plan-renfa-2017-2023\/?wpdmdl=14404&refresh=69ed9a09d96781777179145\">Descargar<\/a>\n        <\/div>\n    <\/div>\n\n<\/div>\n<style>\n    .well.c2a3 .btn {\n        padding: 11px 30px;\n        font-size: 11pt;\n    }\n\n    .well.c2a3 .media-body {\n        font-size: 11pt;\n    }\n\n    .well.c2a3 .wpdm_icon {\n        height: 42px;\n        width: auto;\n    }<\/style><\/div>\n<p>&nbsp;<div class=\"fusion-clearfix\"><\/div>\n\n\t\t\t\t\t<\/div>\n\t\t\t\t<\/div><\/div><\/div>\n","protected":false},"excerpt":{"rendered":"<p>Con la dictaci\u00f3n de la Resoluci\u00f3n Exenta N\u00b0 129, del 30 de octubre de 2017, fue formalizado el Plan de Trabajo RENFA para el periodo 2017-2023. El Plan, construido en forma cooperativa con los miembros de la RENFA, establece los ejes estrat\u00e9gicos, l\u00edneas de trabajo, acciones y metas que guiar\u00e1n el desarrollo de la Red en [&hellip;]<\/p>\n","protected":false},"author":2,"featured_media":14425,"comment_status":"open","ping_status":"open","sticky":false,"template":"","format":"standard","meta":{"footnotes":""},"categories":[42],"tags":[],"_links":{"self":[{"href":"https:\/\/renfa.sma.gob.cl\/index.php\/wp-json\/wp\/v2\/posts\/14424"}],"collection":[{"href":"https:\/\/renfa.sma.gob.cl\/index.php\/wp-json\/wp\/v2\/posts"}],"about":[{"href":"https:\/\/renfa.sma.gob.cl\/index.php\/wp-json\/wp\/v2\/types\/post"}],"author":[{"embeddable":true,"href":"https:\/\/renfa.sma.gob.cl\/index.php\/wp-json\/wp\/v2\/users\/2"}],"replies":[{"embeddable":true,"href":"https:\/\/renfa.sma.gob.cl\/index.php\/wp-json\/wp\/v2\/comments?post=14424"}],"version-history":[{"count":2,"href":"https:\/\/renfa.sma.gob.cl\/index.php\/wp-json\/wp\/v2\/posts\/14424\/revisions"}],"predecessor-version":[{"id":14606,"href":"https:\/\/renfa.sma.gob.cl\/index.php\/wp-json\/wp\/v2\/posts\/14424\/revisions\/14606"}],"wp:featuredmedia":[{"embeddable":true,"href":"https:\/\/renfa.sma.gob.cl\/index.php\/wp-json\/wp\/v2\/media\/14425"}],"wp:attachment":[{"href":"https:\/\/renfa.sma.gob.cl\/index.php\/wp-json\/wp\/v2\/media?parent=14424"}],"wp:term":[{"taxonomy":"category","embeddable":true,"href":"https:\/\/renfa.sma.gob.cl\/index.php\/wp-json\/wp\/v2\/categories?post=14424"},{"taxonomy":"post_tag","embeddable":true,"href":"https:\/\/renfa.sma.gob.cl\/index.php\/wp-json\/wp\/v2\/tags?post=14424"}],"curies":[{"name":"wp","href":"https:\/\/api.w.org\/{rel}","templated":true}]}}