{"id":14464,"date":"2017-12-21T16:34:29","date_gmt":"2017-12-21T19:34:29","guid":{"rendered":"http:\/\/renfa.sma.gob.cl\/?p=14464"},"modified":"2018-04-06T12:23:12","modified_gmt":"2018-04-06T15:23:12","slug":"exitoso-seminario-cumpliento-ambiental-2-0","status":"publish","type":"post","link":"https:\/\/renfa.sma.gob.cl\/index.php\/2017\/12\/21\/exitoso-seminario-cumpliento-ambiental-2-0\/","title":{"rendered":"Exitoso Seminario: Transformaci\u00f3n digital en la SMA"},"content":{"rendered":"<div class=\"fusion-fullwidth fullwidth-box hundred-percent-fullwidth non-hundred-percent-height-scrolling\"  style='background-color: #ffffff;background-position: center center;background-repeat: no-repeat;padding-top:0px;padding-right:0px;padding-bottom:0px;padding-left:0px;'><div class=\"fusion-builder-row fusion-row \"><div  class=\"fusion-layout-column fusion_builder_column fusion_builder_column_1_1 fusion-builder-column-1 fusion-one-full fusion-column-first fusion-column-last fusion-column-no-min-height 1_1\"  style='margin-top:0px;margin-bottom:0px;'>\n\t\t\t\t\t<div class=\"fusion-column-wrapper\" style=\"background-position:left top;background-repeat:no-repeat;-webkit-background-size:cover;-moz-background-size:cover;-o-background-size:cover;background-size:cover;\"   data-bg-url=\"\">\n\t\t\t\t\t\t<div class=\"fusion-text\"><p>El d\u00eda martes 19 de diciembre, se llevo ca cabo el Seminario\u00a0\u201cCumplimiento Ambiental 2.0: transformaci\u00f3n digital en la SMA\u201d, con la participaci\u00f3n de cerca de 60 profesionales miembros de la RENFA y del sector privado.<\/p>\n<p>El seminario,cuyo objeto era compartir experiencias p\u00fablicas y privadas en a la modernizaci\u00f3n de los procesos de generaci\u00f3n y gesti\u00f3n de informaci\u00f3n\u00a0 y su utilizaci\u00f3n para la fiscalizaci\u00f3n y gesti\u00f3n ambiental, con\u00a0abr\u00edo con palabras de bienvenida del Ministro del Medio Ambiente, Marcelo Mena, y del Superintendente del Medio Ambiente, Cristian Franz, tras lo cual se dio inicio al bloque de presentaciones encabezado por Sebasti\u00e1n Elgueta, Jefe del Departamento de Gesti\u00f3n de la Informaci\u00f3n de la SMA, quien detall\u00f3 el contexto actual en que se encuentra la institucionalidad en relaci\u00f3n con la transformaci\u00f3n digital y las tecnolog\u00edas disponibles para el quehacer del \u00e1mbito p\u00fablico.\u00a0<em>\u201cEl motor de la transformaci\u00f3n digital de una organizaci\u00f3n es la estrategia y no la tecnolog\u00eda\u201d<\/em>\u00a0fue la frase que utiliz\u00f3 para referirse a la importancia de contar con un planteamiento concreto y una hoja de ruta frente a la contingencia tecnol\u00f3gica. Entre otras cosas, coment\u00f3 c\u00f3mo la SMA ha ido implementando la innovaci\u00f3n tecnol\u00f3gica en sus procesos, a trav\u00e9s del desarrollo de una plataforma tecnol\u00f3gica integrada, el uso de sensores remotos en l\u00ednea (dispositivos IoT, de\u00a0<em>Internet of Things<\/em>) y la computaci\u00f3n de alto rendimiento en la nube para el procesamiento de im\u00e1genes satelitales.<\/p>\n<p>Se hicieron parte del seminario SERNAPESCA y CONAF como representantes de la RENFA, \u00a0destacandose en ambos casos el trabajo innovador y el desarrollo de herramientas digitales para apoyar la toma de decisiones. La presentaci\u00f3n de SERNAPESCA estuvo a cargode la Subdirectora de Acuicultura, Alicia Gallardo, quien exhibi\u00f3 los aspectos principales del Sistema Integrado de Manejo de la Acuicultura (SIMA), mienrtas que la presentaci\u00f3n de CONAF fue expuesta por el Jefe de la Secci\u00f3n de An\u00e1lisis y Predicci\u00f3n de Incendios Forestales, Jorge Saavedra.<\/p>\n<p>La actividad culmin\u00f3 con un panel de discusi\u00f3n moderado por Rub\u00e9n Verdugo, Jefe de la Divisi\u00f3n de Fiscalizaci\u00f3n de la SMA,\u00a0 en el cual participaron\u00a0 Cristi\u00e1n Franz, Superintendente del Medio Ambiente, Juan Crist\u00f3bal Moscoso, Director Ejecutivo (S) del Servicio de Evaluaci\u00f3n Ambiental, y, Ximena Insunza, Ministra suplente del Tribunal Ambiental de Santiago.<\/p>\n<p>De acuerdo a la Ministra, hay un desfase entre el Derecho y lo que acontece en la industria, destacando la importancia de hacer dialogar el avance tecnol\u00f3gico con el normativo, de forma que la aplicaci\u00f3n de innovaciones e iniciativas vayan siendo validadas y sustentadas en el \u00e1mbito legal. A su vez, Juan Crist\u00f3bal Moscoso destac\u00f3 la necesidad de mejorar la comunicaci\u00f3n e interoperabilidad entre instituciones, como, por ejemplo, implementar el intercambio de informaci\u00f3n levantada en terreno. Por su parte, el superintendente Franz destac\u00f3 la positiva experiencia de la SMA en este \u00e1mbito, confirmatoria de que por esta v\u00eda el quehacer de la Superintendencia y de las instituciones p\u00fablicas en general puede ser potenciado de manera dr\u00e1stica en su eficiencia, oportunidad y transparencia. As\u00ed mismo, destac\u00f3 que es un camino nuevo que reci\u00e9n comienza para los organismos p\u00fablicos,\u00a0por lo que existe en este sentido una oportunidad gigantesca de desarrollo para el sector.<\/p>\n<p>Descargar las presentaciones del Seminario<\/p>\n<div class='w3eden'>\n    <div class=''>\n        \n        <div id=\"content_dcacb8f86a000b64ef0b08d00f7d1310\">\n                                    <div class='row'><div class='col-lg-12 col-md-6 col-12'><!-- WPDM Link Template: Call to Action 3 -->\n\n<div class=\"well c2a3\">\n    <div class=\"media\">\n        <div class=\"mr-3\" align=\"left\">\n            <img class=\"wpdm_icon\" alt=\"Icon\" src=\"https:\/\/renfa.sma.gob.cl\/wp-content\/plugins\/download-manager\/assets\/file-type-icons\/pdf.svg\" onError='this.src=\"https:\/\/renfa.sma.gob.cl\/wp-content\/plugins\/download-manager\/assets\/file-type-icons\/unknown.svg\";' \/>\n        <\/div>\n        <div class=\"media-body\">\n            <h3 class=\"media-heading\" style=\"padding-top: 0px;border:0px;margin: 0 0 5px 0;font-size:12pt;\">\n                <a style=\"font-weight: 700\" href=\"https:\/\/renfa.sma.gob.cl\/index.php\/download\/modelo-coordinacion-emergencias_-usepa\/\">Modelo coordinaci\u00f3n emergencias_ USEPA<\/a>\n                <span style=\"font-size:8pt;font-weight:300\" class=\"text-muted ml-4\">\n                    <i class=\"fa fa-hdd mr-1\"><\/i> 4.61 MB\n                    <i class=\"ml-3 fa fa-arrow-alt-circle-down mr-1\"><\/i> 41 downloads\n                <\/span>\n            <\/h3>\n            ...\n        <\/div>\n        <div class=\"ml-3\" align=\"right\">\n            <a class='wpdm-download-link download-on-click btn btn-primary ' rel='nofollow' href='#' data-downloadurl=\"https:\/\/renfa.sma.gob.cl\/index.php\/download\/modelo-coordinacion-emergencias_-usepa\/?wpdmdl=14802&refresh=69edd7888dd711777194888\">Download<\/a>\n        <\/div>\n    <\/div>\n\n<\/div>\n<style>\n    .well.c2a3 .btn {\n        padding: 11px 30px;\n        font-size: 11pt;\n    }\n\n    .well.c2a3 .media-body {\n        font-size: 11pt;\n    }\n\n    .well.c2a3 .wpdm_icon {\n        height: 42px;\n        width: auto;\n    }<\/style><\/div><div class='col-lg-12 col-md-6 col-12'><!-- WPDM Link Template: Call to Action 3 -->\n\n<div class=\"well c2a3\">\n    <div class=\"media\">\n        <div class=\"mr-3\" align=\"left\">\n            <img class=\"wpdm_icon\" alt=\"Icon\" src=\"https:\/\/renfa.sma.gob.cl\/wp-content\/plugins\/download-manager\/assets\/file-type-icons\/pdf.svg\" onError='this.src=\"https:\/\/renfa.sma.gob.cl\/wp-content\/plugins\/download-manager\/assets\/file-type-icons\/unknown.svg\";' \/>\n        <\/div>\n        <div class=\"media-body\">\n            <h3 class=\"media-heading\" style=\"padding-top: 0px;border:0px;margin: 0 0 5px 0;font-size:12pt;\">\n                <a style=\"font-weight: 700\" href=\"https:\/\/renfa.sma.gob.cl\/index.php\/download\/cumplimiento-ambiental-2-0-transformacion-digital-en-la-sma\/\">Cumplimiento Ambiental 2.0: Transformaci\u00f3n digital en la SMA<\/a>\n                <span style=\"font-size:8pt;font-weight:300\" class=\"text-muted ml-4\">\n                    <i class=\"fa fa-hdd mr-1\"><\/i> 2.99 MB\n                    <i class=\"ml-3 fa fa-arrow-alt-circle-down mr-1\"><\/i> 148 downloads\n                <\/span>\n            <\/h3>\n            ...\n        <\/div>\n        <div class=\"ml-3\" align=\"right\">\n            <a class='wpdm-download-link download-on-click btn btn-primary ' rel='nofollow' href='#' data-downloadurl=\"https:\/\/renfa.sma.gob.cl\/index.php\/download\/cumplimiento-ambiental-2-0-transformacion-digital-en-la-sma\/?wpdmdl=14481&refresh=69edd788a7e4b1777194888\">Descargar<\/a>\n        <\/div>\n    <\/div>\n\n<\/div>\n<style>\n    .well.c2a3 .btn {\n        padding: 11px 30px;\n        font-size: 11pt;\n    }\n\n    .well.c2a3 .media-body {\n        font-size: 11pt;\n    }\n\n    .well.c2a3 .wpdm_icon {\n        height: 42px;\n        width: auto;\n    }<\/style><\/div><div class='col-lg-12 col-md-6 col-12'><!-- WPDM Link Template: Call to Action 3 -->\n\n<div class=\"well c2a3\">\n    <div class=\"media\">\n        <div class=\"mr-3\" align=\"left\">\n            <img class=\"wpdm_icon\" alt=\"Icon\" src=\"https:\/\/renfa.sma.gob.cl\/wp-content\/plugins\/download-manager\/assets\/file-type-icons\/pdf.svg\" onError='this.src=\"https:\/\/renfa.sma.gob.cl\/wp-content\/plugins\/download-manager\/assets\/file-type-icons\/unknown.svg\";' \/>\n        <\/div>\n        <div class=\"media-body\">\n            <h3 class=\"media-heading\" style=\"padding-top: 0px;border:0px;margin: 0 0 5px 0;font-size:12pt;\">\n                <a style=\"font-weight: 700\" href=\"https:\/\/renfa.sma.gob.cl\/index.php\/download\/sima-austral-sernapesca\/\">SIMA Austral- SERNAPESCA<\/a>\n                <span style=\"font-size:8pt;font-weight:300\" class=\"text-muted ml-4\">\n                    <i class=\"fa fa-hdd mr-1\"><\/i> 5.43 MB\n                    <i class=\"ml-3 fa fa-arrow-alt-circle-down mr-1\"><\/i> 67 downloads\n                <\/span>\n            <\/h3>\n            ...\n        <\/div>\n        <div class=\"ml-3\" align=\"right\">\n            <a class='wpdm-download-link download-on-click btn btn-primary ' rel='nofollow' href='#' data-downloadurl=\"https:\/\/renfa.sma.gob.cl\/index.php\/download\/sima-austral-sernapesca\/?wpdmdl=14480&refresh=69edd788aabc51777194888\">Descargar<\/a>\n        <\/div>\n    <\/div>\n\n<\/div>\n<style>\n    .well.c2a3 .btn {\n        padding: 11px 30px;\n        font-size: 11pt;\n    }\n\n    .well.c2a3 .media-body {\n        font-size: 11pt;\n    }\n\n    .well.c2a3 .wpdm_icon {\n        height: 42px;\n        width: auto;\n    }<\/style><\/div><div class='col-lg-12 col-md-6 col-12'><!-- WPDM Link Template: Call to Action 3 -->\n\n<div class=\"well c2a3\">\n    <div class=\"media\">\n        <div class=\"mr-3\" align=\"left\">\n            <img class=\"wpdm_icon\" alt=\"Icon\" src=\"https:\/\/renfa.sma.gob.cl\/wp-content\/plugins\/download-manager\/assets\/file-type-icons\/pdf.svg\" onError='this.src=\"https:\/\/renfa.sma.gob.cl\/wp-content\/plugins\/download-manager\/assets\/file-type-icons\/unknown.svg\";' \/>\n        <\/div>\n        <div class=\"media-body\">\n            <h3 class=\"media-heading\" style=\"padding-top: 0px;border:0px;margin: 0 0 5px 0;font-size:12pt;\">\n                <a style=\"font-weight: 700\" href=\"https:\/\/renfa.sma.gob.cl\/index.php\/download\/cumplimiento-ambiental-2-0-sma\/\">Cumplimiento Ambiental 2.0 - SMA<\/a>\n                <span style=\"font-size:8pt;font-weight:300\" class=\"text-muted ml-4\">\n                    <i class=\"fa fa-hdd mr-1\"><\/i> 4.46 MB\n                    <i class=\"ml-3 fa fa-arrow-alt-circle-down mr-1\"><\/i> 96 downloads\n                <\/span>\n            <\/h3>\n            ...\n        <\/div>\n        <div class=\"ml-3\" align=\"right\">\n            <a class='wpdm-download-link download-on-click btn btn-primary ' rel='nofollow' href='#' data-downloadurl=\"https:\/\/renfa.sma.gob.cl\/index.php\/download\/cumplimiento-ambiental-2-0-sma\/?wpdmdl=14477&refresh=69edd788adfba1777194888\">Descargar<\/a>\n        <\/div>\n    <\/div>\n\n<\/div>\n<style>\n    .well.c2a3 .btn {\n        padding: 11px 30px;\n        font-size: 11pt;\n    }\n\n    .well.c2a3 .media-body {\n        font-size: 11pt;\n    }\n\n    .well.c2a3 .wpdm_icon {\n        height: 42px;\n        width: auto;\n    }<\/style><\/div><div class='col-lg-12 col-md-6 col-12'><!-- WPDM Link Template: Call to Action 3 -->\n\n<div class=\"well c2a3\">\n    <div class=\"media\">\n        <div class=\"mr-3\" align=\"left\">\n            <img class=\"wpdm_icon\" alt=\"Icon\" src=\"https:\/\/renfa.sma.gob.cl\/wp-content\/plugins\/download-manager\/assets\/file-type-icons\/pdf.svg\" onError='this.src=\"https:\/\/renfa.sma.gob.cl\/wp-content\/plugins\/download-manager\/assets\/file-type-icons\/unknown.svg\";' \/>\n        <\/div>\n        <div class=\"media-body\">\n            <h3 class=\"media-heading\" style=\"padding-top: 0px;border:0px;margin: 0 0 5px 0;font-size:12pt;\">\n                <a style=\"font-weight: 700\" href=\"https:\/\/renfa.sma.gob.cl\/index.php\/download\/seccion-de-analisis-y-prediccion-de-incendios-forestales-conaf\/\">SECCIO\u0301N DE ANA\u0301LISIS Y PREDICCIO\u0301N DE INCENDIOS FORESTALES - CONAF<\/a>\n                <span style=\"font-size:8pt;font-weight:300\" class=\"text-muted ml-4\">\n                    <i class=\"fa fa-hdd mr-1\"><\/i> 17.03 MB\n                    <i class=\"ml-3 fa fa-arrow-alt-circle-down mr-1\"><\/i> 76 downloads\n                <\/span>\n            <\/h3>\n            ...\n        <\/div>\n        <div class=\"ml-3\" align=\"right\">\n            <a class='wpdm-download-link download-on-click btn btn-primary ' rel='nofollow' href='#' data-downloadurl=\"https:\/\/renfa.sma.gob.cl\/index.php\/download\/seccion-de-analisis-y-prediccion-de-incendios-forestales-conaf\/?wpdmdl=14476&refresh=69edd788bc1251777194888\">Descargar<\/a>\n        <\/div>\n    <\/div>\n\n<\/div>\n<style>\n    .well.c2a3 .btn {\n        padding: 11px 30px;\n        font-size: 11pt;\n    }\n\n    .well.c2a3 .media-body {\n        font-size: 11pt;\n    }\n\n    .well.c2a3 .wpdm_icon {\n        height: 42px;\n        width: auto;\n    }<\/style><\/div><div class='col-lg-12 col-md-6 col-12'><!-- WPDM Link Template: Call to Action 3 -->\n\n<div class=\"well c2a3\">\n    <div class=\"media\">\n        <div class=\"mr-3\" align=\"left\">\n            <img class=\"wpdm_icon\" alt=\"Icon\" src=\"https:\/\/renfa.sma.gob.cl\/wp-content\/plugins\/download-manager\/assets\/file-type-icons\/pdf.svg\" onError='this.src=\"https:\/\/renfa.sma.gob.cl\/wp-content\/plugins\/download-manager\/assets\/file-type-icons\/unknown.svg\";' \/>\n        <\/div>\n        <div class=\"media-body\">\n            <h3 class=\"media-heading\" style=\"padding-top: 0px;border:0px;margin: 0 0 5px 0;font-size:12pt;\">\n                <a style=\"font-weight: 700\" href=\"https:\/\/renfa.sma.gob.cl\/index.php\/download\/experiencia-monitoreo-ambiental-en-linea_chagres-angloamerican\/\">Experiencia Monitoreo Ambiental en Linea_Chagres- ANGLOAMERICAN<\/a>\n                <span style=\"font-size:8pt;font-weight:300\" class=\"text-muted ml-4\">\n                    <i class=\"fa fa-hdd mr-1\"><\/i> 3.37 MB\n                    <i class=\"ml-3 fa fa-arrow-alt-circle-down mr-1\"><\/i> 81 downloads\n                <\/span>\n            <\/h3>\n            ...\n        <\/div>\n        <div class=\"ml-3\" align=\"right\">\n            <a class='wpdm-download-link download-on-click btn btn-primary ' rel='nofollow' href='#' data-downloadurl=\"https:\/\/renfa.sma.gob.cl\/index.php\/download\/experiencia-monitoreo-ambiental-en-linea_chagres-angloamerican\/?wpdmdl=14475&refresh=69edd788bf4891777194888\">Descargar<\/a>\n        <\/div>\n    <\/div>\n\n<\/div>\n<style>\n    .well.c2a3 .btn {\n        padding: 11px 30px;\n        font-size: 11pt;\n    }\n\n    .well.c2a3 .media-body {\n        font-size: 11pt;\n    }\n\n    .well.c2a3 .wpdm_icon {\n        height: 42px;\n        width: auto;\n    }<\/style><\/div><\/div>            <div style='clear:both'><\/div><div class='text-center'><ul class='pagination wpdm-pagination pagination-centered text-center'><\/ul><\/div><div style='clear:both'><\/div>        <\/div>\n\n        <div style='clear:both'><\/div>\n    <\/div>\n<\/div>\n\n<\/div><div class=\"fusion-clearfix\"><\/div>\n\n\t\t\t\t\t<\/div>\n\t\t\t\t<\/div><div  class=\"fusion-layout-column fusion_builder_column fusion_builder_column_1_1 fusion-builder-column-2 fusion-one-full fusion-column-first fusion-column-last fusion-column-no-min-height 1_1\"  style='margin-top:0px;margin-bottom:0px;'>\n\t\t\t\t\t<div class=\"fusion-column-wrapper\" style=\"background-position:left top;background-repeat:no-repeat;-webkit-background-size:cover;-moz-background-size:cover;-o-background-size:cover;background-size:cover;\"   data-bg-url=\"\">\n\t\t\t\t\t\t<div class=\"fusion-image-carousel fusion-image-carousel-fixed lightbox-enabled fusion-carousel-border\"><div class=\"fusion-carousel\" data-autoplay=\"no\" data-columns=\"5\" data-itemmargin=\"13\" data-itemwidth=\"180\" data-touchscroll=\"no\" data-imagesize=\"fixed\"><div class=\"fusion-carousel-positioner\"><ul class=\"fusion-carousel-holder\"><li class=\"fusion-carousel-item\"><div class=\"fusion-carousel-item-wrapper\"><div class=\"fusion-image-wrapper hover-type-none\"><a data-rel=\"iLightbox[image_carousel_1]\" data-caption=\"\" data-title=\"Exitoso Seminario: Transformaci\u00f3n digital en la SMA\" aria-label=\"Exitoso Seminario: Transformaci\u00f3n digital en la SMA\" href=\"http:\/\/renfa.sma.gob.cl\/wp-content\/uploads\/2017\/12\/DSC_0179-300x199.jpg\" target=\"_self\"><img src=\"http:\/\/renfa.sma.gob.cl\/wp-content\/uploads\/2017\/12\/DSC_0179-300x199.jpg\" alt=\"\"\/><\/a><\/div><\/div><\/li><li class=\"fusion-carousel-item\"><div class=\"fusion-carousel-item-wrapper\"><div class=\"fusion-image-wrapper hover-type-none\"><a data-rel=\"iLightbox[image_carousel_1]\" data-caption=\"\" data-title=\"Exitoso Seminario: Transformaci\u00f3n digital en la SMA\" aria-label=\"Exitoso Seminario: Transformaci\u00f3n digital en la SMA\" href=\"http:\/\/renfa.sma.gob.cl\/wp-content\/uploads\/2017\/12\/DSC_0165-300x199.jpg\" target=\"_self\"><img src=\"http:\/\/renfa.sma.gob.cl\/wp-content\/uploads\/2017\/12\/DSC_0165-300x199.jpg\" alt=\"\"\/><\/a><\/div><\/div><\/li><li class=\"fusion-carousel-item\"><div class=\"fusion-carousel-item-wrapper\"><div class=\"fusion-image-wrapper hover-type-none\"><a data-rel=\"iLightbox[image_carousel_1]\" data-caption=\"\" data-title=\"Exitoso Seminario: Transformaci\u00f3n digital en la SMA\" aria-label=\"Exitoso Seminario: Transformaci\u00f3n digital en la SMA\" href=\"http:\/\/renfa.sma.gob.cl\/wp-content\/uploads\/2017\/12\/DSC_0110-300x199.jpg\" target=\"_self\"><img src=\"http:\/\/renfa.sma.gob.cl\/wp-content\/uploads\/2017\/12\/DSC_0110-300x199.jpg\" alt=\"\"\/><\/a><\/div><\/div><\/li><li class=\"fusion-carousel-item\"><div class=\"fusion-carousel-item-wrapper\"><div class=\"fusion-image-wrapper hover-type-none\"><a data-rel=\"iLightbox[image_carousel_1]\" data-caption=\"\" data-title=\"Exitoso Seminario: Transformaci\u00f3n digital en la SMA\" aria-label=\"Exitoso Seminario: Transformaci\u00f3n digital en la SMA\" href=\"http:\/\/renfa.sma.gob.cl\/wp-content\/uploads\/2017\/12\/DSC_0167-300x199.jpg\" target=\"_self\"><img src=\"http:\/\/renfa.sma.gob.cl\/wp-content\/uploads\/2017\/12\/DSC_0167-300x199.jpg\" alt=\"\"\/><\/a><\/div><\/div><\/li><li class=\"fusion-carousel-item\"><div class=\"fusion-carousel-item-wrapper\"><div class=\"fusion-image-wrapper hover-type-none\"><a data-rel=\"iLightbox[image_carousel_1]\" data-caption=\"\" data-title=\"Exitoso Seminario: Transformaci\u00f3n digital en la SMA\" aria-label=\"Exitoso Seminario: Transformaci\u00f3n digital en la SMA\" href=\"http:\/\/renfa.sma.gob.cl\/wp-content\/uploads\/2017\/12\/DSC_0154-300x199.jpg\" target=\"_self\"><img src=\"http:\/\/renfa.sma.gob.cl\/wp-content\/uploads\/2017\/12\/DSC_0154-300x199.jpg\" alt=\"\"\/><\/a><\/div><\/div><\/li><li class=\"fusion-carousel-item\"><div class=\"fusion-carousel-item-wrapper\"><div class=\"fusion-image-wrapper hover-type-none\"><a data-rel=\"iLightbox[image_carousel_1]\" data-caption=\"\" data-title=\"Exitoso Seminario: Transformaci\u00f3n digital en la SMA\" aria-label=\"Exitoso Seminario: Transformaci\u00f3n digital en la SMA\" href=\"http:\/\/renfa.sma.gob.cl\/wp-content\/uploads\/2017\/12\/DSC_0145-300x199.jpg\" target=\"_self\"><img src=\"http:\/\/renfa.sma.gob.cl\/wp-content\/uploads\/2017\/12\/DSC_0145-300x199.jpg\" alt=\"\"\/><\/a><\/div><\/div><\/li><li class=\"fusion-carousel-item\"><div class=\"fusion-carousel-item-wrapper\"><div class=\"fusion-image-wrapper hover-type-none\"><a data-rel=\"iLightbox[image_carousel_1]\" data-caption=\"\" data-title=\"Exitoso Seminario: Transformaci\u00f3n digital en la SMA\" aria-label=\"Exitoso Seminario: Transformaci\u00f3n digital en la SMA\" href=\"http:\/\/renfa.sma.gob.cl\/wp-content\/uploads\/2017\/12\/DSC_0139-300x199.jpg\" target=\"_self\"><img src=\"http:\/\/renfa.sma.gob.cl\/wp-content\/uploads\/2017\/12\/DSC_0139-300x199.jpg\" alt=\"\"\/><\/a><\/div><\/div><\/li><\/ul><div class=\"fusion-carousel-nav\"><span class=\"fusion-nav-prev\"><\/span><span class=\"fusion-nav-next\"><\/span><\/div><\/div><\/div><\/div><div class=\"fusion-clearfix\"><\/div>\n\n\t\t\t\t\t<\/div>\n\t\t\t\t<\/div><\/div><\/div>\n","protected":false},"excerpt":{"rendered":"","protected":false},"author":2,"featured_media":14466,"comment_status":"open","ping_status":"open","sticky":false,"template":"","format":"standard","meta":{"footnotes":""},"categories":[42],"tags":[],"_links":{"self":[{"href":"https:\/\/renfa.sma.gob.cl\/index.php\/wp-json\/wp\/v2\/posts\/14464"}],"collection":[{"href":"https:\/\/renfa.sma.gob.cl\/index.php\/wp-json\/wp\/v2\/posts"}],"about":[{"href":"https:\/\/renfa.sma.gob.cl\/index.php\/wp-json\/wp\/v2\/types\/post"}],"author":[{"embeddable":true,"href":"https:\/\/renfa.sma.gob.cl\/index.php\/wp-json\/wp\/v2\/users\/2"}],"replies":[{"embeddable":true,"href":"https:\/\/renfa.sma.gob.cl\/index.php\/wp-json\/wp\/v2\/comments?post=14464"}],"version-history":[{"count":5,"href":"https:\/\/renfa.sma.gob.cl\/index.php\/wp-json\/wp\/v2\/posts\/14464\/revisions"}],"predecessor-version":[{"id":14605,"href":"https:\/\/renfa.sma.gob.cl\/index.php\/wp-json\/wp\/v2\/posts\/14464\/revisions\/14605"}],"wp:featuredmedia":[{"embeddable":true,"href":"https:\/\/renfa.sma.gob.cl\/index.php\/wp-json\/wp\/v2\/media\/14466"}],"wp:attachment":[{"href":"https:\/\/renfa.sma.gob.cl\/index.php\/wp-json\/wp\/v2\/media?parent=14464"}],"wp:term":[{"taxonomy":"category","embeddable":true,"href":"https:\/\/renfa.sma.gob.cl\/index.php\/wp-json\/wp\/v2\/categories?post=14464"},{"taxonomy":"post_tag","embeddable":true,"href":"https:\/\/renfa.sma.gob.cl\/index.php\/wp-json\/wp\/v2\/tags?post=14464"}],"curies":[{"name":"wp","href":"https:\/\/api.w.org\/{rel}","templated":true}]}}