{"id":14525,"date":"2018-01-02T13:43:52","date_gmt":"2018-01-02T16:43:52","guid":{"rendered":"http:\/\/renfa.sma.gob.cl\/?p=14525"},"modified":"2018-04-06T12:23:11","modified_gmt":"2018-04-06T15:23:11","slug":"promocion-de-cumplimiento-respecto-de-la-norma-luminica","status":"publish","type":"post","link":"https:\/\/renfa.sma.gob.cl\/index.php\/2018\/01\/02\/promocion-de-cumplimiento-respecto-de-la-norma-luminica\/","title":{"rendered":"Promoci\u00f3n de cumplimiento respecto de la norma lum\u00ednica"},"content":{"rendered":"<div class=\"fusion-fullwidth fullwidth-box hundred-percent-fullwidth non-hundred-percent-height-scrolling\"  style='background-color: #ffffff;background-position: center center;background-repeat: no-repeat;padding-top:0px;padding-right:0px;padding-bottom:0px;padding-left:0px;'><div class=\"fusion-builder-row fusion-row \"><div  class=\"fusion-layout-column fusion_builder_column fusion_builder_column_1_1 fusion-builder-column-1 fusion-one-full fusion-column-first fusion-column-last fusion-column-no-min-height 1_1\"  style='margin-top:0px;margin-bottom:0px;'>\n\t\t\t\t\t<div class=\"fusion-column-wrapper\" style=\"background-position:left top;background-repeat:no-repeat;-webkit-background-size:cover;-moz-background-size:cover;-o-background-size:cover;background-size:cover;\"   data-bg-url=\"\">\n\t\t\t\t\t\t<div class=\"fusion-text\"><p>Por segundo a\u00f1o consecutivo, el programa y subprograma de fiscalizaci\u00f3n ambiental de norma de emisi\u00f3n, incluy\u00f3 al D.S. 43\/2012 MMA, que establece norma de emisi\u00f3n para la regulaci\u00f3n de la contaminaci\u00f3n lum\u00ednica, lo que viene a reforzar\u00a0 la l\u00ednea de trabajo que ha establecido la Superintendencia del Medio Ambiente en esta materia, que en 2017 contemplo adicional a las actividades de fiscalizaci\u00f3n, talleres de capacitaci\u00f3n y\u00a0 colaboraci\u00f3n p\u00fablico-privada.<\/p>\n<p><strong>Actividades de fiscalizaci\u00f3n<\/strong><\/p>\n<p>El a\u00f1o 2017, la meta establecida por la Superintendencia aument\u00f3 de 10 actividades de fiscalizaci\u00f3n en 2016 a 25 programadas en 2017, las que fueron ejecutadas en las comunas que cuentan con un mayor n\u00famero de recambios de luminarias en los \u00faltimos dos a\u00f1os, junto con la atenci\u00f3n de denuncias recibidas en las oficinas regionales de la SMA.<\/p>\n<p>En cuanto a la ejecuci\u00f3n del programa 2017, se realizaron un total de 30 actividades en las regiones de Antofagasta, Atacama y Coquimbo, todas del tipo Inspecci\u00f3n Ambiental. Entre los tipos de Fuentes Emisoras fiscalizadas, se consideraron instalaciones de Alumbrado Funcional (alumbrado vial de autopistas, carreteras y v\u00edas urbanas), Alumbrado Ambiental (iluminaci\u00f3n comercial, de v\u00edas peatonales, parques, entre otros), junto Luminaria con Carteles Iluminados y Carteles Luminosos, emple\u00e1ndose para estos \u00faltimos el nuevo equipamiento adquirido por la SMA para su fiscalizaci\u00f3n.<\/p>\n<p><strong>Talleres y Actividades de Capacitaci\u00f3n<\/strong><\/p>\n<p>Por primera vez, entre mayo y diciembre de este 2017 en conjunto con la Sociedad Chilena de Astronom\u00eda (SOCHIAS), la Oficina de Protecci\u00f3n de la Calidad del Cielo del Norte de Chile (OPCC), el Ministerio del Medio Ambiente y Universidades locales, se particip\u00f3 activamente en un ciclo de capacitaciones para dar a conocer la Norma de Emisi\u00f3n, su fiscalizaci\u00f3n, demostraci\u00f3n de la medici\u00f3n en terreno y el impacto de la Contaminaci\u00f3n Lum\u00ednica en la observaci\u00f3n astron\u00f3mica y en la biodiversidad. Las comunas escogidas para el desarrollo de estas actividades, fueron aquellas que concentran la mayor poblaci\u00f3n y cercan\u00eda con los observatorios, entre \u00e9stas Antofagasta, Calama, Copiap\u00f3, Vallenar, La Serena y Ovalle.<\/p>\n<p>Por otra parte, la SMA efectu\u00f3 visitas t\u00e9cnicas a los telescopios Magallanes del Observatorio Las Campanas de la <em>Carnegie Institution for Science<\/em>, al sector donde se emplazar\u00e1 el nuevo Telescopio Magallanes Gigante (GMT) en el cerro Las Campanas, en la cual participaron diversos servicios y autoridades, y al Observatorio Inter-Americano de Cerro Tololo de la <em>Association of Universities for Research in Astronomy (AURA)<\/em>.<\/p>\n<p><strong>Equipamiento para fiscalizaci\u00f3n<\/strong><\/p>\n<p>La Superintendencia ha invertido en nuevos equipos para la fiscalizaci\u00f3n de la norma, adquiriendo en 2017 un luminanc\u00edmetro, para la medici\u00f3n de luminancia de avisos y letreros luminosos, junto con un lux\u00f3metro para la verificaci\u00f3n de los l\u00edmites de emisi\u00f3n por reflexi\u00f3n en el caso de luminarias o proyectores que constituyan Alumbrado de Exteriores.<\/p>\n<p>Ya a fines del a\u00f1o y en alianza con las organizaciones de observatorios, representadas en Chile por la SOCHIAS y OPCC, se logr\u00f3 un acuerdo de colaboraci\u00f3n en el cual AURA, entreg\u00f3 en comodato un luminanc\u00edmetro para reforzar la fiscalizaci\u00f3n en terreno a desarrollar en el marco del programa de fiscalizaci\u00f3n de 2018, lo que marca un hito en la colaboraci\u00f3n p\u00fablico-privada para la fiscalizaci\u00f3n orientada a la protecci\u00f3n de los cielos chilenos.<\/p>\n<\/div><div class=\"fusion-clearfix\"><\/div>\n\n\t\t\t\t\t<\/div>\n\t\t\t\t<\/div><div  class=\"fusion-layout-column fusion_builder_column fusion_builder_column_1_1 fusion-builder-column-2 fusion-one-full fusion-column-first fusion-column-last fusion-column-no-min-height 1_1\"  style='margin-top:0px;margin-bottom:0px;'>\n\t\t\t\t\t<div class=\"fusion-column-wrapper\" style=\"background-position:left top;background-repeat:no-repeat;-webkit-background-size:cover;-moz-background-size:cover;-o-background-size:cover;background-size:cover;\"   data-bg-url=\"\">\n\t\t\t\t\t\t<div class=\"fusion-image-carousel fusion-image-carousel-fixed lightbox-enabled fusion-carousel-border\"><div class=\"fusion-carousel\" data-autoplay=\"yes\" data-columns=\"5\" data-itemmargin=\"13\" data-itemwidth=\"180\" data-touchscroll=\"no\" data-imagesize=\"fixed\"><div class=\"fusion-carousel-positioner\"><ul class=\"fusion-carousel-holder\"><li class=\"fusion-carousel-item\"><div class=\"fusion-carousel-item-wrapper\"><div class=\"fusion-image-wrapper hover-type-zoomout\"><a data-rel=\"iLightbox[image_carousel_1]\" data-caption=\"\" data-title=\"Promoci\u00f3n de cumplimiento respecto de la norma lum\u00ednica\" aria-label=\"Promoci\u00f3n de cumplimiento respecto de la norma lum\u00ednica\" href=\"http:\/\/renfa.sma.gob.cl\/wp-content\/uploads\/2018\/01\/DEMOSTRACI\u00d3N-MEDICI\u00d3N-EN-TERRENO-2_SEMINARIO-LA-SERENA_FOTO-SMA-300x199.jpg\" target=\"_self\"><img src=\"http:\/\/renfa.sma.gob.cl\/wp-content\/uploads\/2018\/01\/DEMOSTRACI\u00d3N-MEDICI\u00d3N-EN-TERRENO-2_SEMINARIO-LA-SERENA_FOTO-SMA-300x199.jpg\" alt=\"\"\/><\/a><\/div><\/div><\/li><li class=\"fusion-carousel-item\"><div class=\"fusion-carousel-item-wrapper\"><div class=\"fusion-image-wrapper hover-type-zoomout\"><a data-rel=\"iLightbox[image_carousel_1]\" data-caption=\"\" data-title=\"Promoci\u00f3n de cumplimiento respecto de la norma lum\u00ednica\" aria-label=\"Promoci\u00f3n de cumplimiento respecto de la norma lum\u00ednica\" href=\"http:\/\/renfa.sma.gob.cl\/wp-content\/uploads\/2018\/01\/VISITA-OBSERVATORIO-LAS-CAMPANAS_FOTO-SMA-1-300x200.jpg\" target=\"_self\"><img src=\"http:\/\/renfa.sma.gob.cl\/wp-content\/uploads\/2018\/01\/VISITA-OBSERVATORIO-LAS-CAMPANAS_FOTO-SMA-1-300x200.jpg\" alt=\"\"\/><\/a><\/div><\/div><\/li><li class=\"fusion-carousel-item\"><div class=\"fusion-carousel-item-wrapper\"><div class=\"fusion-image-wrapper hover-type-zoomout\"><a data-rel=\"iLightbox[image_carousel_1]\" data-caption=\"\" data-title=\"Promoci\u00f3n de cumplimiento respecto de la norma lum\u00ednica\" aria-label=\"Promoci\u00f3n de cumplimiento respecto de la norma lum\u00ednica\" href=\"http:\/\/renfa.sma.gob.cl\/wp-content\/uploads\/2018\/01\/VISITA-TOLOLO-1_FOTO-DE-IGOR-VALDEBENITO-300x200.jpg\" target=\"_self\"><img src=\"http:\/\/renfa.sma.gob.cl\/wp-content\/uploads\/2018\/01\/VISITA-TOLOLO-1_FOTO-DE-IGOR-VALDEBENITO-300x200.jpg\" alt=\"\"\/><\/a><\/div><\/div><\/li><li class=\"fusion-carousel-item\"><div class=\"fusion-carousel-item-wrapper\"><div class=\"fusion-image-wrapper hover-type-zoomout\"><a data-rel=\"iLightbox[image_carousel_1]\" data-caption=\"\" data-title=\"Promoci\u00f3n de cumplimiento respecto de la norma lum\u00ednica\" aria-label=\"Promoci\u00f3n de cumplimiento respecto de la norma lum\u00ednica\" href=\"http:\/\/renfa.sma.gob.cl\/wp-content\/uploads\/2018\/01\/VISITA-TOLOLO-3_FOTO-DE-IGOR-VALDEBENITO-300x225.jpg\" target=\"_self\"><img src=\"http:\/\/renfa.sma.gob.cl\/wp-content\/uploads\/2018\/01\/VISITA-TOLOLO-3_FOTO-DE-IGOR-VALDEBENITO-300x225.jpg\" alt=\"\"\/><\/a><\/div><\/div><\/li><li class=\"fusion-carousel-item\"><div class=\"fusion-carousel-item-wrapper\"><div class=\"fusion-image-wrapper hover-type-zoomout\"><a data-rel=\"iLightbox[image_carousel_1]\" data-caption=\"\" data-title=\"Promoci\u00f3n de cumplimiento respecto de la norma lum\u00ednica\" aria-label=\"Promoci\u00f3n de cumplimiento respecto de la norma lum\u00ednica\" href=\"http:\/\/renfa.sma.gob.cl\/wp-content\/uploads\/2018\/01\/ENTREGA-LUMINANC\u00cdMETRO-1_FOTO-SMA-1-300x225.jpg\" target=\"_self\"><img src=\"http:\/\/renfa.sma.gob.cl\/wp-content\/uploads\/2018\/01\/ENTREGA-LUMINANC\u00cdMETRO-1_FOTO-SMA-1-300x225.jpg\" alt=\"\"\/><\/a><\/div><\/div><\/li><li class=\"fusion-carousel-item\"><div class=\"fusion-carousel-item-wrapper\"><div class=\"fusion-image-wrapper hover-type-zoomout\"><a data-rel=\"iLightbox[image_carousel_1]\" data-caption=\"\" data-title=\"Promoci\u00f3n de cumplimiento respecto de la norma lum\u00ednica\" aria-label=\"Promoci\u00f3n de cumplimiento respecto de la norma lum\u00ednica\" href=\"http:\/\/renfa.sma.gob.cl\/wp-content\/uploads\/2018\/01\/ENTREGA-LUMINANC\u00cdMETRO-2_FOTO-SMA-300x225.jpg\" target=\"_self\"><img src=\"http:\/\/renfa.sma.gob.cl\/wp-content\/uploads\/2018\/01\/ENTREGA-LUMINANC\u00cdMETRO-2_FOTO-SMA-300x225.jpg\" alt=\"\"\/><\/a><\/div><\/div><\/li><\/ul><div class=\"fusion-carousel-nav\"><span class=\"fusion-nav-prev\"><\/span><span class=\"fusion-nav-next\"><\/span><\/div><\/div><\/div><\/div><div class=\"fusion-clearfix\"><\/div>\n\n\t\t\t\t\t<\/div>\n\t\t\t\t<\/div><\/div><\/div>\n","protected":false},"excerpt":{"rendered":"","protected":false},"author":2,"featured_media":14541,"comment_status":"open","ping_status":"open","sticky":false,"template":"","format":"standard","meta":{"footnotes":""},"categories":[42],"tags":[],"_links":{"self":[{"href":"https:\/\/renfa.sma.gob.cl\/index.php\/wp-json\/wp\/v2\/posts\/14525"}],"collection":[{"href":"https:\/\/renfa.sma.gob.cl\/index.php\/wp-json\/wp\/v2\/posts"}],"about":[{"href":"https:\/\/renfa.sma.gob.cl\/index.php\/wp-json\/wp\/v2\/types\/post"}],"author":[{"embeddable":true,"href":"https:\/\/renfa.sma.gob.cl\/index.php\/wp-json\/wp\/v2\/users\/2"}],"replies":[{"embeddable":true,"href":"https:\/\/renfa.sma.gob.cl\/index.php\/wp-json\/wp\/v2\/comments?post=14525"}],"version-history":[{"count":4,"href":"https:\/\/renfa.sma.gob.cl\/index.php\/wp-json\/wp\/v2\/posts\/14525\/revisions"}],"predecessor-version":[{"id":14602,"href":"https:\/\/renfa.sma.gob.cl\/index.php\/wp-json\/wp\/v2\/posts\/14525\/revisions\/14602"}],"wp:featuredmedia":[{"embeddable":true,"href":"https:\/\/renfa.sma.gob.cl\/index.php\/wp-json\/wp\/v2\/media\/14541"}],"wp:attachment":[{"href":"https:\/\/renfa.sma.gob.cl\/index.php\/wp-json\/wp\/v2\/media?parent=14525"}],"wp:term":[{"taxonomy":"category","embeddable":true,"href":"https:\/\/renfa.sma.gob.cl\/index.php\/wp-json\/wp\/v2\/categories?post=14525"},{"taxonomy":"post_tag","embeddable":true,"href":"https:\/\/renfa.sma.gob.cl\/index.php\/wp-json\/wp\/v2\/tags?post=14525"}],"curies":[{"name":"wp","href":"https:\/\/api.w.org\/{rel}","templated":true}]}}