{"id":14749,"date":"2018-08-16T10:43:39","date_gmt":"2018-08-16T13:43:39","guid":{"rendered":"http:\/\/renfa.sma.gob.cl\/?p=14749"},"modified":"2018-08-16T10:48:12","modified_gmt":"2018-08-16T13:48:12","slug":"proximo-seminario-de-cumplimiento-ambiental","status":"publish","type":"post","link":"https:\/\/renfa.sma.gob.cl\/index.php\/2018\/08\/16\/proximo-seminario-de-cumplimiento-ambiental\/","title":{"rendered":"Pr\u00f3ximo: Seminario de Cumplimiento Ambiental"},"content":{"rendered":"<div class=\"fusion-fullwidth fullwidth-box nonhundred-percent-fullwidth non-hundred-percent-height-scrolling\"  style='background-color: #ffffff;background-position: center center;background-repeat: no-repeat;padding-top:0px;padding-right:0px;padding-bottom:0px;padding-left:0px;'><div class=\"fusion-builder-row fusion-row \"><div  class=\"fusion-layout-column fusion_builder_column fusion_builder_column_1_1 fusion-builder-column-1 fusion-one-full fusion-column-first fusion-column-last 1_1\"  style='margin-top:0px;margin-bottom:0px;'>\n\t\t\t\t\t<div class=\"fusion-column-wrapper\" style=\"padding: 0px 0px 0px 0px;background-position:left top;background-repeat:no-repeat;-webkit-background-size:cover;-moz-background-size:cover;-o-background-size:cover;background-size:cover;\"   data-bg-url=\"\">\n\t\t\t\t\t\t<div class=\"fusion-text\"><p>Entre el 25 y 27 de septiembre de 2018, se llevar\u00e1 a cabo el Seminario <strong>&#8220;Promoci\u00f3n del cumplimiento Ambiental: Una mirada desde la fiscalizaci\u00f3n a la sanci\u00f3n<\/strong>&#8220;, instancia organizada por la Superintendentencia del Medio Ambiente y la Environmental Protection Agency de los Estados Unidos (US-EPA), que abordar\u00e1 los desaf\u00edos a los cuales se enfrentan los organismos fiscalizadores y sancionadores en materias ambientales, a a trav\u00e9s de la revisi\u00f3n de experiencias nacionales e internacionales en \u00e9stas materias.<\/p>\n<p>El seminario contar\u00e1 con ponencias de la US-EPA y pa\u00edses miembros de la REDLAFICA, adem\u00e1s de la revisi\u00f3n de casos nacionales por parte de la SMA.<\/p>\n<p>Se extender\u00e1 la invitaci\u00f3n a participar del seminario\u00a0 a los organismos p\u00fablicos miembros de la Red Nacional de Fiscalizaci\u00f3n Ambiental, la cual ser\u00e1 canalizada a trav\u00e9s de las contrapartes definidas para \u00e9stos efectos.<\/p>\n<p>Esta actividad se encuentra enmarcada en el <a href=\"http:\/\/renfa.sma.gob.cl\/index.php\/2017\/07\/21\/plan-renfa-2017-2023\/\">Plan de Trabajo RENFA 2017-2013<\/a><\/p>\n<\/div><div class=\"fusion-clearfix\"><\/div>\n\n\t\t\t\t\t<\/div>\n\t\t\t\t<\/div><\/div><\/div>\n","protected":false},"excerpt":{"rendered":"","protected":false},"author":2,"featured_media":14752,"comment_status":"open","ping_status":"open","sticky":false,"template":"","format":"standard","meta":{"footnotes":""},"categories":[42],"tags":[],"_links":{"self":[{"href":"https:\/\/renfa.sma.gob.cl\/index.php\/wp-json\/wp\/v2\/posts\/14749"}],"collection":[{"href":"https:\/\/renfa.sma.gob.cl\/index.php\/wp-json\/wp\/v2\/posts"}],"about":[{"href":"https:\/\/renfa.sma.gob.cl\/index.php\/wp-json\/wp\/v2\/types\/post"}],"author":[{"embeddable":true,"href":"https:\/\/renfa.sma.gob.cl\/index.php\/wp-json\/wp\/v2\/users\/2"}],"replies":[{"embeddable":true,"href":"https:\/\/renfa.sma.gob.cl\/index.php\/wp-json\/wp\/v2\/comments?post=14749"}],"version-history":[{"count":2,"href":"https:\/\/renfa.sma.gob.cl\/index.php\/wp-json\/wp\/v2\/posts\/14749\/revisions"}],"predecessor-version":[{"id":14753,"href":"https:\/\/renfa.sma.gob.cl\/index.php\/wp-json\/wp\/v2\/posts\/14749\/revisions\/14753"}],"wp:featuredmedia":[{"embeddable":true,"href":"https:\/\/renfa.sma.gob.cl\/index.php\/wp-json\/wp\/v2\/media\/14752"}],"wp:attachment":[{"href":"https:\/\/renfa.sma.gob.cl\/index.php\/wp-json\/wp\/v2\/media?parent=14749"}],"wp:term":[{"taxonomy":"category","embeddable":true,"href":"https:\/\/renfa.sma.gob.cl\/index.php\/wp-json\/wp\/v2\/categories?post=14749"},{"taxonomy":"post_tag","embeddable":true,"href":"https:\/\/renfa.sma.gob.cl\/index.php\/wp-json\/wp\/v2\/tags?post=14749"}],"curies":[{"name":"wp","href":"https:\/\/api.w.org\/{rel}","templated":true}]}}