{"id":14760,"date":"2018-09-28T13:18:28","date_gmt":"2018-09-28T16:18:28","guid":{"rendered":"http:\/\/renfa.sma.gob.cl\/?p=14760"},"modified":"2018-10-01T10:53:25","modified_gmt":"2018-10-01T13:53:25","slug":"finaliza-seminario-internacional-de-la-sma","status":"publish","type":"post","link":"https:\/\/renfa.sma.gob.cl\/index.php\/2018\/09\/28\/finaliza-seminario-internacional-de-la-sma\/","title":{"rendered":"Finaliza Seminario Internacional de la SMA"},"content":{"rendered":"<div class=\"fusion-fullwidth fullwidth-box nonhundred-percent-fullwidth non-hundred-percent-height-scrolling\"  style='background-color: #ffffff;background-position: center center;background-repeat: no-repeat;padding-top:0px;padding-right:0px;padding-bottom:0px;padding-left:0px;'><div class=\"fusion-builder-row fusion-row \"><div  class=\"fusion-layout-column fusion_builder_column fusion_builder_column_1_1 fusion-builder-column-1 fusion-one-full fusion-column-first fusion-column-last 1_1\"  style='margin-top:0px;margin-bottom:0px;'>\n\t\t\t\t\t<div class=\"fusion-column-wrapper\" style=\"padding: 0px 0px 0px 0px;background-position:left top;background-repeat:no-repeat;-webkit-background-size:cover;-moz-background-size:cover;-o-background-size:cover;background-size:cover;\"   data-bg-url=\"\">\n\t\t\t\t\t\t<div class=\"fusion-text\"><p>La Superintendencia del Medio Ambiente, en conjunto con la Environmental Protection Agency de los Estado unidos (US-EPA) realizaron los d\u00edas 25, 26 y 27 de septiembre el Seminario internacional \u201cPromoci\u00f3n del Cumplimiento Ambiental, una mirada desde la fiscalizaci\u00f3n a la Sanci\u00f3n\u201d, que cont\u00f3 con la participaci\u00f3n de profesionales integrantes de la Red Nacional de Fiscalizaci\u00f3n Ambiental, as\u00ed como tambi\u00e9n de representantes de las agencias de fiscalizaci\u00f3n y sanci\u00f3n ambiental de Per\u00fa y Colombia, del Servicio de Evaluaci\u00f3n Ambiental y de los tres tribunales ambientales.<\/p>\n<p>La actividad fue inaugurada por el Superintendente del Medio Ambiente, Cristi\u00e1n Franz, quien agradeci\u00f3 la presencia de todos los asistentes, en particular, la participaci\u00f3n de los profesionales de US EPA y el trabajo en conjunto que ambas entidades han desarrollado por m\u00e1s de 7 a\u00f1os.<\/p>\n<p>Los d\u00edas martes 25 y mi\u00e9rcoles 26, los expertos de la US-EPA \u2013 Cesar Zapata, Ram\u00f3n Torres, Roberto Bus\u00f3, expusieron sobre los procedimientos e iniciativas que ejecuta la agencia norteamericana en materias fiscalizaci\u00f3n y sanci\u00f3n, promoci\u00f3n del cumplimiento ambiental y atenci\u00f3n de emergencias y contingencias ambientales, mediante la revisi\u00f3n de casos de estudios Adicionalmente se cont\u00f3 con un estudio de caso de termoel\u00e9ctricas expuesto por el experto David Lloyd mediante videoconferencia con la audiencia.<\/p>\n<p>EL d\u00eda jueves 27 fue el turno de las agencias de Chile, Per\u00fa y Colombia exponer lo propio a trav\u00e9s del estudio de casos y actuaciones realizadas en cada pa\u00eds. En el caso de Chile, la exposici\u00f3n estuvo cargo de los profesionales de la SMA Patricio Walker, Sebastian Rebolledo y Ariel Russel, quienes repasaron el procedimiento de fiscalizaci\u00f3n, y sanci\u00f3n llevado a cabo en contra de una compa\u00f1\u00eda minera del norte del pa\u00eds.<\/p>\n<p>Los profesionales \u00c1ngela Reyes y Alcy Pinedo de la Agencia Nacional de Licencias Ambiental de Colombia (ANLA) presentaron el caso de una contingencia ambiental de hidrocarburos, mientras que la Presidenta del Organismo de Evaluaci\u00f3n y Fiscalizaci\u00f3n Ambiental del Per\u00fa (OEFA), Sra, Tessy Torres, abord\u00f3 el modelo completo de fiscalizaci\u00f3n y sanci\u00f3n empleado por el Per\u00fa para la supervisi\u00f3n de sus regulados.<\/p>\n<p>La jornada finaliz\u00f3 una discusi\u00f3n grupal para identificar lecciones aprendidas, desaf\u00edos e ideas para implementar acciones en los distintos servicios participantes, y la entrega de certificados a los participantes.<\/p>\n<p>El seminario, que cont\u00f3 con la participaci\u00f3n de m\u00e1s de 80 profesionales, forma parte de las iniciativas de formaci\u00f3n de capital humano del <span style=\"color: #0000ff;\"><strong><a style=\"color: #0000ff;\" href=\"http:\/\/renfa.sma.gob.cl\/index.php\/2017\/07\/21\/plan-renfa-2017-2023\/\">Plan de Trabajo de la RENFA<\/a>.<\/strong><\/span><\/p>\n<p>Accede a las presentaciones y grabaciones del seminario<a href=\"http:\/\/renfa.sma.gob.cl\/index.php\/2018\/09\/28\/seminario-internacional-promocion-del-cumplimiento-ambiental-una-mirada-desde-la-fiscalizacion-a-la-sancion\/\"><span style=\"color: #0000ff;\"><strong> aqu\u00ed<\/strong><\/span><\/a><\/p>\n<\/div><div class=\"fusion-image-carousel fusion-image-carousel-fixed fusion-carousel-border\"><div class=\"fusion-carousel\" data-autoplay=\"no\" data-columns=\"5\" data-itemmargin=\"13\" data-itemwidth=\"180\" data-touchscroll=\"no\" data-imagesize=\"fixed\"><div class=\"fusion-carousel-positioner\"><ul class=\"fusion-carousel-holder\"><li class=\"fusion-carousel-item\"><div class=\"fusion-carousel-item-wrapper\"><div class=\"fusion-image-wrapper hover-type-none\"><img width=\"320\" height=\"202\" src=\"https:\/\/renfa.sma.gob.cl\/wp-content\/uploads\/2018\/09\/DSC_0167-320x202.jpg\" class=\"attachment-blog-medium size-blog-medium\" alt=\"\" decoding=\"async\" loading=\"lazy\" \/><\/div><\/div><\/li><li class=\"fusion-carousel-item\"><div class=\"fusion-carousel-item-wrapper\"><div class=\"fusion-image-wrapper hover-type-none\"><img width=\"320\" height=\"202\" src=\"https:\/\/renfa.sma.gob.cl\/wp-content\/uploads\/2018\/09\/DSC_0169-320x202.jpg\" class=\"attachment-blog-medium size-blog-medium\" alt=\"\" decoding=\"async\" loading=\"lazy\" \/><\/div><\/div><\/li><li class=\"fusion-carousel-item\"><div class=\"fusion-carousel-item-wrapper\"><div class=\"fusion-image-wrapper hover-type-none\"><img width=\"320\" height=\"202\" src=\"https:\/\/renfa.sma.gob.cl\/wp-content\/uploads\/2018\/09\/DSC_0171-320x202.jpg\" class=\"attachment-blog-medium size-blog-medium\" alt=\"\" decoding=\"async\" loading=\"lazy\" \/><\/div><\/div><\/li><li class=\"fusion-carousel-item\"><div class=\"fusion-carousel-item-wrapper\"><div class=\"fusion-image-wrapper hover-type-none\"><img width=\"320\" height=\"202\" src=\"https:\/\/renfa.sma.gob.cl\/wp-content\/uploads\/2018\/09\/DSC_0173-320x202.jpg\" class=\"attachment-blog-medium size-blog-medium\" alt=\"\" decoding=\"async\" loading=\"lazy\" \/><\/div><\/div><\/li><li class=\"fusion-carousel-item\"><div class=\"fusion-carousel-item-wrapper\"><div class=\"fusion-image-wrapper hover-type-none\"><img width=\"320\" height=\"202\" src=\"https:\/\/renfa.sma.gob.cl\/wp-content\/uploads\/2018\/09\/DSC_0178-320x202.jpg\" class=\"attachment-blog-medium size-blog-medium\" alt=\"\" decoding=\"async\" loading=\"lazy\" \/><\/div><\/div><\/li><li class=\"fusion-carousel-item\"><div class=\"fusion-carousel-item-wrapper\"><div class=\"fusion-image-wrapper hover-type-none\"><img width=\"320\" height=\"202\" src=\"https:\/\/renfa.sma.gob.cl\/wp-content\/uploads\/2018\/09\/DSC_0071-320x202.jpg\" class=\"attachment-blog-medium size-blog-medium\" alt=\"\" decoding=\"async\" loading=\"lazy\" \/><\/div><\/div><\/li><li class=\"fusion-carousel-item\"><div class=\"fusion-carousel-item-wrapper\"><div class=\"fusion-image-wrapper hover-type-none\"><img width=\"320\" height=\"202\" src=\"https:\/\/renfa.sma.gob.cl\/wp-content\/uploads\/2018\/09\/DSC_0119-320x202.jpg\" class=\"attachment-blog-medium size-blog-medium\" alt=\"\" decoding=\"async\" loading=\"lazy\" \/><\/div><\/div><\/li><li class=\"fusion-carousel-item\"><div class=\"fusion-carousel-item-wrapper\"><div class=\"fusion-image-wrapper hover-type-none\"><img width=\"320\" height=\"202\" src=\"https:\/\/renfa.sma.gob.cl\/wp-content\/uploads\/2018\/09\/DSC_0116-320x202.jpg\" class=\"attachment-blog-medium size-blog-medium\" alt=\"\" decoding=\"async\" loading=\"lazy\" \/><\/div><\/div><\/li><li class=\"fusion-carousel-item\"><div class=\"fusion-carousel-item-wrapper\"><div class=\"fusion-image-wrapper hover-type-none\"><img width=\"320\" height=\"202\" src=\"https:\/\/renfa.sma.gob.cl\/wp-content\/uploads\/2018\/09\/DSC_0157-320x202.jpg\" class=\"attachment-blog-medium size-blog-medium\" alt=\"\" decoding=\"async\" loading=\"lazy\" \/><\/div><\/div><\/li><li class=\"fusion-carousel-item\"><div class=\"fusion-carousel-item-wrapper\"><div class=\"fusion-image-wrapper hover-type-none\"><img width=\"320\" height=\"202\" src=\"https:\/\/renfa.sma.gob.cl\/wp-content\/uploads\/2018\/09\/DSC_0161-320x202.jpg\" class=\"attachment-blog-medium size-blog-medium\" alt=\"\" decoding=\"async\" loading=\"lazy\" \/><\/div><\/div><\/li><li class=\"fusion-carousel-item\"><div class=\"fusion-carousel-item-wrapper\"><div class=\"fusion-image-wrapper hover-type-none\"><img width=\"320\" height=\"202\" src=\"https:\/\/renfa.sma.gob.cl\/wp-content\/uploads\/2018\/09\/DSC_0125-320x202.jpg\" class=\"attachment-blog-medium size-blog-medium\" alt=\"\" decoding=\"async\" loading=\"lazy\" \/><\/div><\/div><\/li><li class=\"fusion-carousel-item\"><div class=\"fusion-carousel-item-wrapper\"><div class=\"fusion-image-wrapper hover-type-none\"><img width=\"320\" height=\"202\" src=\"https:\/\/renfa.sma.gob.cl\/wp-content\/uploads\/2018\/09\/DSC_0126-320x202.jpg\" class=\"attachment-blog-medium size-blog-medium\" alt=\"\" decoding=\"async\" loading=\"lazy\" \/><\/div><\/div><\/li><li class=\"fusion-carousel-item\"><div class=\"fusion-carousel-item-wrapper\"><div class=\"fusion-image-wrapper hover-type-none\"><img width=\"320\" height=\"202\" src=\"https:\/\/renfa.sma.gob.cl\/wp-content\/uploads\/2018\/09\/DSC_0137-320x202.jpg\" class=\"attachment-blog-medium size-blog-medium\" alt=\"\" decoding=\"async\" loading=\"lazy\" \/><\/div><\/div><\/li><li class=\"fusion-carousel-item\"><div class=\"fusion-carousel-item-wrapper\"><div class=\"fusion-image-wrapper hover-type-none\"><img width=\"320\" height=\"202\" src=\"https:\/\/renfa.sma.gob.cl\/wp-content\/uploads\/2018\/09\/DSC_0138-320x202.jpg\" class=\"attachment-blog-medium size-blog-medium\" alt=\"\" decoding=\"async\" loading=\"lazy\" \/><\/div><\/div><\/li><li class=\"fusion-carousel-item\"><div class=\"fusion-carousel-item-wrapper\"><div class=\"fusion-image-wrapper hover-type-none\"><img width=\"320\" height=\"202\" src=\"https:\/\/renfa.sma.gob.cl\/wp-content\/uploads\/2018\/09\/DSC_0156-320x202.jpg\" class=\"attachment-blog-medium size-blog-medium\" alt=\"\" decoding=\"async\" loading=\"lazy\" \/><\/div><\/div><\/li><li class=\"fusion-carousel-item\"><div class=\"fusion-carousel-item-wrapper\"><div class=\"fusion-image-wrapper hover-type-none\"><img width=\"320\" height=\"202\" src=\"https:\/\/renfa.sma.gob.cl\/wp-content\/uploads\/2018\/09\/DSC_0048-320x202.jpg\" class=\"attachment-blog-medium size-blog-medium\" alt=\"\" decoding=\"async\" loading=\"lazy\" \/><\/div><\/div><\/li><li class=\"fusion-carousel-item\"><div class=\"fusion-carousel-item-wrapper\"><div class=\"fusion-image-wrapper hover-type-none\"><img width=\"320\" height=\"202\" src=\"https:\/\/renfa.sma.gob.cl\/wp-content\/uploads\/2018\/09\/DSC_0056-320x202.jpg\" class=\"attachment-blog-medium size-blog-medium\" alt=\"\" decoding=\"async\" loading=\"lazy\" \/><\/div><\/div><\/li><li class=\"fusion-carousel-item\"><div class=\"fusion-carousel-item-wrapper\"><div class=\"fusion-image-wrapper hover-type-none\"><img width=\"320\" height=\"202\" src=\"https:\/\/renfa.sma.gob.cl\/wp-content\/uploads\/2018\/09\/Slide-SMA-inaugura-Seminario-Internacional-sobre-la-Promoci\u00f3n-del-Cumplimiento-Ambiental-320x202.jpg\" class=\"attachment-blog-medium size-blog-medium\" alt=\"\" decoding=\"async\" loading=\"lazy\" \/><\/div><\/div><\/li><li class=\"fusion-carousel-item\"><div class=\"fusion-carousel-item-wrapper\"><div class=\"fusion-image-wrapper hover-type-none\"><img width=\"320\" height=\"202\" src=\"https:\/\/renfa.sma.gob.cl\/wp-content\/uploads\/2018\/09\/DSC_0035-320x202.jpg\" class=\"attachment-blog-medium size-blog-medium\" alt=\"\" decoding=\"async\" loading=\"lazy\" \/><\/div><\/div><\/li><\/ul><div class=\"fusion-carousel-nav\"><span class=\"fusion-nav-prev\"><\/span><span class=\"fusion-nav-next\"><\/span><\/div><\/div><\/div><\/div><div class=\"fusion-clearfix\"><\/div>\n\n\t\t\t\t\t<\/div>\n\t\t\t\t<\/div><\/div><\/div>\n","protected":false},"excerpt":{"rendered":"","protected":false},"author":2,"featured_media":14761,"comment_status":"open","ping_status":"open","sticky":false,"template":"","format":"standard","meta":{"footnotes":""},"categories":[42],"tags":[],"_links":{"self":[{"href":"https:\/\/renfa.sma.gob.cl\/index.php\/wp-json\/wp\/v2\/posts\/14760"}],"collection":[{"href":"https:\/\/renfa.sma.gob.cl\/index.php\/wp-json\/wp\/v2\/posts"}],"about":[{"href":"https:\/\/renfa.sma.gob.cl\/index.php\/wp-json\/wp\/v2\/types\/post"}],"author":[{"embeddable":true,"href":"https:\/\/renfa.sma.gob.cl\/index.php\/wp-json\/wp\/v2\/users\/2"}],"replies":[{"embeddable":true,"href":"https:\/\/renfa.sma.gob.cl\/index.php\/wp-json\/wp\/v2\/comments?post=14760"}],"version-history":[{"count":4,"href":"https:\/\/renfa.sma.gob.cl\/index.php\/wp-json\/wp\/v2\/posts\/14760\/revisions"}],"predecessor-version":[{"id":14808,"href":"https:\/\/renfa.sma.gob.cl\/index.php\/wp-json\/wp\/v2\/posts\/14760\/revisions\/14808"}],"wp:featuredmedia":[{"embeddable":true,"href":"https:\/\/renfa.sma.gob.cl\/index.php\/wp-json\/wp\/v2\/media\/14761"}],"wp:attachment":[{"href":"https:\/\/renfa.sma.gob.cl\/index.php\/wp-json\/wp\/v2\/media?parent=14760"}],"wp:term":[{"taxonomy":"category","embeddable":true,"href":"https:\/\/renfa.sma.gob.cl\/index.php\/wp-json\/wp\/v2\/categories?post=14760"},{"taxonomy":"post_tag","embeddable":true,"href":"https:\/\/renfa.sma.gob.cl\/index.php\/wp-json\/wp\/v2\/tags?post=14760"}],"curies":[{"name":"wp","href":"https:\/\/api.w.org\/{rel}","templated":true}]}}