{"id":14843,"date":"2018-10-30T11:34:58","date_gmt":"2018-10-30T14:34:58","guid":{"rendered":"http:\/\/renfa.sma.gob.cl\/?p=14843"},"modified":"2018-10-30T11:35:46","modified_gmt":"2018-10-30T14:35:46","slug":"puente-canal-del-chacao","status":"publish","type":"post","link":"https:\/\/renfa.sma.gob.cl\/index.php\/2018\/10\/30\/puente-canal-del-chacao\/","title":{"rendered":"PUENTE CANAL DEL CHACAO"},"content":{"rendered":"<div class=\"fusion-fullwidth fullwidth-box nonhundred-percent-fullwidth non-hundred-percent-height-scrolling\"  style='background-color: #ffffff;background-position: center center;background-repeat: no-repeat;padding-top:0px;padding-right:0px;padding-bottom:0px;padding-left:0px;'><div class=\"fusion-builder-row fusion-row \"><div  class=\"fusion-layout-column fusion_builder_column fusion_builder_column_1_1 fusion-builder-column-1 fusion-one-full fusion-column-first fusion-column-last 1_1\"  style='margin-top:0px;margin-bottom:0px;'>\n\t\t\t\t\t<div class=\"fusion-column-wrapper\" style=\"padding: 0px 0px 0px 0px;background-position:left top;background-repeat:no-repeat;-webkit-background-size:cover;-moz-background-size:cover;-o-background-size:cover;background-size:cover;\"   data-bg-url=\"\">\n\t\t\t\t\t\t<div class=\"fusion-text\"><p>La Unidad Fiscalizable Puente Canal de Chaco, consiste en la construcci\u00f3n de un puente de gran envergadura que conectara por tierra la isla de Chilo\u00e9 y el continente, incluidos sus accesos y realineaci\u00f3n de la Ruta 5 y adicionalmente contempla un \u00e1rea de servicios y un edificio mirador en el sector Punta Remolinos. El titular del proyecto es el Ministerio de Obras P\u00fablicas, aunque la operaci\u00f3n estar\u00e1 a cargo de un concesionario.<\/p>\n<p>El proyecto, que cuenta con una Resoluciones de Calificaci\u00f3n Ambiental del a\u00f1o 2002, y fue fiscalizado en 2 ocasiones entre 2015 y 2017, con la participaci\u00f3n del Consejo de monumentos Nacionales en ambas ocasiones y de la Corporaci\u00f3n Nacional Forestal en la \u00faltima de ellas.<\/p>\n<p>La fiscalizaci\u00f3n del a\u00f1o 2015 surge de una solicitud del propio Consejo de Monumentos Nacionales, en vista de la relevancia de la protecci\u00f3n de monumentos nacionales en el marco de la evaluaci\u00f3n ambiental de este proyecto, la que luego fue incluida en 2017 como parte del programa de fiscalizaci\u00f3n de RCA.<\/p>\n<p>Los cargos levantados por el proceso sancionatorio versan sobre no haber realizado correctamente los monitores de las obras constructivas, ni la implementaci\u00f3n de protecciones generando afectaci\u00f3n de sitios arqueol\u00f3gicos; y haber efectuados obras de construcci\u00f3n sin contar con la l\u00ednea base arqueol\u00f3gica submarina.<\/p>\n<p><strong>Servicios participantes:<\/strong> Consejo de Monumentos Nacionales (CMN) y Corporaci\u00f3n Nacional Forestal (CONAF).<\/p>\n<p><strong>Estado de la fiscalizaci\u00f3n:<\/strong> Procedimiento Sancionatorio en curso, rol D-097-2018.<\/p>\n<p><strong>Acceso directo a expediente p\u00fablico<\/strong>: <strong><span style=\"color: #0000ff;\"><a style=\"color: #0000ff;\" href=\"http:\/\/snifa.sma.gob.cl\/v2\/Sancionatorio\/Ficha\/1805\">http:\/\/snifa.sma.gob.cl\/v2\/Sancionatorio\/Ficha\/1805<\/a><\/span><\/strong><\/p>\n<p><strong>Categor\u00eda: <\/strong>Infraestructura de Transporte<\/p>\n<p><em>Fecha actualizaci\u00f3n: 30-10-2018<\/em><\/p>\n<\/div><div class=\"fusion-clearfix\"><\/div>\n\n\t\t\t\t\t<\/div>\n\t\t\t\t<\/div><\/div><\/div>\n","protected":false},"excerpt":{"rendered":"","protected":false},"author":2,"featured_media":14844,"comment_status":"open","ping_status":"open","sticky":false,"template":"","format":"standard","meta":{"footnotes":""},"categories":[45],"tags":[],"_links":{"self":[{"href":"https:\/\/renfa.sma.gob.cl\/index.php\/wp-json\/wp\/v2\/posts\/14843"}],"collection":[{"href":"https:\/\/renfa.sma.gob.cl\/index.php\/wp-json\/wp\/v2\/posts"}],"about":[{"href":"https:\/\/renfa.sma.gob.cl\/index.php\/wp-json\/wp\/v2\/types\/post"}],"author":[{"embeddable":true,"href":"https:\/\/renfa.sma.gob.cl\/index.php\/wp-json\/wp\/v2\/users\/2"}],"replies":[{"embeddable":true,"href":"https:\/\/renfa.sma.gob.cl\/index.php\/wp-json\/wp\/v2\/comments?post=14843"}],"version-history":[{"count":2,"href":"https:\/\/renfa.sma.gob.cl\/index.php\/wp-json\/wp\/v2\/posts\/14843\/revisions"}],"predecessor-version":[{"id":14846,"href":"https:\/\/renfa.sma.gob.cl\/index.php\/wp-json\/wp\/v2\/posts\/14843\/revisions\/14846"}],"wp:featuredmedia":[{"embeddable":true,"href":"https:\/\/renfa.sma.gob.cl\/index.php\/wp-json\/wp\/v2\/media\/14844"}],"wp:attachment":[{"href":"https:\/\/renfa.sma.gob.cl\/index.php\/wp-json\/wp\/v2\/media?parent=14843"}],"wp:term":[{"taxonomy":"category","embeddable":true,"href":"https:\/\/renfa.sma.gob.cl\/index.php\/wp-json\/wp\/v2\/categories?post=14843"},{"taxonomy":"post_tag","embeddable":true,"href":"https:\/\/renfa.sma.gob.cl\/index.php\/wp-json\/wp\/v2\/tags?post=14843"}],"curies":[{"name":"wp","href":"https:\/\/api.w.org\/{rel}","templated":true}]}}