{"id":14869,"date":"2018-12-28T09:32:12","date_gmt":"2018-12-28T12:32:12","guid":{"rendered":"http:\/\/renfa.sma.gob.cl\/?p=14869"},"modified":"2019-01-02T10:46:24","modified_gmt":"2019-01-02T13:46:24","slug":"sernageomin-y-sma-firman-convenio-de-cooperacion","status":"publish","type":"post","link":"https:\/\/renfa.sma.gob.cl\/index.php\/2018\/12\/28\/sernageomin-y-sma-firman-convenio-de-cooperacion\/","title":{"rendered":"SERNAGEOMIN y SMA firman convenio de cooperaci\u00f3n"},"content":{"rendered":"<div class=\"fusion-fullwidth fullwidth-box nonhundred-percent-fullwidth non-hundred-percent-height-scrolling\"  style='background-color: #ffffff;background-position: center center;background-repeat: no-repeat;padding-top:0px;padding-right:0px;padding-bottom:0px;padding-left:0px;'><div class=\"fusion-builder-row fusion-row \"><div  class=\"fusion-layout-column fusion_builder_column fusion_builder_column_1_1 fusion-builder-column-1 fusion-one-full fusion-column-first fusion-column-last 1_1\"  style='margin-top:0px;margin-bottom:0px;'>\n\t\t\t\t\t<div class=\"fusion-column-wrapper\" style=\"padding: 0px 0px 0px 0px;background-position:left top;background-repeat:no-repeat;-webkit-background-size:cover;-moz-background-size:cover;-o-background-size:cover;background-size:cover;\"   data-bg-url=\"\">\n\t\t\t\t\t\t<div class=\"fusion-text\"><p>El 26 de diciembre fue suscrito el convenio de colaboraci\u00f3n sobre fiscalizaci\u00f3n ambiental entre el Servicio nacional de Geolog\u00eda y Miner\u00eda, y la Superintendencia del Medio Ambiente.<\/p>\n<p>El convenio, trabajado en forma conjunta por las \u00e1reas t\u00e9cnicas y jur\u00eddicas de ambas instituciones, busca reforzar el sistema de colaboraci\u00f3n en materias de fiscalizaci\u00f3n ambiental, en el marco de la LO-SMA, y definir canales de colaboraci\u00f3n entre ambos servicios en caso de actividades no programadas, situaciones de riesgo para el medio ambiente, y para la gesti\u00f3n de emergencias o contingencias ambientales en materias mineras.<\/p>\n<p>Entre los acuerdos del convenio, se encuentra la creaci\u00f3n una mesa de trabajo t\u00e9cnico-jur\u00eddica, que deber\u00e1 definir en el plazo de un a\u00f1o, por una parte, un formato de reporte t\u00e9cnico espec\u00edfico que permita relevar las principales materias observadas en fiscalizaciones a proyectos mineros, y por otro lado, trabajar en la identificaci\u00f3n de eventuales hip\u00f3tesis o situaciones de superposici\u00f3n de competencias de fiscalizaci\u00f3n y sanci\u00f3n.<\/p>\n<p>La firma del convenio, se enmarca en el plan de trabajo de la RENFA 2017-2023, el cual ha establecido diversas l\u00edneas de trabajo para fortalecer la labor del Estado en materia de fiscalizaci\u00f3n ambiental. Este convenio es el quinto en esta l\u00ednea, sumando a los ya suscritos por la SMA con la Superintendencia de Servicios Sanitarios (SISS), Servicio Nacional de Pesca y Acuicultura (SERNAPESCA), Direcci\u00f3n General del Territorio Mar\u00edtimo y de Marina Mercante (DIRECTEMAR) y con la Subsecretar\u00eda de Salud P\u00fablica.<\/p>\n<p>Descarga el convenio, <a href=\"http:\/\/renfa.sma.gob.cl\/index.php\/download\/r-e-n-1631_2018_-convenio-sngm-sma\/\">aqu\u00ed<\/a><\/p>\n<\/div><div class=\"fusion-clearfix\"><\/div>\n\n\t\t\t\t\t<\/div>\n\t\t\t\t<\/div><\/div><\/div>\n","protected":false},"excerpt":{"rendered":"","protected":false},"author":2,"featured_media":14872,"comment_status":"open","ping_status":"open","sticky":false,"template":"","format":"standard","meta":{"footnotes":""},"categories":[42],"tags":[],"_links":{"self":[{"href":"https:\/\/renfa.sma.gob.cl\/index.php\/wp-json\/wp\/v2\/posts\/14869"}],"collection":[{"href":"https:\/\/renfa.sma.gob.cl\/index.php\/wp-json\/wp\/v2\/posts"}],"about":[{"href":"https:\/\/renfa.sma.gob.cl\/index.php\/wp-json\/wp\/v2\/types\/post"}],"author":[{"embeddable":true,"href":"https:\/\/renfa.sma.gob.cl\/index.php\/wp-json\/wp\/v2\/users\/2"}],"replies":[{"embeddable":true,"href":"https:\/\/renfa.sma.gob.cl\/index.php\/wp-json\/wp\/v2\/comments?post=14869"}],"version-history":[{"count":6,"href":"https:\/\/renfa.sma.gob.cl\/index.php\/wp-json\/wp\/v2\/posts\/14869\/revisions"}],"predecessor-version":[{"id":14878,"href":"https:\/\/renfa.sma.gob.cl\/index.php\/wp-json\/wp\/v2\/posts\/14869\/revisions\/14878"}],"wp:featuredmedia":[{"embeddable":true,"href":"https:\/\/renfa.sma.gob.cl\/index.php\/wp-json\/wp\/v2\/media\/14872"}],"wp:attachment":[{"href":"https:\/\/renfa.sma.gob.cl\/index.php\/wp-json\/wp\/v2\/media?parent=14869"}],"wp:term":[{"taxonomy":"category","embeddable":true,"href":"https:\/\/renfa.sma.gob.cl\/index.php\/wp-json\/wp\/v2\/categories?post=14869"},{"taxonomy":"post_tag","embeddable":true,"href":"https:\/\/renfa.sma.gob.cl\/index.php\/wp-json\/wp\/v2\/tags?post=14869"}],"curies":[{"name":"wp","href":"https:\/\/api.w.org\/{rel}","templated":true}]}}