{"id":14989,"date":"2019-04-25T15:04:48","date_gmt":"2019-04-25T19:04:48","guid":{"rendered":"http:\/\/renfa.sma.gob.cl\/?p=14989"},"modified":"2019-04-25T15:04:48","modified_gmt":"2019-04-25T19:04:48","slug":"10-consejo-consultivo-renfa","status":"publish","type":"post","link":"https:\/\/renfa.sma.gob.cl\/index.php\/2019\/04\/25\/10-consejo-consultivo-renfa\/","title":{"rendered":"10\u00b0 Consejo Consultivo RENFA"},"content":{"rendered":"<div class=\"fusion-fullwidth fullwidth-box nonhundred-percent-fullwidth non-hundred-percent-height-scrolling\"  style='background-color: #ffffff;background-position: center center;background-repeat: no-repeat;padding-top:0px;padding-right:0px;padding-bottom:0px;padding-left:0px;'><div class=\"fusion-builder-row fusion-row \"><div  class=\"fusion-layout-column fusion_builder_column fusion_builder_column_1_1 fusion-builder-column-1 fusion-one-full fusion-column-first fusion-column-last 1_1\"  style='margin-top:0px;margin-bottom:0px;'>\n\t\t\t\t\t<div class=\"fusion-column-wrapper\" style=\"padding: 0px 0px 0px 0px;background-position:left top;background-repeat:no-repeat;-webkit-background-size:cover;-moz-background-size:cover;-o-background-size:cover;background-size:cover;\"   data-bg-url=\"\">\n\t\t\t\t\t\t<div class=\"fusion-text\"><p>El mi\u00e9rcoles 24 de abril se llev\u00f3 a cabo el 10\u00b0 Consejo consultivo de la RENFA, instancia que cont\u00f3 con la participaci\u00f3n de representantes de 13 servicios miembros.<\/p>\n<p>En la instancia se dio cuenta de los resultados de los programas y subprogramas de fiscalizaci\u00f3n del a\u00f1o 2018, la propuesta de fiscalizaci\u00f3n ambiental territorial con miras al 2020, los avances en materia de emergencias ambientales y otras iniciativas.<\/p>\n<p>En el marco del trabajo conjunto con los servicios, se destac\u00f3 la iniciativa para fortalecer el seguimiento ambiental para el componente Aguas, generada en conjunto entre la SMA, DIRECTEMAR y la DGA, la cual culminar\u00e1 en una instrucci\u00f3n a ser dictada por la Superintendencia del Medio Ambiente que instruir\u00e1 a los titulares de proyectos a entregar los datos de los seguimientos ambientales de ciertas variables ambientales.<\/p>\n<p>El consejo Consultivo de la RENFA sesiona dos veces en el a\u00f1o, siendo el pr\u00f3ximo en el mes de diciembre de 2019.<\/p>\n<\/div><div class=\"fusion-clearfix\"><\/div>\n\n\t\t\t\t\t<\/div>\n\t\t\t\t<\/div><\/div><\/div>\n","protected":false},"excerpt":{"rendered":"","protected":false},"author":2,"featured_media":14991,"comment_status":"open","ping_status":"open","sticky":false,"template":"","format":"standard","meta":{"footnotes":""},"categories":[42],"tags":[],"_links":{"self":[{"href":"https:\/\/renfa.sma.gob.cl\/index.php\/wp-json\/wp\/v2\/posts\/14989"}],"collection":[{"href":"https:\/\/renfa.sma.gob.cl\/index.php\/wp-json\/wp\/v2\/posts"}],"about":[{"href":"https:\/\/renfa.sma.gob.cl\/index.php\/wp-json\/wp\/v2\/types\/post"}],"author":[{"embeddable":true,"href":"https:\/\/renfa.sma.gob.cl\/index.php\/wp-json\/wp\/v2\/users\/2"}],"replies":[{"embeddable":true,"href":"https:\/\/renfa.sma.gob.cl\/index.php\/wp-json\/wp\/v2\/comments?post=14989"}],"version-history":[{"count":1,"href":"https:\/\/renfa.sma.gob.cl\/index.php\/wp-json\/wp\/v2\/posts\/14989\/revisions"}],"predecessor-version":[{"id":14992,"href":"https:\/\/renfa.sma.gob.cl\/index.php\/wp-json\/wp\/v2\/posts\/14989\/revisions\/14992"}],"wp:featuredmedia":[{"embeddable":true,"href":"https:\/\/renfa.sma.gob.cl\/index.php\/wp-json\/wp\/v2\/media\/14991"}],"wp:attachment":[{"href":"https:\/\/renfa.sma.gob.cl\/index.php\/wp-json\/wp\/v2\/media?parent=14989"}],"wp:term":[{"taxonomy":"category","embeddable":true,"href":"https:\/\/renfa.sma.gob.cl\/index.php\/wp-json\/wp\/v2\/categories?post=14989"},{"taxonomy":"post_tag","embeddable":true,"href":"https:\/\/renfa.sma.gob.cl\/index.php\/wp-json\/wp\/v2\/tags?post=14989"}],"curies":[{"name":"wp","href":"https:\/\/api.w.org\/{rel}","templated":true}]}}