{"id":15056,"date":"2019-09-27T09:44:03","date_gmt":"2019-09-27T12:44:03","guid":{"rendered":"http:\/\/renfa.sma.gob.cl\/?p=15056"},"modified":"2019-09-27T09:44:03","modified_gmt":"2019-09-27T12:44:03","slug":"sma-inaugura-oficina-regional-en-region-del-nuble","status":"publish","type":"post","link":"https:\/\/renfa.sma.gob.cl\/index.php\/2019\/09\/27\/sma-inaugura-oficina-regional-en-region-del-nuble\/","title":{"rendered":"SMA inaugura oficina regional en Regi\u00f3n del \u00d1uble"},"content":{"rendered":"<p>El Superintendente del Medio Ambiente (S), Rub\u00e9n Verdugo, inaugur\u00f3 ayer la d\u00e9cimo sexta oficina regional de la Superintendencia del Medio Ambiente en Chill\u00e1n, capital de la nueva Regi\u00f3n de \u00d1uble, que este mes de septiembre celebr\u00f3 un a\u00f1o desde su creaci\u00f3n. Con esto, se completa la instalaci\u00f3n de la SMA en todas las capitales regionales del pa\u00eds.<\/p>\n<p>\u201cQuisiera destacar que hoy estamos dando un gran paso para nuestra Superintendencia: hemos cumplido con la meta de llevar oficinas regionales a cada regi\u00f3n del pa\u00eds. Ha sido un trabajo arduo, que ha involucrado recursos materiales, pero sobre todo humanos, ya que hemos casi triplicado la cantidad de funcionarios de la SMA en cuatro a\u00f1os\u201d, dijo Verdugo al inaugurar el evento.<\/p>\n<p>El Superintendente a\u00f1adi\u00f3 que, si bien la SMA opera desde 2013 en todo Chile, en el caso de \u00d1uble, las fiscalizaciones se realizaban al alero de la Oficina Regional del Biob\u00edo, pues a\u00fan no se la declaraba oficialmente como regi\u00f3n independiente. Ahora, con una repartici\u00f3n ubicada en Chill\u00e1n \u201clos vecinos de esta zona y sus alrededores podr\u00e1n acercarse a la SMA, no s\u00f3lo a hacer denuncias, sino a informarse de nuestro actuar fiscalizador y sancionador. Obviamente, tambi\u00e9n es un lugar donde empresas y sus representantes encontrar\u00e1n asistencia al cumplimiento\u201d, expres\u00f3 Verdugo.<\/p>\n<p>En la oportunidad, se present\u00f3 al nuevo Jefe Regional de \u00d1uble, Cristi\u00e1n Lineros, ingeniero civil industrial e ingeniero forestal de la Universidad Cat\u00f3lica de Temuco, y quien previo a su llegada a la SMA se desempe\u00f1aba como jefe de \u00e1rea evaluaci\u00f3n ambiental en el Servicio de Evaluaci\u00f3n Ambiental (SEA) del Ministerio del Medio Ambiente en la Regi\u00f3n de La Araucan\u00eda.<\/p>\n<p>La nueva oficina adem\u00e1s estar\u00e1 conformada por fiscalizadores, y la direcci\u00f3n de las dependencias de la SMA es calle\u00a0<strong>Libertad 790, Chill\u00e1n. Su horario de atenci\u00f3n al p\u00fablico ser\u00e1 de 9.00 a 13.00 horas de lunes a viernes.<\/strong><\/p>\n<p>Cabe recordar que la SMA es el organismo encargado de la fiscalizaci\u00f3n y sanci\u00f3n ambiental respecto de las Resoluciones de Calificaci\u00f3n Ambiental, las Normas de Emisi\u00f3n, Normas de Calidad y Planes de Descontaminaci\u00f3n.<\/p>\n<p><strong>Cifras de la regi\u00f3n de \u00d1uble<\/strong><\/p>\n<p>En la regi\u00f3n de \u00d1uble existen, hasta el momento, 364 Unidades Fiscalizables para la SMA, lo cual representa un 2,3% del total nacional. La mayor\u00eda de estas instalaciones se concentran en la categor\u00eda de Equipamiento (99 unidades), seguida por saneamiento ambiental (63).<\/p>\n<p>A nivel de fiscalizaci\u00f3n, desde 2013 a la fecha, existen casi 1.300 expedientes y 17 procesos sancionatorios. Dentro de estos \u00faltimos, cabe mencionar que las empresas han optado por presentar Programas de Cumplimiento, que corresponde a acciones y metas que deben realizarse dentro de un plazo fijado por la Superintendencia, para volver al cumplimiento ambiental. En ese sentido, en la regi\u00f3n se est\u00e1n desarrollando programas de cumplimiento de las siguientes empresas:<\/p>\n<ul>\n<li>Complejo Celco Nueva Aldea (Celulosa Arauco y Constituci\u00f3n), en la comuna de R\u00e1nquil por casi $ 6.200 millones.<\/li>\n<li>Cita Hera Ecob\u00edo (Ecob\u00edo S.A.) en Chill\u00e1n Viejo, con dos programas, uno por $1.085 millones y otro por $ 577 millones.<\/li>\n<li>Frigosur (Frigosur Limitada) en Chill\u00e1n por $49 millones.<\/li>\n<\/ul>\n<p>En el caso de las sanciones se han terminado 5 casos, los que en total se han cursado 122 Unidades Tributarias Anuales (UTA), equivalentes a m\u00e1s de $71 millones. En la zona tambi\u00e9n se ha aplicado una de las mayores sanciones no pecuniarias de la Superintendencia: la clausura definitiva del Plantel de Cerdos Santa Josefina en la comuna de Coihueco. Este \u00faltimo se encuentra en proceso de despoblamiento progresivo, el cual deber\u00e1 finalizar en abril de 2020.<\/p>\n","protected":false},"excerpt":{"rendered":"<p>El Superintendente del Medio Ambiente (S), Rub\u00e9n Verdugo, inaugur\u00f3 ayer la d\u00e9cimo sexta oficina regional de la Superintendencia del Medio Ambiente en Chill\u00e1n, capital de la nueva Regi\u00f3n de \u00d1uble, que este mes de septiembre celebr\u00f3 un a\u00f1o desde su creaci\u00f3n. Con esto, se completa la instalaci\u00f3n de la SMA en todas las capitales regionales del [&hellip;]<\/p>\n","protected":false},"author":2,"featured_media":15057,"comment_status":"open","ping_status":"open","sticky":false,"template":"","format":"standard","meta":{"footnotes":""},"categories":[42],"tags":[],"_links":{"self":[{"href":"https:\/\/renfa.sma.gob.cl\/index.php\/wp-json\/wp\/v2\/posts\/15056"}],"collection":[{"href":"https:\/\/renfa.sma.gob.cl\/index.php\/wp-json\/wp\/v2\/posts"}],"about":[{"href":"https:\/\/renfa.sma.gob.cl\/index.php\/wp-json\/wp\/v2\/types\/post"}],"author":[{"embeddable":true,"href":"https:\/\/renfa.sma.gob.cl\/index.php\/wp-json\/wp\/v2\/users\/2"}],"replies":[{"embeddable":true,"href":"https:\/\/renfa.sma.gob.cl\/index.php\/wp-json\/wp\/v2\/comments?post=15056"}],"version-history":[{"count":1,"href":"https:\/\/renfa.sma.gob.cl\/index.php\/wp-json\/wp\/v2\/posts\/15056\/revisions"}],"predecessor-version":[{"id":15058,"href":"https:\/\/renfa.sma.gob.cl\/index.php\/wp-json\/wp\/v2\/posts\/15056\/revisions\/15058"}],"wp:featuredmedia":[{"embeddable":true,"href":"https:\/\/renfa.sma.gob.cl\/index.php\/wp-json\/wp\/v2\/media\/15057"}],"wp:attachment":[{"href":"https:\/\/renfa.sma.gob.cl\/index.php\/wp-json\/wp\/v2\/media?parent=15056"}],"wp:term":[{"taxonomy":"category","embeddable":true,"href":"https:\/\/renfa.sma.gob.cl\/index.php\/wp-json\/wp\/v2\/categories?post=15056"},{"taxonomy":"post_tag","embeddable":true,"href":"https:\/\/renfa.sma.gob.cl\/index.php\/wp-json\/wp\/v2\/tags?post=15056"}],"curies":[{"name":"wp","href":"https:\/\/api.w.org\/{rel}","templated":true}]}}