{"id":15133,"date":"2020-06-19T13:16:30","date_gmt":"2020-06-19T17:16:30","guid":{"rendered":"http:\/\/renfa.sma.gob.cl\/?p=15133"},"modified":"2020-06-19T13:16:30","modified_gmt":"2020-06-19T17:16:30","slug":"2-charla-de-capacitacion-2020-en-temas-acuicolas","status":"publish","type":"post","link":"https:\/\/renfa.sma.gob.cl\/index.php\/2020\/06\/19\/2-charla-de-capacitacion-2020-en-temas-acuicolas\/","title":{"rendered":"2\u00b0 Charla de capacitaci\u00f3n 2020, en temas acu\u00edcolas"},"content":{"rendered":"<p>Durante la jornada del 19 de junio, se llevo a cabo la segunda charla del ciclo de capacitaciones en materias acu\u00edcolas, en el marco del convenio de cooperaci\u00f3n entre SMA y SERNAPESCA.<\/p>\n<p>La instancia, que cont\u00f3 con la participaci\u00f3n de m\u00e1s de 40 profesionales de ambas instituciones, abord\u00f3 los aspectos operativos para la realizaci\u00f3n de los Informes Ambiental (INFA), donde tambi\u00e9n se tuvo la oportunidad de revisar\u00a0 estudios de casos.<\/p>\n<p>La sesi\u00f3n, tambi\u00e9n se cont\u00f3 con la participaci\u00f3n de expositores de la Subsecretar\u00eda de Pesca, quienes aportaron con aspectos normativos respecto de los temas tratados.<\/p>\n<p>&nbsp;<\/p>\n<p>&nbsp;<\/p>\n<p>&nbsp;<\/p>\n<p>&nbsp;<\/p>\n<p>&nbsp;<\/p>\n<p>&nbsp;<\/p>\n<p>&nbsp;<\/p>\n<p>&nbsp;<\/p>\n","protected":false},"excerpt":{"rendered":"<p>Durante la jornada del 19 de junio, se llevo a cabo la segunda charla del ciclo de capacitaciones en materias acu\u00edcolas, en el marco del convenio de cooperaci\u00f3n entre SMA y SERNAPESCA. La instancia, que cont\u00f3 con la participaci\u00f3n de m\u00e1s de 40 profesionales de ambas instituciones, abord\u00f3 los aspectos operativos para la realizaci\u00f3n de los [&hellip;]<\/p>\n","protected":false},"author":2,"featured_media":15134,"comment_status":"open","ping_status":"open","sticky":false,"template":"","format":"standard","meta":{"footnotes":""},"categories":[42],"tags":[],"_links":{"self":[{"href":"https:\/\/renfa.sma.gob.cl\/index.php\/wp-json\/wp\/v2\/posts\/15133"}],"collection":[{"href":"https:\/\/renfa.sma.gob.cl\/index.php\/wp-json\/wp\/v2\/posts"}],"about":[{"href":"https:\/\/renfa.sma.gob.cl\/index.php\/wp-json\/wp\/v2\/types\/post"}],"author":[{"embeddable":true,"href":"https:\/\/renfa.sma.gob.cl\/index.php\/wp-json\/wp\/v2\/users\/2"}],"replies":[{"embeddable":true,"href":"https:\/\/renfa.sma.gob.cl\/index.php\/wp-json\/wp\/v2\/comments?post=15133"}],"version-history":[{"count":1,"href":"https:\/\/renfa.sma.gob.cl\/index.php\/wp-json\/wp\/v2\/posts\/15133\/revisions"}],"predecessor-version":[{"id":15135,"href":"https:\/\/renfa.sma.gob.cl\/index.php\/wp-json\/wp\/v2\/posts\/15133\/revisions\/15135"}],"wp:featuredmedia":[{"embeddable":true,"href":"https:\/\/renfa.sma.gob.cl\/index.php\/wp-json\/wp\/v2\/media\/15134"}],"wp:attachment":[{"href":"https:\/\/renfa.sma.gob.cl\/index.php\/wp-json\/wp\/v2\/media?parent=15133"}],"wp:term":[{"taxonomy":"category","embeddable":true,"href":"https:\/\/renfa.sma.gob.cl\/index.php\/wp-json\/wp\/v2\/categories?post=15133"},{"taxonomy":"post_tag","embeddable":true,"href":"https:\/\/renfa.sma.gob.cl\/index.php\/wp-json\/wp\/v2\/tags?post=15133"}],"curies":[{"name":"wp","href":"https:\/\/api.w.org\/{rel}","templated":true}]}}