{"id":15143,"date":"2020-07-01T18:54:52","date_gmt":"2020-07-01T22:54:52","guid":{"rendered":"http:\/\/renfa.sma.gob.cl\/?p=15143"},"modified":"2020-07-01T18:54:52","modified_gmt":"2020-07-01T22:54:52","slug":"exitoso-webinar-fiscalizando-en-tiempos-de-covid-19","status":"publish","type":"post","link":"https:\/\/renfa.sma.gob.cl\/index.php\/2020\/07\/01\/exitoso-webinar-fiscalizando-en-tiempos-de-covid-19\/","title":{"rendered":"Exitoso webinar fiscalizando en tiempos de covid-19"},"content":{"rendered":"<div class=\"fusion-fullwidth fullwidth-box nonhundred-percent-fullwidth non-hundred-percent-height-scrolling\"  style='background-color: #ffffff;background-position: center center;background-repeat: no-repeat;padding-top:0px;padding-right:0px;padding-bottom:0px;padding-left:0px;'><div class=\"fusion-builder-row fusion-row \"><div  class=\"fusion-layout-column fusion_builder_column fusion_builder_column_1_1 fusion-builder-column-1 fusion-one-full fusion-column-first fusion-column-last 1_1\"  style='margin-top:0px;margin-bottom:0px;'>\n\t\t\t\t\t<div class=\"fusion-column-wrapper\" style=\"padding: 0px 0px 0px 0px;background-position:left top;background-repeat:no-repeat;-webkit-background-size:cover;-moz-background-size:cover;-o-background-size:cover;background-size:cover;\"   data-bg-url=\"\">\n\t\t\t\t\t\t<div class=\"fusion-text\"><p>Este mi\u00e9rcoles 1 de julio, se llevo a cabo el webinar <em><strong>&#8220;Fiscalizando en tiempos de covid-19: \u00bfComo nos adaptamos para asegurar el cumplimiento normativo y ambiental?&#8221;<\/strong><\/em>, organizado por la Superintendencia del Medio Ambiente.<\/p>\n<p>La instancia, transmitida por el canal de youtube de la SMA, se dividi\u00f3 en dos bloques. El primero, cont\u00f3 con la participaci\u00f3n Alicia Gallardo, Directora del Servicio Nacional de Pesca y Acuicultura; Jorge Rivas, Superintendente de la Superintendencia de Servicios Sanitarios; y Crist\u00f3bal de la Maza, Superintendente del Medio Ambiente, como representantes de la Red Nacional de Fiscalizaci\u00f3n, y de dos representantes del sector privado (Hidronor y Angloamerican), en el cual se compartieron experiencias y medidas abordadas por cada una de las instituciones, para adaptarse a las condiciones actuales.<\/p>\n<p>En el dialogo,\u00a0 fue consenso que la transformaci\u00f3n digital llego para quedarse y que las instituciones han tenido que adelantar su implementaci\u00f3n con la situaci\u00f3n de pandemia, para dar frente a los desaf\u00edos que implica el distanciamiento social. En este sentido, se compartieron y destacaron experiencias con el uso de tecnolog\u00edas, conexiones en l\u00ednea, y aplicaci\u00f3n de medidas de bioseguridad para continuar con las labores de fiscalizaci\u00f3n, y adem\u00e1s del empleo de redes sociales y canales virtuales para mantener la comunicaci\u00f3n con los regulados y la comunidad en general.<\/p>\n<p>El segundo bloque, a cargo de Rub\u00e9n Verdugo, de la Divisi\u00f3n de Fiscalizaci\u00f3n de la SMA; Ver\u00f3nica Vergara, Jefa de \u00c1reas de Aguas Servidas y Riles de la SISS; y Marcela Lara, Subdirectora de Acuicultura de SERNAPESCA, se trat\u00f3 con mayor profundidad las medias que cada una de las tres instituciones p\u00fablicas han empleado para continuar con las acciones de fiscalizaci\u00f3n.<\/p>\n<p>Para revisar el webinar, acceder<a href=\"https:\/\/www.youtube.com\/watch?v=nuG68emAQ2o\"> aqu\u00ed<\/a><\/p>\n<\/div><div class=\"fusion-clearfix\"><\/div>\n\n\t\t\t\t\t<\/div>\n\t\t\t\t<\/div><\/div><\/div>\n","protected":false},"excerpt":{"rendered":"","protected":false},"author":2,"featured_media":15147,"comment_status":"open","ping_status":"open","sticky":false,"template":"","format":"standard","meta":{"footnotes":""},"categories":[42],"tags":[],"_links":{"self":[{"href":"https:\/\/renfa.sma.gob.cl\/index.php\/wp-json\/wp\/v2\/posts\/15143"}],"collection":[{"href":"https:\/\/renfa.sma.gob.cl\/index.php\/wp-json\/wp\/v2\/posts"}],"about":[{"href":"https:\/\/renfa.sma.gob.cl\/index.php\/wp-json\/wp\/v2\/types\/post"}],"author":[{"embeddable":true,"href":"https:\/\/renfa.sma.gob.cl\/index.php\/wp-json\/wp\/v2\/users\/2"}],"replies":[{"embeddable":true,"href":"https:\/\/renfa.sma.gob.cl\/index.php\/wp-json\/wp\/v2\/comments?post=15143"}],"version-history":[{"count":1,"href":"https:\/\/renfa.sma.gob.cl\/index.php\/wp-json\/wp\/v2\/posts\/15143\/revisions"}],"predecessor-version":[{"id":15148,"href":"https:\/\/renfa.sma.gob.cl\/index.php\/wp-json\/wp\/v2\/posts\/15143\/revisions\/15148"}],"wp:featuredmedia":[{"embeddable":true,"href":"https:\/\/renfa.sma.gob.cl\/index.php\/wp-json\/wp\/v2\/media\/15147"}],"wp:attachment":[{"href":"https:\/\/renfa.sma.gob.cl\/index.php\/wp-json\/wp\/v2\/media?parent=15143"}],"wp:term":[{"taxonomy":"category","embeddable":true,"href":"https:\/\/renfa.sma.gob.cl\/index.php\/wp-json\/wp\/v2\/categories?post=15143"},{"taxonomy":"post_tag","embeddable":true,"href":"https:\/\/renfa.sma.gob.cl\/index.php\/wp-json\/wp\/v2\/tags?post=15143"}],"curies":[{"name":"wp","href":"https:\/\/api.w.org\/{rel}","templated":true}]}}