{"id":15160,"date":"2020-07-29T16:49:58","date_gmt":"2020-07-29T20:49:58","guid":{"rendered":"http:\/\/renfa.sma.gob.cl\/?p=15160"},"modified":"2020-08-21T15:08:56","modified_gmt":"2020-08-21T19:08:56","slug":"sma-realizada-capacitacion-sma-os-a-sernageomin","status":"publish","type":"post","link":"https:\/\/renfa.sma.gob.cl\/index.php\/2020\/07\/29\/sma-realizada-capacitacion-sma-os-a-sernageomin\/","title":{"rendered":"SMA realiza capacitaci\u00f3n SMA-OS a SERNAGEOMIN"},"content":{"rendered":"<div class=\"fusion-fullwidth fullwidth-box nonhundred-percent-fullwidth non-hundred-percent-height-scrolling\"  style='background-color: #ffffff;background-position: center center;background-repeat: no-repeat;padding-top:0px;padding-right:0px;padding-bottom:0px;padding-left:0px;'><div class=\"fusion-builder-row fusion-row \"><div  class=\"fusion-layout-column fusion_builder_column fusion_builder_column_1_1 fusion-builder-column-1 fusion-one-full fusion-column-first fusion-column-last 1_1\"  style='margin-top:0px;margin-bottom:0px;'>\n\t\t\t\t\t<div class=\"fusion-column-wrapper\" style=\"padding: 0px 0px 0px 0px;background-position:left top;background-repeat:no-repeat;-webkit-background-size:cover;-moz-background-size:cover;-o-background-size:cover;background-size:cover;\"   data-bg-url=\"\">\n\t\t\t\t\t\t<div class=\"fusion-text\"><p>En el marco del convenio de cooperaci\u00f3n existente entre la Superintendencia del Medio Ambiente y el Servicio Nacional de Geolog\u00eda y Miner\u00eda, la jornada del 29 de julio, profesionales de la Divisi\u00f3n de Fiscalizaci\u00f3n de la Superintendencia del Medio Ambiente, efectuaron una capacitaci\u00f3n on-line.<\/p>\n<p>La instancia, en la que participaron m\u00e1s de 40 profesionales de las diversas oficinas regionales y distritos zonales de SERNAGEOMIN, tuvo como objeto capacitar respecto del uso y funcionalidades del sistema SMA-OS, plataforma dise\u00f1ada para la encomendaci\u00f3n y tramitaci\u00f3n de seguimientos ambiental resultantes de los procesos de evaluaci\u00f3n ambiental.<\/p>\n<p>Adicionalmente, se abordaron conceptos esenciales como el de Unidad Fiscalizable y los criterios e instancias de\u00a0 coordinaci\u00f3n existente\u00a0 para la encomendaci\u00f3n y ejecuci\u00f3n de actividades de examenes de informaci\u00f3n, en el marco de los procesos de fiscalizaci\u00f3n.<\/p>\n<\/div><div class=\"fusion-clearfix\"><\/div>\n\n\t\t\t\t\t<\/div>\n\t\t\t\t<\/div><\/div><\/div>\n","protected":false},"excerpt":{"rendered":"","protected":false},"author":2,"featured_media":15161,"comment_status":"open","ping_status":"open","sticky":false,"template":"","format":"standard","meta":{"footnotes":""},"categories":[42],"tags":[],"_links":{"self":[{"href":"https:\/\/renfa.sma.gob.cl\/index.php\/wp-json\/wp\/v2\/posts\/15160"}],"collection":[{"href":"https:\/\/renfa.sma.gob.cl\/index.php\/wp-json\/wp\/v2\/posts"}],"about":[{"href":"https:\/\/renfa.sma.gob.cl\/index.php\/wp-json\/wp\/v2\/types\/post"}],"author":[{"embeddable":true,"href":"https:\/\/renfa.sma.gob.cl\/index.php\/wp-json\/wp\/v2\/users\/2"}],"replies":[{"embeddable":true,"href":"https:\/\/renfa.sma.gob.cl\/index.php\/wp-json\/wp\/v2\/comments?post=15160"}],"version-history":[{"count":4,"href":"https:\/\/renfa.sma.gob.cl\/index.php\/wp-json\/wp\/v2\/posts\/15160\/revisions"}],"predecessor-version":[{"id":15174,"href":"https:\/\/renfa.sma.gob.cl\/index.php\/wp-json\/wp\/v2\/posts\/15160\/revisions\/15174"}],"wp:featuredmedia":[{"embeddable":true,"href":"https:\/\/renfa.sma.gob.cl\/index.php\/wp-json\/wp\/v2\/media\/15161"}],"wp:attachment":[{"href":"https:\/\/renfa.sma.gob.cl\/index.php\/wp-json\/wp\/v2\/media?parent=15160"}],"wp:term":[{"taxonomy":"category","embeddable":true,"href":"https:\/\/renfa.sma.gob.cl\/index.php\/wp-json\/wp\/v2\/categories?post=15160"},{"taxonomy":"post_tag","embeddable":true,"href":"https:\/\/renfa.sma.gob.cl\/index.php\/wp-json\/wp\/v2\/tags?post=15160"}],"curies":[{"name":"wp","href":"https:\/\/api.w.org\/{rel}","templated":true}]}}