{"id":15184,"date":"2020-08-28T16:41:52","date_gmt":"2020-08-28T20:41:52","guid":{"rendered":"http:\/\/renfa.sma.gob.cl\/?p=15184"},"modified":"2020-08-28T16:43:38","modified_gmt":"2020-08-28T20:43:38","slug":"charla-de-difusion-a-profesionales-de-atencion-ciudadana","status":"publish","type":"post","link":"https:\/\/renfa.sma.gob.cl\/index.php\/2020\/08\/28\/charla-de-difusion-a-profesionales-de-atencion-ciudadana\/","title":{"rendered":"Charla de difusi\u00f3n a profesionales de atenci\u00f3n ciudadana"},"content":{"rendered":"<div class=\"fusion-fullwidth fullwidth-box nonhundred-percent-fullwidth non-hundred-percent-height-scrolling\"  style='background-color: #ffffff;background-position: center center;background-repeat: no-repeat;padding-top:0px;padding-right:0px;padding-bottom:0px;padding-left:0px;'><div class=\"fusion-builder-row fusion-row \"><div  class=\"fusion-layout-column fusion_builder_column fusion_builder_column_1_1 fusion-builder-column-1 fusion-one-full fusion-column-first fusion-column-last 1_1\"  style='margin-top:0px;margin-bottom:0px;'>\n\t\t\t\t\t<div class=\"fusion-column-wrapper\" style=\"padding: 0px 0px 0px 0px;background-position:left top;background-repeat:no-repeat;-webkit-background-size:cover;-moz-background-size:cover;-o-background-size:cover;background-size:cover;\"   data-bg-url=\"\">\n\t\t\t\t\t\t<div class=\"fusion-text\"><p>El viernes 28 de agosto, la Superintendencia del Medio Ambiente realiz\u00f3 una charla informativa a profesionales de los departamentos y unidades de atenci\u00f3n ciudadana y de oficina de partes, de los\u00a0 organismos que componen la Red Nacional de Fiscalizaci\u00f3n Ambiental, con el fin de darle a conocer el nuevo sistema online de ingreso de denuncias ciudadanas, que pr\u00f3ximamente lanzar\u00e1 la instituci\u00f3n.<\/p>\n<p>La instancia, fue liderada la profesionales de la oficina de transparencia y participaci\u00f3n ciudadana de la SMA, quienes adem\u00e1s de presentar el nuevo sistema pudieron responder consultar respecto del tipo de materias que deben ser denunciadas a la la autoridad ambiental.<\/p>\n<\/div><div class=\"fusion-clearfix\"><\/div>\n\n\t\t\t\t\t<\/div>\n\t\t\t\t<\/div><\/div><\/div>\n","protected":false},"excerpt":{"rendered":"","protected":false},"author":2,"featured_media":15187,"comment_status":"open","ping_status":"open","sticky":false,"template":"","format":"standard","meta":{"footnotes":""},"categories":[42],"tags":[],"_links":{"self":[{"href":"https:\/\/renfa.sma.gob.cl\/index.php\/wp-json\/wp\/v2\/posts\/15184"}],"collection":[{"href":"https:\/\/renfa.sma.gob.cl\/index.php\/wp-json\/wp\/v2\/posts"}],"about":[{"href":"https:\/\/renfa.sma.gob.cl\/index.php\/wp-json\/wp\/v2\/types\/post"}],"author":[{"embeddable":true,"href":"https:\/\/renfa.sma.gob.cl\/index.php\/wp-json\/wp\/v2\/users\/2"}],"replies":[{"embeddable":true,"href":"https:\/\/renfa.sma.gob.cl\/index.php\/wp-json\/wp\/v2\/comments?post=15184"}],"version-history":[{"count":2,"href":"https:\/\/renfa.sma.gob.cl\/index.php\/wp-json\/wp\/v2\/posts\/15184\/revisions"}],"predecessor-version":[{"id":15188,"href":"https:\/\/renfa.sma.gob.cl\/index.php\/wp-json\/wp\/v2\/posts\/15184\/revisions\/15188"}],"wp:featuredmedia":[{"embeddable":true,"href":"https:\/\/renfa.sma.gob.cl\/index.php\/wp-json\/wp\/v2\/media\/15187"}],"wp:attachment":[{"href":"https:\/\/renfa.sma.gob.cl\/index.php\/wp-json\/wp\/v2\/media?parent=15184"}],"wp:term":[{"taxonomy":"category","embeddable":true,"href":"https:\/\/renfa.sma.gob.cl\/index.php\/wp-json\/wp\/v2\/categories?post=15184"},{"taxonomy":"post_tag","embeddable":true,"href":"https:\/\/renfa.sma.gob.cl\/index.php\/wp-json\/wp\/v2\/tags?post=15184"}],"curies":[{"name":"wp","href":"https:\/\/api.w.org\/{rel}","templated":true}]}}