{"id":15216,"date":"2020-12-30T12:13:07","date_gmt":"2020-12-30T15:13:07","guid":{"rendered":"http:\/\/renfa.sma.gob.cl\/?p=15216"},"modified":"2020-12-30T12:17:10","modified_gmt":"2020-12-30T15:17:10","slug":"sma-lanza-curso-de-fiscalizacion-e-learning-para-organismos-sectoriales","status":"publish","type":"post","link":"https:\/\/renfa.sma.gob.cl\/index.php\/2020\/12\/30\/sma-lanza-curso-de-fiscalizacion-e-learning-para-organismos-sectoriales\/","title":{"rendered":"SMA lanza curso de fiscalizaci\u00f3n e-learning para organismos sectoriales"},"content":{"rendered":"<div class=\"fusion-fullwidth fullwidth-box nonhundred-percent-fullwidth non-hundred-percent-height-scrolling\"  style='background-color: #ffffff;background-position: center center;background-repeat: no-repeat;padding-top:0px;padding-right:0px;padding-bottom:0px;padding-left:0px;'><div class=\"fusion-builder-row fusion-row \"><div  class=\"fusion-layout-column fusion_builder_column fusion_builder_column_1_1 fusion-builder-column-1 fusion-one-full fusion-column-first fusion-column-last 1_1\"  style='margin-top:0px;margin-bottom:0px;'>\n\t\t\t\t\t<div class=\"fusion-column-wrapper\" style=\"padding: 0px 0px 0px 0px;background-position:left top;background-repeat:no-repeat;-webkit-background-size:cover;-moz-background-size:cover;-o-background-size:cover;background-size:cover;\"   data-bg-url=\"\">\n\t\t\t\t\t\t<div class=\"fusion-text\"><div>La Superintendencia del Medio Ambiente lanza el primer &#8220;Curso b\u00e1sico de fiscalizaci\u00f3n ambiental para organismos sectoriales&#8221;, en modalidad e-learning para para todo\/as aquellos funcionarios y funcionarias que tengan cuenta en el sistema SMA-OS.<\/div>\n<div><\/div>\n<div>La iniciativa, se enmarca en el Plan de trabajo plurianual de la RENFA 2017-2013, espec\u00edficamente en lo relativo el eje de fortalecimiento de competencias de quienes efect\u00faan labores de fiscalizaci\u00f3n ambiental dentro del estado, y junto con el lanzamiento del curso, tambi\u00e9n se estrena la creaci\u00f3n de la plataforma Academia RENFA (https:\/\/academia-renfa.sma.gob.cl\/).<\/div>\n<div><\/div>\n<div>Este primer curso, tiene por objeto entregar conceptos b\u00e1sicos y esenciales para poder desempe\u00f1ar actividades de fiscalizaci\u00f3n ambiental encomendadas por la Superintendencia del Medio Ambiente, y consta de 6 m\u00f3dulos y un set de lecturas complementaria, que abordan definiciones,\u00a0 y criterios definidos por la SMA para planificar y ejecutar una actividades de fiscalizaci\u00f3n ambiental, incluido los fundamentos para la elaboraci\u00f3n del reporte t\u00e9cnico, as\u00ed como otras materias.<\/div>\n<div><\/div>\n<div>\n<div>\n<div>En esta primera instancia, tendr\u00e1n acceso al curso todos quienes est\u00e9n registrados con cuentas activas en el sistema SMA-OS, asegurando abordar el universo de profesionales que efectivamente ejecutan labores de fiscalizaci\u00f3n encomendadas por la SMA.<\/div>\n<\/div>\n<div><\/div>\n<\/div>\n<\/div><div class=\"fusion-clearfix\"><\/div>\n\n\t\t\t\t\t<\/div>\n\t\t\t\t<\/div><\/div><\/div>\n","protected":false},"excerpt":{"rendered":"","protected":false},"author":2,"featured_media":15219,"comment_status":"open","ping_status":"open","sticky":false,"template":"","format":"standard","meta":{"footnotes":""},"categories":[42],"tags":[],"_links":{"self":[{"href":"https:\/\/renfa.sma.gob.cl\/index.php\/wp-json\/wp\/v2\/posts\/15216"}],"collection":[{"href":"https:\/\/renfa.sma.gob.cl\/index.php\/wp-json\/wp\/v2\/posts"}],"about":[{"href":"https:\/\/renfa.sma.gob.cl\/index.php\/wp-json\/wp\/v2\/types\/post"}],"author":[{"embeddable":true,"href":"https:\/\/renfa.sma.gob.cl\/index.php\/wp-json\/wp\/v2\/users\/2"}],"replies":[{"embeddable":true,"href":"https:\/\/renfa.sma.gob.cl\/index.php\/wp-json\/wp\/v2\/comments?post=15216"}],"version-history":[{"count":2,"href":"https:\/\/renfa.sma.gob.cl\/index.php\/wp-json\/wp\/v2\/posts\/15216\/revisions"}],"predecessor-version":[{"id":15220,"href":"https:\/\/renfa.sma.gob.cl\/index.php\/wp-json\/wp\/v2\/posts\/15216\/revisions\/15220"}],"wp:featuredmedia":[{"embeddable":true,"href":"https:\/\/renfa.sma.gob.cl\/index.php\/wp-json\/wp\/v2\/media\/15219"}],"wp:attachment":[{"href":"https:\/\/renfa.sma.gob.cl\/index.php\/wp-json\/wp\/v2\/media?parent=15216"}],"wp:term":[{"taxonomy":"category","embeddable":true,"href":"https:\/\/renfa.sma.gob.cl\/index.php\/wp-json\/wp\/v2\/categories?post=15216"},{"taxonomy":"post_tag","embeddable":true,"href":"https:\/\/renfa.sma.gob.cl\/index.php\/wp-json\/wp\/v2\/tags?post=15216"}],"curies":[{"name":"wp","href":"https:\/\/api.w.org\/{rel}","templated":true}]}}